{"id":85933,"date":"2025-09-03T18:40:09","date_gmt":"2025-09-03T18:40:09","guid":{"rendered":"https:\/\/www.europesays.com\/it\/85933\/"},"modified":"2025-09-03T18:40:09","modified_gmt":"2025-09-03T18:40:09","slug":"portogallo-deraglia-celebre-funicolare-di-lisbona-morti-e-feriti","status":"publish","type":"post","link":"https:\/\/www.europesays.com\/it\/85933\/","title":{"rendered":"Portogallo, deraglia celebre funicolare di Lisbona: morti e feriti"},"content":{"rendered":"<p>    di<br \/>\n    Redazione Online<\/p>\n<p class=\"summary-art is-line-h-12\">Al momento si contano una ventina di persone rimaste ferite<\/p>\n<p class=\"chapter-paragraph\">Grave incidente a Lisbona. La celebre funicolare portoghese &#8220;Gloria&#8221; \u00e8 deragliata e si \u00e8 schiantata contro un edificio. A quanto riferisce il quotidiano Diario de Noticias, <b>almeno tre persone sono morte e 25 sono rimaste ferite.<\/b> Nove sono in condizioni critiche. Una foto scattata sul posto mostra la funicolare, simile a un tram, che trasportava le persone su una collina nella capitale portoghese, <b>praticamente distrutta.<\/b> Diverse persone sono rimaste intrappolate nel mezzo.\u00a0 L&#8217;Elevador da Gloria, in grado di trasportare fino a 42 persone, \u00e8 uno dei simboli della citt\u00e0 ed \u00e8 molto popolare tra i turisti.<\/p>\n<p class=\"chapter-paragraph\">\u00abQuello che possiamo dire al momento \u00e8 che ci sono diversi feriti. Non siamo a conoscenza di alcun decesso, <b>ma siamo appena arrivati sul posto\u00bb<\/b>, ha detto Paulo Sousa, capo squadra dei vigili del fuoco di Lisbona, all&#8217;agenzia di stampa Reuters. I vigili del fuoco di Lisbona hanno inviato 8 mezzi e 34 persone nella zona in cui \u00e8 deragliata la funicolare.\u00a0    &#13;<br \/>\n&#13;<br \/>\n&#13;<br \/>\n&#13;<br \/>\n&#13;<br \/>\n&#13;<br \/>\n&#13;<br \/>\n&#13;<br \/>\n&#13;<br \/>\n&#13;<br \/>\n&#13;<br \/>\n&#13;<br \/>\n&#13;<br \/>\n&#13;<br \/>\n&#13;<br \/>\n&#13;<br \/>\n&#13;<br \/>\n&#13;<br \/>\n&#13;<br \/>\n&#13;<br \/>\n&#13;<br \/>\n&#13;<br \/>\n&#13;<br \/>\n&#13;<br \/>\n&#13;<br \/>\n&#13;<br \/>\n&#13;<br \/>\n&#13;<br \/>\n&#13;<br \/>\n&#13;<br \/>\n&#13;<br \/>\n&#13;<br \/>\n&#13;<br \/>\n&#13;<br \/>\n&#13;<br \/>\n&#13;<br \/>\n&#13;<br \/>\n&#13;<br \/>\n&#13;<br \/>\n&#13;<br \/>\n&#13;<br \/>\n&#13;<br \/>\n&#13;<br \/>\n&#13;<br \/>\n&#13;<br \/>\n&#13;<br \/>\n&#13;<br \/>\n&#13;<br \/>\n&#13;<br \/>\n&#13;<br \/>\n&#13;<br \/>\n&#13;<br \/>\n&#13;\n<\/p>\n<p class=\"is-last-update\" datetime=\"2025-09-03T20:32:22+02:00\">3 settembre 2025 ( modifica il 3 settembre 2025 | 20:32)<\/p>\n<p class=\"is-copyright\">\n            \u00a9 RIPRODUZIONE RISERVATA\n        <\/p>\n","protected":false},"excerpt":{"rendered":"di Redazione Online Al momento si contano una ventina di persone rimaste ferite Grave incidente a Lisbona. La&hellip;\n","protected":false},"author":3,"featured_media":85934,"comment_status":"","ping_status":"","sticky":false,"template":"","format":"standard","meta":{"footnotes":"","_share_on_mastodon":"0"},"categories":[160],"tags":[6749,62988,14,164,165,62989,4546,826,62987,783,62990,21098,166,7,15,4573,11,167,12,168,161,162,163],"class_list":["post-85933","post","type-post","status-publish","format-standard","has-post-thumbnail","category-mondo","tag-celebre","tag-celebre-funicolare","tag-cronaca","tag-dal-mondo","tag-dalmondo","tag-deragliata","tag-ferite","tag-feriti","tag-funicolare","tag-fuoco","tag-fuoco-lisbona","tag-lisbona","tag-mondo","tag-news","tag-notizie","tag-rimaste","tag-ultime-notizie","tag-ultime-notizie-di-mondo","tag-ultimenotizie","tag-ultimenotiziedimondo","tag-world","tag-world-news","tag-worldnews"],"share_on_mastodon":{"url":"","error":""},"_links":{"self":[{"href":"https:\/\/www.europesays.com\/it\/wp-json\/wp\/v2\/posts\/85933","targetHints":{"allow":["GET"]}}],"collection":[{"href":"https:\/\/www.europesays.com\/it\/wp-json\/wp\/v2\/posts"}],"about":[{"href":"https:\/\/www.europesays.com\/it\/wp-json\/wp\/v2\/types\/post"}],"author":[{"embeddable":true,"href":"https:\/\/www.europesays.com\/it\/wp-json\/wp\/v2\/users\/3"}],"replies":[{"embeddable":true,"href":"https:\/\/www.europesays.com\/it\/wp-json\/wp\/v2\/comments?post=85933"}],"version-history":[{"count":0,"href":"https:\/\/www.europesays.com\/it\/wp-json\/wp\/v2\/posts\/85933\/revisions"}],"wp:featuredmedia":[{"embeddable":true,"href":"https:\/\/www.europesays.com\/it\/wp-json\/wp\/v2\/media\/85934"}],"wp:attachment":[{"href":"https:\/\/www.europesays.com\/it\/wp-json\/wp\/v2\/media?parent=85933"}],"wp:term":[{"taxonomy":"category","embeddable":true,"href":"https:\/\/www.europesays.com\/it\/wp-json\/wp\/v2\/categories?post=85933"},{"taxonomy":"post_tag","embeddable":true,"href":"https:\/\/www.europesays.com\/it\/wp-json\/wp\/v2\/tags?post=85933"}],"curies":[{"name":"wp","href":"https:\/\/api.w.org\/{rel}","templated":true}]}}