{"id":86886,"date":"2025-09-04T06:10:09","date_gmt":"2025-09-04T06:10:09","guid":{"rendered":"https:\/\/www.europesays.com\/it\/86886\/"},"modified":"2025-09-04T06:10:09","modified_gmt":"2025-09-04T06:10:09","slug":"zazzaroni-annuncia-il-libro-di-acerbi-e-ironizza-ora-mi-diranno-che","status":"publish","type":"post","link":"https:\/\/www.europesays.com\/it\/86886\/","title":{"rendered":"Zazzaroni annuncia il libro di Acerbi e ironizza: &#8220;Ora mi diranno che&#8230;&#8221;"},"content":{"rendered":"<p>Il post ironico sui social <\/p>\n<p><strong>Francesco Acerbi<\/strong> ha deciso di affidare la sua storia personale e calcistica alle pagine di un libro. Il difensore dell&#8217;<strong>Inter<\/strong> ne ha annunciato l&#8217;uscita oggi. Queste le date da ricordare: il 16 settembre l&#8217;autobiografia arriver\u00e0 in tutte le librerie e il 22 settembre il giocatore presenter\u00e0 la sua fatica &#8220;letteraria&#8221; nella Libreria Rizzoli di Milano.<\/p>\n<p>C&#8217;\u00e8 naturalmente grande curiosit\u00e0 nei tifosi nerazzurri per ci\u00f2 che Acerbi racconter\u00e0 in questo libro, che vede coinvolto anche Ivan Zazzaroni. Il direttore del Corriere dello Sport ha annunciato con un post l&#8217;apporto dato al lavoro di Francesco: <strong><a href=\"https:\/\/www.golssip.it\/gossip\/calcio\/zazzaroni-annuncia-libro-acerbi-scritto-prefazione-e-ora-mi-verra-detto-che\/\" rel=\"nofollow noopener\" target=\"_blank\">LEGGI L&#8217;ARTICOLO COMPLETO<\/a>.<\/strong> Zazzaroni ha concluso ironizzando sulla reazione che si aspetta da follower e tifosi.<\/p>\n<p class=\"is-copyright\">\u00a9 RIPRODUZIONE RISERVATA<\/p>\n","protected":false},"excerpt":{"rendered":"Il post ironico sui social Francesco Acerbi ha deciso di affidare la sua storia personale e calcistica alle&hellip;\n","protected":false},"author":3,"featured_media":86887,"comment_status":"","ping_status":"","sticky":false,"template":"","format":"standard","meta":{"footnotes":""},"categories":[1452],"tags":[33592,118,721,1740,1250,63331,1537,90,89,1211,978,407,1739,245,244,14216],"class_list":{"0":"post-86886","1":"post","2":"type-post","3":"status-publish","4":"format-standard","5":"has-post-thumbnail","7":"category-calcio","8":"tag-acerbi","9":"tag-annunciato","10":"tag-calcio","11":"tag-football","12":"tag-francesco","13":"tag-francesco-acerbi","14":"tag-it","15":"tag-italia","16":"tag-italy","17":"tag-libro","18":"tag-post","19":"tag-settembre","20":"tag-soccer","21":"tag-sport","22":"tag-sports","23":"tag-zazzaroni"},"share_on_mastodon":{"url":"","error":""},"_links":{"self":[{"href":"https:\/\/www.europesays.com\/it\/wp-json\/wp\/v2\/posts\/86886","targetHints":{"allow":["GET"]}}],"collection":[{"href":"https:\/\/www.europesays.com\/it\/wp-json\/wp\/v2\/posts"}],"about":[{"href":"https:\/\/www.europesays.com\/it\/wp-json\/wp\/v2\/types\/post"}],"author":[{"embeddable":true,"href":"https:\/\/www.europesays.com\/it\/wp-json\/wp\/v2\/users\/3"}],"replies":[{"embeddable":true,"href":"https:\/\/www.europesays.com\/it\/wp-json\/wp\/v2\/comments?post=86886"}],"version-history":[{"count":0,"href":"https:\/\/www.europesays.com\/it\/wp-json\/wp\/v2\/posts\/86886\/revisions"}],"wp:featuredmedia":[{"embeddable":true,"href":"https:\/\/www.europesays.com\/it\/wp-json\/wp\/v2\/media\/86887"}],"wp:attachment":[{"href":"https:\/\/www.europesays.com\/it\/wp-json\/wp\/v2\/media?parent=86886"}],"wp:term":[{"taxonomy":"category","embeddable":true,"href":"https:\/\/www.europesays.com\/it\/wp-json\/wp\/v2\/categories?post=86886"},{"taxonomy":"post_tag","embeddable":true,"href":"https:\/\/www.europesays.com\/it\/wp-json\/wp\/v2\/tags?post=86886"}],"curies":[{"name":"wp","href":"https:\/\/api.w.org\/{rel}","templated":true}]}}