{"id":87051,"date":"2025-09-04T07:56:09","date_gmt":"2025-09-04T07:56:09","guid":{"rendered":"https:\/\/www.europesays.com\/it\/87051\/"},"modified":"2025-09-04T07:56:09","modified_gmt":"2025-09-04T07:56:09","slug":"f1-chi-ha-vinto-piu-volte-il-gp-a-monza","status":"publish","type":"post","link":"https:\/\/www.europesays.com\/it\/87051\/","title":{"rendered":"F1 chi ha vinto pi\u00f9 volte il GP a Monza"},"content":{"rendered":"<p class=\"paragraph\" spellcheck=\"true\">La Formula 1 si prepara a vivere l\u2019appuntamento pi\u00f9 atteso dagli italiani e sono solo: nel weekend l\u2019Autodromo di Monza ospiter\u00e0 il 76\u00b0 GP Italia nella storia della Formula 1, nel 2024 vinse il ferrarista Leclerc. I 20 piloti sfileranno sotto gli spalti colorati di rosso, nella speranza che la Ferrari faccia esultare i tifosi. In attesa di scoprire il vincitore 2025, vediamo chi \u00e8 salito sul gradino pi\u00f9 alto del podio di Monza in pi\u00f9 di un\u2019occasione. Considerando che c\u2019\u00e8 chi pu\u00f2 ancora migliorare il suo score\u2026<\/p>\n","protected":false},"excerpt":{"rendered":"La Formula 1 si prepara a vivere l\u2019appuntamento pi\u00f9 atteso dagli italiani e sono solo: nel weekend l\u2019Autodromo&hellip;\n","protected":false},"author":3,"featured_media":87052,"comment_status":"","ping_status":"","sticky":false,"template":"","format":"standard","meta":{"footnotes":""},"categories":[1454],"tags":[8911,4197,63537,2478,47000,23170,63538,4433,2304,3361,1953,631,12721,63539,3340,3343,63540,8909,63541,5115,7438,30236,1770,47002,7240,368,8303,63542,3341,683,1771,629,4794,63543,63544,3336,3371,3337,25090,6548,1537,90,1599,89,12034,63545,63546,62039,7754,53742,63547,26372,1772,1353,11121,21438,3333,3335,3351,56356,9270,46999,245,244,1857,1886,63534,4960,7415,63535,24132,2200,2224,24126,63536],"class_list":{"0":"post-87051","1":"post","2":"type-post","3":"status-publish","4":"format-standard","5":"has-post-thumbnail","7":"category-f1","8":"tag-alonso","9":"tag-alto","10":"tag-arnoux","11":"tag-arriva","12":"tag-ayrton","13":"tag-ayrton-senna","14":"tag-brabham","15":"tag-brasiliano","16":"tag-britannico","17":"tag-bull","18":"tag-campione","19":"tag-cinque","20":"tag-circuito","21":"tag-circuito-italiano","22":"tag-compagno","23":"tag-compagno-squadra","24":"tag-consecutive","25":"tag-costruttori","26":"tag-cosworth","27":"tag-diverse","28":"tag-doppietta","29":"tag-edizioni","30":"tag-f1","31":"tag-fangio","32":"tag-farina","33":"tag-ferrari","34":"tag-ford","35":"tag-ford-cosworth","36":"tag-formula","37":"tag-formula-1","38":"tag-formula1","39":"tag-gara","40":"tag-gradino","41":"tag-gradino-alto","42":"tag-gradino-podio","43":"tag-gran","44":"tag-gran-premio","45":"tag-hamilton","46":"tag-hill","47":"tag-honda","48":"tag-it","49":"tag-italia","50":"tag-italiano","51":"tag-italy","52":"tag-juan","53":"tag-juan-manuel","54":"tag-juan-manuel-fangio","55":"tag-lauda","56":"tag-leclerc","57":"tag-lotus","58":"tag-mansell","59":"tag-manuel","60":"tag-mercedes","61":"tag-mondiale","62":"tag-monza","63":"tag-occasioni","64":"tag-pilota","65":"tag-piloti","66":"tag-podio","67":"tag-schumacher","68":"tag-scuderia","69":"tag-senna","70":"tag-sport","71":"tag-sports","72":"tag-squadra","73":"tag-successo","74":"tag-successo-arriva","75":"tag-terzo","76":"tag-traguardo","77":"tag-trionfato","78":"tag-trionfo","79":"tag-vinto","80":"tag-vittoria","81":"tag-vittorie","82":"tag-vittorie-monza"},"share_on_mastodon":{"url":"","error":""},"_links":{"self":[{"href":"https:\/\/www.europesays.com\/it\/wp-json\/wp\/v2\/posts\/87051","targetHints":{"allow":["GET"]}}],"collection":[{"href":"https:\/\/www.europesays.com\/it\/wp-json\/wp\/v2\/posts"}],"about":[{"href":"https:\/\/www.europesays.com\/it\/wp-json\/wp\/v2\/types\/post"}],"author":[{"embeddable":true,"href":"https:\/\/www.europesays.com\/it\/wp-json\/wp\/v2\/users\/3"}],"replies":[{"embeddable":true,"href":"https:\/\/www.europesays.com\/it\/wp-json\/wp\/v2\/comments?post=87051"}],"version-history":[{"count":0,"href":"https:\/\/www.europesays.com\/it\/wp-json\/wp\/v2\/posts\/87051\/revisions"}],"wp:featuredmedia":[{"embeddable":true,"href":"https:\/\/www.europesays.com\/it\/wp-json\/wp\/v2\/media\/87052"}],"wp:attachment":[{"href":"https:\/\/www.europesays.com\/it\/wp-json\/wp\/v2\/media?parent=87051"}],"wp:term":[{"taxonomy":"category","embeddable":true,"href":"https:\/\/www.europesays.com\/it\/wp-json\/wp\/v2\/categories?post=87051"},{"taxonomy":"post_tag","embeddable":true,"href":"https:\/\/www.europesays.com\/it\/wp-json\/wp\/v2\/tags?post=87051"}],"curies":[{"name":"wp","href":"https:\/\/api.w.org\/{rel}","templated":true}]}}