{"id":87218,"date":"2025-09-04T09:35:09","date_gmt":"2025-09-04T09:35:09","guid":{"rendered":"https:\/\/www.europesays.com\/it\/87218\/"},"modified":"2025-09-04T09:35:09","modified_gmt":"2025-09-04T09:35:09","slug":"vaccini-intervallo-tra-le-dosi-determinante-per-contenere-le-epidemie","status":"publish","type":"post","link":"https:\/\/www.europesays.com\/it\/87218\/","title":{"rendered":"Vaccini, intervallo tra le dosi determinante per contenere le epidemie"},"content":{"rendered":"<p>&#13;<br \/>\n        &#13;<br \/>\n&#13;<br \/>\n        &#13;<br \/>\n&#13;<\/p>\n<p>            <a href=\"https:\/\/www.fnob.it\/wp-content\/uploads\/2021\/10\/vaccino.jpg\" data-caption=\"@Arturs Budkevics\/shutterstock.com_riproduzione riservata\" rel=\"nofollow noopener\" target=\"_blank\"><img loading=\"lazy\" decoding=\"async\" width=\"696\" height=\"464\" class=\"entry-thumb td-modal-image\" src=\"https:\/\/www.europesays.com\/it\/wp-content\/uploads\/2025\/09\/vaccino-696x464.jpg\"   alt=\"\" title=\"\"\/><\/a>@Arturs Budkevics\/shutterstock.com_riproduzione riservata            <\/p>\n<p>Roma, 4 settembre 2025 (Agenbio) \u2013 L\u2019intervallo tra la prima dose di vaccino e quella di richiamo \u00e8 un fattore determinante nel contenimento di un\u2019epidemia. In contesti di risorse limitate, la scelta della tempistica pu\u00f2 influenzare in modo decisivo l\u2019evoluzione del contagio. \u00c8 quanto emerge da uno <a href=\"https:\/\/journals.aps.org\/prresearch\/abstract\/10.1103\/cykd-2rjn\" rel=\"nofollow noopener\" target=\"_blank\">studio<\/a> condotto dal Cnr che ha utilizzato un approccio matematico per analizzare diversi scenari di distribuzione delle dosi e valutare l\u2019impatto delle diverse strategie a livello di popolazione. \u00abI risultati \u2013 spiega Francesca Colaiori, ricercatrice del Cnr-Isc \u2013 mostrano che, quando le risorse sono scarse e i tempi di attesa per le dosi sono lunghi, l\u2019approccio pi\u00f9 efficace \u00e8 dare priorit\u00e0 assoluta alla prima dose, cos\u00ec da aumentare rapidamente la copertura vaccinale iniziale. Al contrario, in presenza di un tasso di vaccinazione pi\u00f9 elevato e di una maggiore disponibilit\u00e0 di dosi, \u00e8 vantaggioso cominciare a somministrare anche seconde dosi mentre ancora una parte della popolazione \u00e8 in attesa della prima, con una priorit\u00e0 relativa che dipende dalle risorse disponibili\u00bb.<br \/>Lo studio, pubblicato sulla rivista Physical Review Research, identifica anche il punto in cui al variare delle risorse disponibili c\u2019\u00e8 la transizione tra i due regimi ottimali e diventa vantaggioso somministrare parallelamente le seconde dosi. \u00abUna corretta strategia ha l\u2019effetto di spostare la soglia epidemica e dunque in alcune circostanze pu\u00f2 perfino sopprimere del tutto epidemie che, con una pianificazione sub-ottimale, sarebbero invece esplose\u00bb, aggiunge Colaiori. Dallo studio emerge che, in caso di risorse limitate, l\u2019intervallo ottimale per l\u2019immunit\u00e0 del singolo individuo potrebbe non coincidere con quello pi\u00f9 vantaggioso a livello di popolazione. (Agenbio) Etr 11.00<\/p>\n<p>        &#13;<br \/>\n&#13;<br \/>\n&#13;<br \/>\n        &#13;<br \/>\n                        &#13;<br \/>\n            &#13;<br \/>\n&#13;<br \/>\n                        Articolo precedente<a href=\"https:\/\/www.fnob.it\/2025\/09\/04\/salute-maschile-i-cibi-ultra-processati-causano-problemi-di-infertilita-maschile\/\" rel=\"nofollow noopener\" target=\"_blank\">Salute maschile, i cibi ultra-processati causano problemi di infertilit\u00e0 maschile<\/a>            \t                &#13;<br \/>\n&#13;<\/p>\n","protected":false},"excerpt":{"rendered":"&#13; &#13; &#13; &#13; &#13; @Arturs Budkevics\/shutterstock.com_riproduzione riservata Roma, 4 settembre 2025 (Agenbio) \u2013 L\u2019intervallo tra la prima&hellip;\n","protected":false},"author":3,"featured_media":87219,"comment_status":"","ping_status":"","sticky":false,"template":"","format":"standard","meta":{"footnotes":""},"categories":[1512],"tags":[239,1537,90,89,240,2189,2188,2187],"class_list":{"0":"post-87218","1":"post","2":"type-post","3":"status-publish","4":"format-standard","5":"has-post-thumbnail","7":"category-vaccini","8":"tag-health","9":"tag-it","10":"tag-italia","11":"tag-italy","12":"tag-salute","13":"tag-vaccine","14":"tag-vaccines","15":"tag-vaccini"},"share_on_mastodon":{"url":"","error":""},"_links":{"self":[{"href":"https:\/\/www.europesays.com\/it\/wp-json\/wp\/v2\/posts\/87218","targetHints":{"allow":["GET"]}}],"collection":[{"href":"https:\/\/www.europesays.com\/it\/wp-json\/wp\/v2\/posts"}],"about":[{"href":"https:\/\/www.europesays.com\/it\/wp-json\/wp\/v2\/types\/post"}],"author":[{"embeddable":true,"href":"https:\/\/www.europesays.com\/it\/wp-json\/wp\/v2\/users\/3"}],"replies":[{"embeddable":true,"href":"https:\/\/www.europesays.com\/it\/wp-json\/wp\/v2\/comments?post=87218"}],"version-history":[{"count":0,"href":"https:\/\/www.europesays.com\/it\/wp-json\/wp\/v2\/posts\/87218\/revisions"}],"wp:featuredmedia":[{"embeddable":true,"href":"https:\/\/www.europesays.com\/it\/wp-json\/wp\/v2\/media\/87219"}],"wp:attachment":[{"href":"https:\/\/www.europesays.com\/it\/wp-json\/wp\/v2\/media?parent=87218"}],"wp:term":[{"taxonomy":"category","embeddable":true,"href":"https:\/\/www.europesays.com\/it\/wp-json\/wp\/v2\/categories?post=87218"},{"taxonomy":"post_tag","embeddable":true,"href":"https:\/\/www.europesays.com\/it\/wp-json\/wp\/v2\/tags?post=87218"}],"curies":[{"name":"wp","href":"https:\/\/api.w.org\/{rel}","templated":true}]}}