{"id":87230,"date":"2025-09-04T09:44:08","date_gmt":"2025-09-04T09:44:08","guid":{"rendered":"https:\/\/www.europesays.com\/it\/87230\/"},"modified":"2025-09-04T09:44:08","modified_gmt":"2025-09-04T09:44:08","slug":"jack-miller-correra-con-prima-pramac-yamaha-anche-nel-2026","status":"publish","type":"post","link":"https:\/\/www.europesays.com\/it\/87230\/","title":{"rendered":"Jack Miller correr\u00e0 con Prima Pramac Yamaha anche nel 2026"},"content":{"rendered":"<p>Il team Prima Pramac Yamaha MotoGP\u2122 annuncia il rinnovo del contratto fra Yamaha Motor Co. Ltd e Jack Miller come pilota ufficiale del marchio dei tre diapason per il 2026. Tornato proprio quest\u2019anno a vestire i colori Pramac Racing dopo averlo gi\u00e0 fatto dal 2018 al 2020, nel suo anno di debutto sulla M1 Miller ha contributo al lavoro di sviluppo della YZR-M1 e ottenuto come miglior risultato un quinto posto nel GP delle Americhe corso ad Austin. Nella pausa estiva della MotoGP\u2122 ha partecipato alla 8 Ore di Suzuka ottenendo un secondo posto con il team ufficiale Yamaha.\u00a0<\/p>\n<p>Con la firma si completa la formazione Prima Pramac Yamaha MotoGP per la prossima stagione. Accanto a Miller ci sar\u00e0 il due volte campione del mondo del WorldSBK Toprak Razgatlioglu, attualmente leader nella classifica delle derivate di serie.\u00a0<\/p>\n<p>Il team Prima Pramac Yamaha MotoGP ringrazia Miguel Oliveira per il contributo dato nel suo anno di debutto sulla M1 e augura al portoghese il meglio per le sue sfide future. Ha espresso professionalit\u00e0 e spirito di squadra, lavorando intensamente sul fronte dello sviluppo nonostante le difficolt\u00e0 rappresentate da un infortunio subito in Argentina, che l\u2019ha costretto a restare fuori per quattro GP e influenzato le sue attivit\u00e0.\u00a0<\/p>\n<p>\u201cSono davvero felice ed entusiasta di rimanere con Yamaha e col team Prima Pramac Yamaha MotoGP\u201d, \u00a0il commento di Miller. &#8220;Quest&#8217;anno il ritorno in Pramac Racing \u00e8 stato straordinario. Non vedo l&#8217;ora di lavorare sodo con Yamaha per contribuire allo sviluppo della moto e colmare il divario con gli altri marchi. Credo che il meglio debba ancora venire. Un enorme grazie a Yamaha, a Pramac Racing e ai due Paolo, Pavesio e Campinoti, per la loro continua fiducia nel mio contributo al progetto&#8221;.<\/p>\n<p>&#8220;L&#8217;energia, la vasta esperienza e la comprovata adattabilit\u00e0 di Jack su diverse moto lo hanno reso un membro prezioso del nostro team e perfetto per il nostro progetto&#8221;, valuta Paolo Pavesio, managing director di Yamaha Motor Racing. &#8220;In una stagione caratterizzata da rapida evoluzione e innovazione, la positivit\u00e0, la mentalit\u00e0 proattiva e la presenza costantemente incoraggiante di Jack sono state una forza trainante all&#8217;interno di Yamaha e del team Pramac. Con un anno intero di esperienza sulla Yamaha, queste qualit\u00e0 saranno una risorsa straordinaria in vista della stagione 2026. Allo stesso tempo questo annuncio suscita emozioni contrastanti, poich\u00e9 segna anche l&#8217;imminente partenza di Miguel. Purtroppo la sua stagione \u00e8 stata influenzata dall&#8217;infortunio subito in Argentina, ma il suo impegno per tornare in sella, la sua dedizione al progetto e la sua professionalit\u00e0 sono stati esemplari. Attendiamo con impazienza le restanti gare del 2025 e rimaniamo pienamente impegnati per sostenerlo nella restante parte della stagione MotoGP&#8221;.<\/p>\n<p>\u201cNutro grande affetto per Jack, non \u00e8 un segreto\u201d, le parole del team principal Paolo Campinoti. \u201cIn passato ha vissuto una tappa importante della sua crescita professionale con Pramac Racing. Il suo ritorno, questa stagione, \u00e8 stato accolto con grande gioia da tutto il team. Al di l\u00e0 dell&#8217;aspetto umano, il contributo di Jack \u00e8 stato fondamentale per supportare Yamaha nello sviluppo della YZR-M1. La sua conferma come pilota ufficiale Yamaha con Prima Pramac per il 2026 \u00e8 importante e preziosa. Gestire una squadra a volte richiede scelte difficili e, a questo proposito, voglio sinceramente ringraziare Miguel per l&#8217;impegno e la professionalit\u00e0 che ha dimostrato in questi mesi, oltre che per l\u2019immediatezza con cui si \u00e8 integrato nel nostro team. \u00c8 stato un piacere averlo a bordo e scoprire non solo un grande professionista, ma anche una grande persona\u201d.<\/p>\n<p>\u201cJack continuer\u00e0 con noi nella prossima stagione e ne sono molto contento\u201d, afferma il team director Gino Borsoi. \u201cDopo questi mesi insieme ci conosciamo meglio e abbiamo capito di cosa ha bisogno. Sono convinto che potremo continuare a fare progressi. Due anni sono il tempo giusto per mettere a punto tutti gli ingranaggi coinvolti. Stiamo gi\u00e0 lavorando per prepararci al meglio al 2026. Allo stesso tempo, voglio ringraziare Miguel per l&#8217;ottimo lavoro svolto durante questa stagione. Mi dispiace che l&#8217;infortunio subito all&#8217;inizio del campionato non gli abbia dato la possibilit\u00e0 di mostrare il suo grande talento. Spero che, grazie al lavoro di sviluppo che stiamo continuando a svolgere, nelle prossima gare possa ottenere risultati che riflettano il suo vero valore&#8221;.<\/p>\n<p>\u00a0<\/p>\n<p>\u00a0<\/p>\n<p>\u00a0<\/p>\n<p>\u00a0<\/p>\n<p>\u00a0<\/p>\n<p>\u00a0<\/p>\n","protected":false},"excerpt":{"rendered":"Il team Prima Pramac Yamaha MotoGP\u2122 annuncia il rinnovo del contratto fra Yamaha Motor Co. Ltd e Jack&hellip;\n","protected":false},"author":3,"featured_media":87231,"comment_status":"","ping_status":"","sticky":false,"template":"","format":"standard","meta":{"footnotes":""},"categories":[1455],"tags":[1537,90,89,1783,1784,245,244,47303],"class_list":{"0":"post-87230","1":"post","2":"type-post","3":"status-publish","4":"format-standard","5":"has-post-thumbnail","7":"category-moto","8":"tag-it","9":"tag-italia","10":"tag-italy","11":"tag-moto","12":"tag-motorcycle","13":"tag-sport","14":"tag-sports","15":"tag-text"},"share_on_mastodon":{"url":"","error":""},"_links":{"self":[{"href":"https:\/\/www.europesays.com\/it\/wp-json\/wp\/v2\/posts\/87230","targetHints":{"allow":["GET"]}}],"collection":[{"href":"https:\/\/www.europesays.com\/it\/wp-json\/wp\/v2\/posts"}],"about":[{"href":"https:\/\/www.europesays.com\/it\/wp-json\/wp\/v2\/types\/post"}],"author":[{"embeddable":true,"href":"https:\/\/www.europesays.com\/it\/wp-json\/wp\/v2\/users\/3"}],"replies":[{"embeddable":true,"href":"https:\/\/www.europesays.com\/it\/wp-json\/wp\/v2\/comments?post=87230"}],"version-history":[{"count":0,"href":"https:\/\/www.europesays.com\/it\/wp-json\/wp\/v2\/posts\/87230\/revisions"}],"wp:featuredmedia":[{"embeddable":true,"href":"https:\/\/www.europesays.com\/it\/wp-json\/wp\/v2\/media\/87231"}],"wp:attachment":[{"href":"https:\/\/www.europesays.com\/it\/wp-json\/wp\/v2\/media?parent=87230"}],"wp:term":[{"taxonomy":"category","embeddable":true,"href":"https:\/\/www.europesays.com\/it\/wp-json\/wp\/v2\/categories?post=87230"},{"taxonomy":"post_tag","embeddable":true,"href":"https:\/\/www.europesays.com\/it\/wp-json\/wp\/v2\/tags?post=87230"}],"curies":[{"name":"wp","href":"https:\/\/api.w.org\/{rel}","templated":true}]}}