{"id":87526,"date":"2025-09-04T12:43:10","date_gmt":"2025-09-04T12:43:10","guid":{"rendered":"https:\/\/www.europesays.com\/it\/87526\/"},"modified":"2025-09-04T12:43:10","modified_gmt":"2025-09-04T12:43:10","slug":"flotilla-meloni-risponde-a-schlein-per-portare-aiuti-esistono-altri-canali-con-meno-rischi-e-oneri-il-pd-evasiva-e-tajani-garantiremo-assistenza-agli-italiani","status":"publish","type":"post","link":"https:\/\/www.europesays.com\/it\/87526\/","title":{"rendered":"Flotilla, Meloni risponde a Schlein: \u00abPer portare aiuti esistono altri canali, con meno rischi e oneri\u00bb. Il Pd: evasiva. E Tajani: \u00abGarantiremo assistenza agli italiani\u00bb"},"content":{"rendered":"<p>    di<br \/>\n    Redazione Online<\/p>\n<p class=\"summary-art is-line-h-12\">La premier risponde alla lettera con cui la segretaria del Pd chiedeva al governo di tutelare i partecipanti della missione per portare aiuti a Gaza con decine di imbarcazioni.  Il ministro degli Esteri: supporto diplomatico ai connazionali \u00e8 scontato<\/p>\n<p class=\"chapter-paragraph\">\u00abGentile Onorevole, facendo riferimento alla Sua lettera, con la quale chiede di essere informata su quanto il Governo italiano intende fare per garantire tutela e sicurezza, in caso di necessit\u00e0, per tutto l\u2019equipaggio dell\u2019iniziativa internazionale denominata \u201cGlobal Sumud Flotilla\u201d, con la quale 40 imbarcazioni intendono consegnare aiuti umanitari alla popolazione di Gaza, si rappresenta quanto segue\u00bb.<\/p>\n<p class=\"chapter-paragraph\">Inizia cos\u00ec &#8211; con un tono estremamente formale &#8211; la lettera di <a href=\"https:\/\/roma.corriere.it\/notizie\/politica\/25_settembre_03\/global-sumud-flotilla-4-parlamentari-italiani-a-bordo-70334503-8637-4fe3-90b3-3118fa074xlk.shtml\" rel=\"nofollow noopener\" target=\"_blank\">risposta inviata oggi dalla premier Giorgia Meloni alla segretaria del Pd, Elly Schlein.<\/a> Una lettera che rappresenta la replica a quella con cui la leader dem chiedeva ieri al governo di esprimere l&#8217;intenzione di proteggere i connazionali che saranno a bordo delle navi della Flotilla che prover\u00e0 a portare aiuti umanitari nella Striscia di Gaza, nonostante il divieto da parte di Israele.\u00a0    &#13;<br \/>\n&#13;<br \/>\n&#13;<br \/>\n&#13;<br \/>\n&#13;<br \/>\n&#13;<br \/>\n&#13;<br \/>\n&#13;<br \/>\n&#13;<br \/>\n&#13;<br \/>\n&#13;<br \/>\n&#13;<br \/>\n&#13;<br \/>\n&#13;<br \/>\n&#13;<br \/>\n&#13;<br \/>\n&#13;<br \/>\n&#13;<br \/>\n&#13;<br \/>\n&#13;<br \/>\n&#13;<br \/>\n&#13;<br \/>\n&#13;<br \/>\n&#13;<br \/>\n&#13;<br \/>\n&#13;<br \/>\n&#13;<br \/>\n&#13;<br \/>\n&#13;<br \/>\n&#13;<br \/>\n&#13;<br \/>\n&#13;<br \/>\n&#13;<br \/>\n&#13;<br \/>\n&#13;<br \/>\n&#13;<br \/>\n&#13;<br \/>\n&#13;<br \/>\n&#13;<br \/>\n&#13;<br \/>\n&#13;<br \/>\n&#13;<br \/>\n&#13;<br \/>\n&#13;<br \/>\n&#13;<br \/>\n&#13;<br \/>\n&#13;<br \/>\n&#13;<br \/>\n&#13;<br \/>\n&#13;<br \/>\n&#13;<br \/>\n&#13;<br \/>\n&#13;\n<\/p>\n<p class=\"chapter-paragraph\"><b>Il governo guidato da Netanyahu ha infatti affermato che i partecipanti all&#8217;iniziativa verranno considerati come terroristi.<\/b><\/p>\n<p class=\"chapter-paragraph\">Nella replica, <b>Meloni da un lato esprime una critica nel merito dell&#8217;iniziativa: inutile, spiega, provare a portare aiuti con questi canali,<\/b> quando ce ne sono di altri gi\u00e0 attivi, \u00abalternativi e pi\u00f9 efficaci\u00bb:\u00a0\u00abMi permetto di segnalare i canali finora attivati dal Governo italiano, che, come \u00e8 noto, svolge un ruolo di primo piano nel prestare<b> assistenza alla popolazione civile attraverso l\u2019iniziativa umanitaria \u201cFood for Gaza\u201d,<\/b> con cui \u00e8 stato possibile distribuire oltre 200 tonnellate di generi di prima necessit\u00e0, aiuti alimentari e sanitari, toccando anche le aree pi\u00f9 isolate e difficilmente raggiungibili della Striscia\u00bb.<\/p>\n<p>APPROFONDISCI CON IL PODCAST<\/p>\n<p class=\"chapter-paragraph\">Una rivendicazione, quella della premier, che si accompagna a una considerazione di tipo diverso: \u00abAvvalersi dei canali umanitari gi\u00e0 attivi, non solo da parte del Governo italiano,<a href=\"https:\/\/roma.corriere.it\/notizie\/politica\/25_settembre_03\/global-sumud-flotilla-4-parlamentari-italiani-a-bordo-70334503-8637-4fe3-90b3-3118fa074xlk.shtml\" rel=\"nofollow noopener\" target=\"_blank\"> eviterebbe di esporre i partecipanti all\u2019iniziativa \u201cGlobal Sumud Flotilla\u201d ai rischi derivanti dal recarsi in una zona di crisi<\/a> e al conseguente onere a carico delle diverse Autorit\u00e0 statuali coinvolte di garantire tutela e sicurezza\u00bb.<\/p>\n<p class=\"chapter-paragraph\">In altre parole: recandosi in quelle zone, nonostante l&#8217;esplicita contrariet\u00e0 di Israele, rappresenta indubbiamente &#8211; per Meloni &#8211;<b> un rischio per i partecipanti,<\/b> ma anche &#8211; in potenza &#8211; un\u00a0\u00abonere\u00bb per lo Stato, che dovr\u00e0 farsi carico della protezione degli italiani presenti nella missione.<\/p>\n<p class=\"chapter-paragraph\">Onere che Meloni intende comunque assicurare: \u00abIn ogni caso, preso atto che l\u2019iniziativa possa avere anche una finalit\u00e0 di natura simbolica o politica, e che quindi si intende portare avanti a prescindere da quanto sopra esposto, il Governo italiano assicura che saranno adottate tutte le misure di tutela e di sicurezza dei connazionali all\u2019estero in situazioni analoghe, come sempre garantito finora\u00bb.<\/p>\n<p class=\"chapter-paragraph\"><b>A stretto giro arriva la controreplica del Pd:<\/b> \u00abLa risposta della premier ci sembra una risposta vaga ed evasiva. Vogliamo ricordare a Giorgia Meloni che il fine della missione di Global Sumud Flotilla non \u00e8 certamente simbolico &#8211; <b>scrivono i capigruppo Pd al Senato e alla Camera, Francesco Boccia e Chiara Braga, e il capo delegazione del Pd a Bruxelles, Nicola Zingaretti<\/b> -: si tratta di tonnellate di cibo da portare a Gaza che porteranno un sollievo a quelle popolazioni martoriate\u00bb. E poi: \u00abSottolineiamo che non si tratta di una iniziativa politica ma umanitaria, perch\u00e9 Flotilla cerca di fare quello che dovrebbero fare i governi europei e che invece non fanno. Per questo ribadiamo la richiesta che il governo italiano garantisca sicurezza e tutela a una missione che vede a bordo anche parlamentari italiani\u00bb.<\/p>\n<p class=\"chapter-paragraph\"><b>Ma il ministro degli Esteri Antonio Tajani precisa:<\/b> \u00ab\u00c8 scontato. Garantiremo assistenza diplomatica e consolare\u00bb per i partecipanti alla missione di Flottilla. \u00abL&#8217;abbiamo gi\u00e0 fatto per altri italiani che erano stati fermati in Israele per iniziative analoghe, che erano stati espulsi da Israele e noi abbiamo facilitato l&#8217;accompagnamento in aeroporto, e sono stati assistiti dai nostri rappresentanti del Consolato di Tel Aviv, del Consolato di Gerusalemme e dell&#8217;Ambasciata di Tel Aviv in tutti i modi possibili\u00bb.<\/p>\n<p>        La newsletter Diario Politico<\/p>\n<p class=\"chapter-paragraph\">Se vuoi restare aggiornato sulle notizie di politica iscriviti alla newsletter &#8220;Diario Politico&#8221;. E&#8217; dedicata agli abbonati al Corriere della Sera e arriva due volte alla settimana alle 12. Basta cliccare <a style=\"text-decoration:underline;\" href=\"https:\/\/www.corriere.it\/newsletter\/?theme=51\" rel=\"nofollow noopener\" target=\"_blank\">qui<\/a>.<\/p>\n<p class=\"is-last-update\" datetime=\"2025-09-04T13:08:55+02:00\">4 settembre 2025 ( modifica il 4 settembre 2025 | 13:08)<\/p>\n<p class=\"is-copyright\">\n            \u00a9 RIPRODUZIONE RISERVATA\n        <\/p>\n","protected":false},"excerpt":{"rendered":"di Redazione Online La premier risponde alla lettera con cui la segretaria del Pd chiedeva al governo di&hellip;\n","protected":false},"author":3,"featured_media":87527,"comment_status":"","ping_status":"","sticky":false,"template":"","format":"standard","meta":{"footnotes":"","_share_on_mastodon":"0"},"categories":[6],"tags":[761,798,63772,8152,2135,872,8650,1500,17722,63336,63769,63773,14,768,63774,598,13989,5970,63775,63776,63777,73,9728,59366,59367,8,6402,30035,72,1537,90,627,1599,89,2698,58,1351,7,15,82,9,83,10,63770,27259,490,3492,36598,115,15966,4172,863,59360,62554,13,7911,63771,11,80,84,12,81,85,801],"class_list":["post-87526","post","type-post","status-publish","format-standard","has-post-thumbnail","category-ultime-notizie","tag-aiuti","tag-aiuti-umanitari","tag-analoghe","tag-assistenza","tag-attivi","tag-aviv","tag-bordo","tag-canali","tag-carico","tag-chiedeva","tag-connazionali","tag-consolato","tag-cronaca","tag-esteri","tag-evasiva","tag-finora","tag-flotilla","tag-garantire","tag-garantire-tutela","tag-garantire-tutela-sicurezza","tag-garantiremo","tag-gaza","tag-global","tag-global-sumud","tag-global-sumud-flotilla","tag-headlines","tag-iniziativa","tag-intende","tag-israele","tag-it","tag-italia","tag-italiani","tag-italiano","tag-italy","tag-lettera","tag-meloni","tag-missione","tag-news","tag-notizie","tag-notizie-di-cronaca","tag-notizie-principali","tag-notiziedicronaca","tag-notizieprincipali","tag-onere","tag-partecipanti","tag-pd","tag-portare","tag-portare-aiuti","tag-premier","tag-rappresenta","tag-risposta","tag-sicurezza","tag-sumud","tag-sumud-flotilla","tag-titoli","tag-tutela","tag-tutela-sicurezza","tag-ultime-notizie","tag-ultime-notizie-di-cronaca","tag-ultime-notizie-e-news-di-oggi","tag-ultimenotizie","tag-ultimenotiziedicronaca","tag-ultimenotizieenewsdioggi","tag-umanitari"],"share_on_mastodon":{"url":"","error":""},"_links":{"self":[{"href":"https:\/\/www.europesays.com\/it\/wp-json\/wp\/v2\/posts\/87526","targetHints":{"allow":["GET"]}}],"collection":[{"href":"https:\/\/www.europesays.com\/it\/wp-json\/wp\/v2\/posts"}],"about":[{"href":"https:\/\/www.europesays.com\/it\/wp-json\/wp\/v2\/types\/post"}],"author":[{"embeddable":true,"href":"https:\/\/www.europesays.com\/it\/wp-json\/wp\/v2\/users\/3"}],"replies":[{"embeddable":true,"href":"https:\/\/www.europesays.com\/it\/wp-json\/wp\/v2\/comments?post=87526"}],"version-history":[{"count":0,"href":"https:\/\/www.europesays.com\/it\/wp-json\/wp\/v2\/posts\/87526\/revisions"}],"wp:featuredmedia":[{"embeddable":true,"href":"https:\/\/www.europesays.com\/it\/wp-json\/wp\/v2\/media\/87527"}],"wp:attachment":[{"href":"https:\/\/www.europesays.com\/it\/wp-json\/wp\/v2\/media?parent=87526"}],"wp:term":[{"taxonomy":"category","embeddable":true,"href":"https:\/\/www.europesays.com\/it\/wp-json\/wp\/v2\/categories?post=87526"},{"taxonomy":"post_tag","embeddable":true,"href":"https:\/\/www.europesays.com\/it\/wp-json\/wp\/v2\/tags?post=87526"}],"curies":[{"name":"wp","href":"https:\/\/api.w.org\/{rel}","templated":true}]}}