{"id":88021,"date":"2025-09-04T17:59:16","date_gmt":"2025-09-04T17:59:16","guid":{"rendered":"https:\/\/www.europesays.com\/it\/88021\/"},"modified":"2025-09-04T17:59:16","modified_gmt":"2025-09-04T17:59:16","slug":"lanciata-la-terza-edizione-del-festival-della-lettura-di-cascina","status":"publish","type":"post","link":"https:\/\/www.europesays.com\/it\/88021\/","title":{"rendered":"Lanciata la terza edizione del Festival della lettura di Cascina"},"content":{"rendered":"<p>Giunge alla terza edizione &#8216;Libri lungo le mura &#8211; Festival della lettura Citt\u00e0 di Cascina&#8217;, istituito dall\u2019amministrazione comunale di Cascina e che porter\u00e0 in citt\u00e0 tantissimi appuntamenti dalla prossima settimana fino a dicembre.\u00a0<\/p>\n<p>&#8220;Questa serie di incontri &#8211; ha detto il sindaco Michelangelo Betti &#8211; dimostra che l\u2019amministrazione lavora per avere un\u2019offerta culturale sui 12 mesi: non ci si ferma all\u2019estate, ma si va avanti fino a inizio dicembre. Con questo calendario si attraversa tutto l\u2019autunno, con nomi molto vari e differenziati per incontrare i gusti di tutti. Importante anche la collaborazione con Ecofor, perch\u00e9 ci consente di avere eventi che hanno la necessit\u00e0 di essere ospitati nella sala grande della Citt\u00e0 del Teatro. Rispetto alla prima edizione, in cui gli spazi erano giocati su una capienza pi\u00f9 ridotta, ora si approda anche nella sala da 700 posti, con un ruolo che va anche oltre i confini comunali&#8221;.<\/p>\n<p>A entrare nel dettaglio di &#8216;Libri lungo le mura&#8217; \u00e8 stata l\u2019assessore alla cultura Bice Del Giudice: &#8220;Il nostro festival della lettura giunge quest\u2019anno alla terza edizione ed \u00e8 una rassegna culturale che vede i libri al centro della scena. Libri che diventano occasione di approfondimento di tematiche di attualit\u00e0, di rilevanza sociale, di interesse generale e collettivo, che vengono affrontate partendo, e questo \u00e8 il filo conduttore, dall\u2019incontro con autori e da libri che aprono al confronto su tematiche di pi\u00f9 ampio genere. Al centro della rassegna ci sono autori che abbiamo scelto tra i rappresentanti di rilevanza nazionale del panorama culturale: ci saranno Walter Veltroni, Erri De Luca, Matteo Saudino, Marco Damilano, Luigi De Magistris, Antonio Franchini, insieme ad autori locali che partendo da Cascina hanno portato il nome della nostra citt\u00e0 nel gotha della cultura di rilevanza nazionale&#8221;.<\/p>\n<p><a href=\"https:\/\/www.whatsapp.com\/channel\/0029VaEXOu73gvWX7Qotm625\" target=\"_blank\" rel=\"nofollow noopener\"><strong>ISCRIVITI AL CANALE WHATSAPP DI PISATODAY<\/strong><\/a><\/p>\n<p>Tante e importanti le collaborazioni in atto, come Camera di Commercio, Terre di Pisa, Citt\u00e0 del Teatro e, come ricordava il sindaco, Ecofor Service. &#8220;Due degli Ecoincontri che Ecofor Service porta in giro nel territorio saranno ospitati a Cascina &#8211; ha aggiunto Bice Del Giudice &#8211; apriremo proprio l\u201911 settembre con Walter Veltroni, mentre l\u2019altro \u00e8 in programma l\u201911 ottobre con Marco Damilano. Non ci fermiamo qui, avremo anche Davide Riondino, Dario Vergassola, Fabrizio Cassanelli, Adriano Fabris, Vincenzo Ambriola, senza dimenticare la giornalista Silvia Volpi con la presentazione del suo libro \u2018Equilibriste\u2019 e Cristina Manetti con \u2018A Penelope che prende la valigia\u2019. Ricordo anche che tutti gli eventi sono ad ingresso gratuito e per alcuni abbiamo previsto un obbligo di prenotazione. Ringrazio l\u2019Ufficio Cultura che si \u00e8 fatto carico, oltre all\u2019organizzazione del calendario, anche della raccolta delle prenotazioni&#8221;.<\/p>\n<p>Ultima, ma non ultima, la collaborazione con la Fondazione Tuono Pettinato, cui l\u2019amministrazione comunale tiene particolarmente: l\u2019evento del 27 settembre sar\u00e0 dedicato al ricordo di Andrea Paggiaro, in arte Tuono Pettinato, che oltre ad essere tra i fumettisti pi\u00f9 importanti di sempre, ha sempre avuto un rapporto molto stretto e privilegiato con la biblioteca comunale. Tanto che la zona dedicata ai ragazzi si chiama \u201cLa Luna e il Porcospino\u201d e l\u2019insegna \u00e8 stata opera di Andrea.\u00a0<\/p>\n<p>&#8220;Per la Fondazione Tuono Pettinato &#8211; ha concluso Lia Remorini, madre di Andrea e presidente della Fondazione &#8211; \u00e8 importante far parte di questa rassegna proprio per il legame che Tuono Pettinato aveva con Cascina. Di recente c\u2019\u00e8 stata anche l\u2019inaugurazione di una sala del teatro a lui dedicata, che deve essere lo spazio per eventi di carattere culturale e richiamare l\u2019attenzione degli studenti. L\u2019evento del 27 \u00e8 pensato proprio per loro, con alcune classi che parteciperanno. Sar\u00e0 presente anche Francesca Riccioni, che \u00e8 stata coautrice di varie opere che Andrea ha realizzato&#8221;.<\/p>\n","protected":false},"excerpt":{"rendered":"Giunge alla terza edizione &#8216;Libri lungo le mura &#8211; Festival della lettura Citt\u00e0 di Cascina&#8217;, istituito dall\u2019amministrazione comunale&hellip;\n","protected":false},"author":3,"featured_media":88022,"comment_status":"","ping_status":"","sticky":false,"template":"","format":"standard","meta":{"footnotes":""},"categories":[1445],"tags":[1608,1644,203,626,204,1537,90,89,1609],"class_list":{"0":"post-88021","1":"post","2":"type-post","3":"status-publish","4":"format-standard","5":"has-post-thumbnail","7":"category-libri","8":"tag-books","9":"tag-cultura","10":"tag-entertainment","11":"tag-eventi","12":"tag-intrattenimento","13":"tag-it","14":"tag-italia","15":"tag-italy","16":"tag-libri"},"share_on_mastodon":{"url":"","error":""},"_links":{"self":[{"href":"https:\/\/www.europesays.com\/it\/wp-json\/wp\/v2\/posts\/88021","targetHints":{"allow":["GET"]}}],"collection":[{"href":"https:\/\/www.europesays.com\/it\/wp-json\/wp\/v2\/posts"}],"about":[{"href":"https:\/\/www.europesays.com\/it\/wp-json\/wp\/v2\/types\/post"}],"author":[{"embeddable":true,"href":"https:\/\/www.europesays.com\/it\/wp-json\/wp\/v2\/users\/3"}],"replies":[{"embeddable":true,"href":"https:\/\/www.europesays.com\/it\/wp-json\/wp\/v2\/comments?post=88021"}],"version-history":[{"count":0,"href":"https:\/\/www.europesays.com\/it\/wp-json\/wp\/v2\/posts\/88021\/revisions"}],"wp:featuredmedia":[{"embeddable":true,"href":"https:\/\/www.europesays.com\/it\/wp-json\/wp\/v2\/media\/88022"}],"wp:attachment":[{"href":"https:\/\/www.europesays.com\/it\/wp-json\/wp\/v2\/media?parent=88021"}],"wp:term":[{"taxonomy":"category","embeddable":true,"href":"https:\/\/www.europesays.com\/it\/wp-json\/wp\/v2\/categories?post=88021"},{"taxonomy":"post_tag","embeddable":true,"href":"https:\/\/www.europesays.com\/it\/wp-json\/wp\/v2\/tags?post=88021"}],"curies":[{"name":"wp","href":"https:\/\/api.w.org\/{rel}","templated":true}]}}