{"id":88390,"date":"2025-09-04T22:02:15","date_gmt":"2025-09-04T22:02:15","guid":{"rendered":"https:\/\/www.europesays.com\/it\/88390\/"},"modified":"2025-09-04T22:02:15","modified_gmt":"2025-09-04T22:02:15","slug":"continua-il-viaggio-tra-i-libri-a-morbegno","status":"publish","type":"post","link":"https:\/\/www.europesays.com\/it\/88390\/","title":{"rendered":"Continua il &#8220;Viaggio tra i libri&#8221; a Morbegno"},"content":{"rendered":"<p>MORBEGNO \u2013 Prosegue l\u2019originale rassegna<strong> \u201cViaggio tra i libri\u201d<\/strong> , iniziativa organizzata dai gruppi artistici di <strong>\u00e8Valtellina Cultura e Territorio<\/strong>, all\u2019interno del <strong>\u201cSalotto Boffi\u201d<\/strong> , a <strong>Morbegno<\/strong>. Un calendario che prevede per il 2025 <strong>sei incontri con l\u2019autore<\/strong>, fino a dicembre. Tutti gli scrittori che presentano un proprio libro, durante le mostre di pittura e scultura organizzate dal gruppo \u201cForme Luci Ombre\u201d, appartengono al Laboratorio Poetico e scrittura creativa. Dopo i primi tre incontri, il <strong>13 settembre alle ore 18:00<\/strong> sar\u00e0 il turno di <strong>Angela Botta<\/strong> con la sua raccolta di poesie <strong>\u201cPer ogni stagione\u201d<\/strong>, all\u2019interno della mostra artistico poetica di Michele Falciani, visitabile fino all\u201911 settembre. Il 20 settembre, sempre alle ore 18:00, sar\u00e0 la volta di Martino Malgesini con \u201cMorfina Giona\u201d. A fare da cornice la mostra artistica del CPS con referente Manuela Maxenti. Il 6 novembre verr\u00e0 presentata la pubblicazione \u201cLa fede nell\u2019arte\u201d di Sonia Barini nell\u2019ambito della mostra di poesie e dipinti a tema religioso di artisti vari, che rimarr\u00e0 aperta fino al 12 novembre. Il 6 dicembre concluder\u00e0 l\u2019anno la presentazione di \u201cEmozioni di carta\u201d, raccolta poetica a di Paola Mara De Maestri , nell\u2019ambito della mostra di Angelisa Fiorini e in ricordo di Roberto Bogialli , aperta dal 5 al 28 dicembre.<\/p>\n<p>\u201cUna formula, quella della presentazione dei libri all\u2019interno delle mostre di pittura e collezionistiche ormai ben collaudata che sta dando buoni frutti anche termini di pubblico \u2013 dichiara la<strong> poetessa Paola Mara De Maestri<\/strong>\u2013 . Voglio ringraziare Angelisa Fiorini responsabile dei pittori e il Consigliere di \u00e8Valtellina Cultura e Territorio e collezionista Luca Villa, per l\u2019opportunit\u00e0 offerta anche agli scrittori, siano essi poeti, romanzieri o saggisti, di partecipare alle attivit\u00e0 culturali messe in campo dalla nostra Associazione al \u201cSalotto Boffi\u201d. Mi auguro che anche nel 2026 ci sia l\u2019interesse e la partecipazione di altri scrittori\u201d.<\/p>\n<p>Grazie al bando regionale \u201cAtelier degli artisti\u201d promosso dall\u2019Amministrazione Comunale di Morbegno, in particolare grazie all\u2019interessamento dell\u2019Assessore Andrea Ruggeri e alla disponibilit\u00e0 della signora Alda Giovannini Boffi, nel Salotto Boffi \u00e8 possibile organizzare eventi di pi\u00f9 giorni quali mostre di pittura, scultura, fotografiche, poetiche o collezionistiche, oppure attivit\u00e0 di poche ore quali presentazioni di libri o incontri culturali.\u00a0 Chi fosse interessato all\u2019organizzazione di un proprio evento deve contattare il proprio responsabile di sezione, la pittrice Angelisa Fiorini per Forme Luci Ombre, la poetessa Paola Mara De Maestri per il Laboratorio Poetico e scrittura creativa e per il Circolo Culturale F\/N Morbegnese il collezionista Luca Villa (anche via email). Per poter organizzare un evento basta tesserarsi con l\u2019Associazione.<\/p>\n","protected":false},"excerpt":{"rendered":"MORBEGNO \u2013 Prosegue l\u2019originale rassegna \u201cViaggio tra i libri\u201d , iniziativa organizzata dai gruppi artistici di \u00e8Valtellina Cultura&hellip;\n","protected":false},"author":3,"featured_media":88391,"comment_status":"","ping_status":"","sticky":false,"template":"","format":"standard","meta":{"footnotes":"","_share_on_mastodon":"0"},"categories":[1445],"tags":[1608,203,64189,204,1537,90,89,1609,64190,64188],"class_list":["post-88390","post","type-post","status-publish","format-standard","has-post-thumbnail","category-libri","tag-books","tag-entertainment","tag-incontri-con-autore","tag-intrattenimento","tag-it","tag-italia","tag-italy","tag-libri","tag-morbegno","tag-viaggio-tra-i-libri"],"share_on_mastodon":{"url":"","error":""},"_links":{"self":[{"href":"https:\/\/www.europesays.com\/it\/wp-json\/wp\/v2\/posts\/88390","targetHints":{"allow":["GET"]}}],"collection":[{"href":"https:\/\/www.europesays.com\/it\/wp-json\/wp\/v2\/posts"}],"about":[{"href":"https:\/\/www.europesays.com\/it\/wp-json\/wp\/v2\/types\/post"}],"author":[{"embeddable":true,"href":"https:\/\/www.europesays.com\/it\/wp-json\/wp\/v2\/users\/3"}],"replies":[{"embeddable":true,"href":"https:\/\/www.europesays.com\/it\/wp-json\/wp\/v2\/comments?post=88390"}],"version-history":[{"count":0,"href":"https:\/\/www.europesays.com\/it\/wp-json\/wp\/v2\/posts\/88390\/revisions"}],"wp:featuredmedia":[{"embeddable":true,"href":"https:\/\/www.europesays.com\/it\/wp-json\/wp\/v2\/media\/88391"}],"wp:attachment":[{"href":"https:\/\/www.europesays.com\/it\/wp-json\/wp\/v2\/media?parent=88390"}],"wp:term":[{"taxonomy":"category","embeddable":true,"href":"https:\/\/www.europesays.com\/it\/wp-json\/wp\/v2\/categories?post=88390"},{"taxonomy":"post_tag","embeddable":true,"href":"https:\/\/www.europesays.com\/it\/wp-json\/wp\/v2\/tags?post=88390"}],"curies":[{"name":"wp","href":"https:\/\/api.w.org\/{rel}","templated":true}]}}