{"id":88410,"date":"2025-09-04T22:12:10","date_gmt":"2025-09-04T22:12:10","guid":{"rendered":"https:\/\/www.europesays.com\/it\/88410\/"},"modified":"2025-09-04T22:12:10","modified_gmt":"2025-09-04T22:12:10","slug":"lutto-a-santantonio-di-gallura-per-pietro-figlio-del-giudice-contu","status":"publish","type":"post","link":"https:\/\/www.europesays.com\/it\/88410\/","title":{"rendered":"Lutto a Sant&#8217;Antonio di Gallura per Pietro, figlio del giudice Contu"},"content":{"rendered":"<p>A Sant\u2019Antonio di Gallura l\u2019ultimo saluto a Pietro Contu<\/p>\n<p><strong>Pietro Contu<\/strong> aveva solo 22 anni, la sua vita si \u00e8 spezzata a <strong>Roma<\/strong> e l\u2019ultimo saluto sar\u00e0 a Sant\u2019Antonio di Gallura. Marted\u00ec \u00e8 stato travolto dalla Metro nella Capitale e la sua scomparsa ha avuto ripercussioni ieri sull\u2019attivit\u00e0 professionale del padre. Il magistrato <strong>Marco Contu<\/strong> \u00e8 il presidente del collegio che ieri avrebbe dovuto emettere la sentenza sul caso di Ciro Grillo e degli amici. La tragedia ha fermato il processo e l\u2019udienza \u00e8 stata rinviata al 22 settembre.<\/p>\n<p>Il Comune di Sant\u2019Antonio di Gallura<\/p>\n<p>\u201cIl sindaco, l\u2019amministrazione comunale e i dipendenti tutti, interpretando il dolore dell\u2019intera comunit\u00e0, si stringono con profonda commozione alla<strong> famiglia Contu-Pittorru<\/strong> per la tragica scomparsa del caro e amato figlio Pietro \u2013 scrive il sindaco <strong>Carlo Duilio Viti<\/strong>-. Le pi\u00f9 sentite condoglianze al padre <strong>Marco<\/strong>, alla madre <strong>Liciosa<\/strong>, alla sorella <strong>Ludovica <\/strong>e ai parenti tutti\u201d.<\/p>\n<p>Pietro, purtroppo, \u00e8 venuto a mancare a soli 22 anni, lasciando un vuoto incolmabile nei cuori di chi lo conosceva e, in un modo pi\u00f9 ampio, dell\u2019intera comunit\u00e0 che si sentiva legata a lui e alla sua famiglia. La notizia ha gettato un velo di tristezza su ogni strada, in ogni casa, poich\u00e9 il legame che unisce i Contu a Sant\u2019Antonio \u00e8 intimo e sincero. Questo lutto cos\u00ec improvviso e grave si aggiunge a un dolore che la famiglia stava gi\u00e0 affrontando: solo pochi mesi fa, infatti, era venuta a mancare anche la nonna del ragazzo, la madre dell\u2019avvocato Liciosa Pittorru.<\/p>\n<p>La famiglia Pittorru, da parte di sua madre Liciosa, \u00e8 da sempre un punto di riferimento. Il nonno di Pietro era il <strong>farmacista <\/strong>del paese cos\u00ec come lo \u00e8 tutt\u2019ora lo zio, fratello della madre, figure di fiducia e di grande umanit\u00e0. Una famiglia che ha sempre avuto un ruolo centrale nella vita comunitaria, amica di tutti, presente nei momenti di gioia e di difficolt\u00e0.<br \/>\u201c\u00c8 morto il figlio di una amica, di <strong>un\u2019amica di tutta la comunit\u00e0<\/strong>\u201d. Queste le parole del sindaco di Sant\u2019Antonio di Gallura, Carlo Viti.<\/p>\n<p>Anche il padre di Pietro, il Giudice Marco Contu, ha sempre dimostrato un grande attaccamento al paese, prodigandosi attivamente per il benessere della comunit\u00e0. Questa vicinanza ha reso ancora pi\u00f9 forte il legame, trasformando un lutto familiare in un dolore collettivo. A Sant\u2019Antonio <strong>sabato 6<\/strong> settembre alle 10 ci sar\u00e0 il funerale nell\u2019<strong>oratorio parrocchiale<\/strong>.<\/p>\n<p>Vuoi rimuovere le pubblicit\u00e0 nazionali?<\/p>\n<p>Puoi abbonarti a <strong>soli \u20ac 1,10 al mese<\/strong> cliccando <a href=\"https:\/\/bit.ly\/3WdC1NV\" rel=\"nofollow noopener\" target=\"_blank\">qui<\/a><\/p>\n<p>Sei gi\u00e0 abbonato?<\/p>\n<p>Puoi effettuare l&#8217;accesso andando nella sezione <strong>Login<\/strong> dal men\u00f9 del sito o cliccando <a href=\"https:\/\/www.galluraoggi.it\/log-in\/\" rel=\"nofollow noopener\" target=\"_blank\">qui<\/a><\/p>\n","protected":false},"excerpt":{"rendered":"A Sant\u2019Antonio di Gallura l\u2019ultimo saluto a Pietro Contu Pietro Contu aveva solo 22 anni, la sua vita&hellip;\n","protected":false},"author":3,"featured_media":88411,"comment_status":"","ping_status":"","sticky":false,"template":"","format":"standard","meta":{"footnotes":""},"categories":[79],"tags":[14,93,94,1537,90,89,7,15,11,84,91,12,85,92],"class_list":{"0":"post-88410","1":"post","2":"type-post","3":"status-publish","4":"format-standard","5":"has-post-thumbnail","7":"category-italia","8":"tag-cronaca","9":"tag-cronaca-italiana","10":"tag-cronacaitaliana","11":"tag-it","12":"tag-italia","13":"tag-italy","14":"tag-news","15":"tag-notizie","16":"tag-ultime-notizie","17":"tag-ultime-notizie-e-news-di-oggi","18":"tag-ultime-notizie-italia","19":"tag-ultimenotizie","20":"tag-ultimenotizieenewsdioggi","21":"tag-ultimenotizieitalia"},"share_on_mastodon":{"url":"","error":""},"_links":{"self":[{"href":"https:\/\/www.europesays.com\/it\/wp-json\/wp\/v2\/posts\/88410","targetHints":{"allow":["GET"]}}],"collection":[{"href":"https:\/\/www.europesays.com\/it\/wp-json\/wp\/v2\/posts"}],"about":[{"href":"https:\/\/www.europesays.com\/it\/wp-json\/wp\/v2\/types\/post"}],"author":[{"embeddable":true,"href":"https:\/\/www.europesays.com\/it\/wp-json\/wp\/v2\/users\/3"}],"replies":[{"embeddable":true,"href":"https:\/\/www.europesays.com\/it\/wp-json\/wp\/v2\/comments?post=88410"}],"version-history":[{"count":0,"href":"https:\/\/www.europesays.com\/it\/wp-json\/wp\/v2\/posts\/88410\/revisions"}],"wp:featuredmedia":[{"embeddable":true,"href":"https:\/\/www.europesays.com\/it\/wp-json\/wp\/v2\/media\/88411"}],"wp:attachment":[{"href":"https:\/\/www.europesays.com\/it\/wp-json\/wp\/v2\/media?parent=88410"}],"wp:term":[{"taxonomy":"category","embeddable":true,"href":"https:\/\/www.europesays.com\/it\/wp-json\/wp\/v2\/categories?post=88410"},{"taxonomy":"post_tag","embeddable":true,"href":"https:\/\/www.europesays.com\/it\/wp-json\/wp\/v2\/tags?post=88410"}],"curies":[{"name":"wp","href":"https:\/\/api.w.org\/{rel}","templated":true}]}}