{"id":88505,"date":"2025-09-04T23:18:09","date_gmt":"2025-09-04T23:18:09","guid":{"rendered":"https:\/\/www.europesays.com\/it\/88505\/"},"modified":"2025-09-04T23:18:09","modified_gmt":"2025-09-04T23:18:09","slug":"barrichello-hamilton-sa-ancora-come-si-fa-il-figlio-di-schumacher-mi-abbraccia-sempre","status":"publish","type":"post","link":"https:\/\/www.europesays.com\/it\/88505\/","title":{"rendered":"Barrichello: \u201cHamilton? Sa ancora come si fa. Il figlio di Schumacher mi abbraccia sempre\u201d"},"content":{"rendered":"\n<p><strong>Rubens Barrichello, lei ha fatto parte della Ferrari pi\u00f9 forte di sempre e ha vinto tre volte a Monza: cosa significa questo circuito per un pilota Ferrari?<\/strong> <\/p>\n<p>\u00abIl massimo, pi\u00f9 di Interlagos per un brasiliano. \u00c8 impressionante vedere la gente, i bambini vestiti di rosso, un momento di puro amore. Serve amore per vincere\u00bb. <\/p>\n<p><strong>Perch\u00e9 alla Rossa non riesce da 18 anni?<\/strong> <\/p>\n<p>\u00abNon conosco la squadra di oggi, non sopporto chi d\u00e0 giudizi senza sapere. So com\u2019era la mia: andavo in galleria del vento, chiedevo una cosa e la ottenevo, quindi arrivava Schumi e confermava. C\u2019erano una chimica, una complicit\u00e0 straordinarie. Amore, appunto\u00bb. <\/p>\n<p><strong>Si pu\u00f2 ricostruire tutto questo con Hamilton e Leclerc?<\/strong> <\/p>\n<p>\u00abSe Lewis ritrova la fiducia in se stesso secondo me ci si arriver\u00e0, anche Leclerc \u00e8 bravissimo, ma non dimenticate che qualche anno fa la McLaren a Melbourne era ultima. Ci vuole tempo\u00bb. <\/p>\n<p><strong>Si aspettava le difficolt\u00e0 di Lewis?<\/strong> <\/p>\n<p>\u00abC\u2019\u00e8 tanta pressione, con i social \u00e8 anche peggio. Grandissimo pilota, non ha dimenticato come si guida. Mi fa venire in mente l\u2019ufficio di Enzo Ferrari a Fiorano\u00bb. <\/p>\n<p><strong>Prego?<\/strong> <\/p>\n<p>\u00abIo ci ho dormito un mese di fila. Una volta, dopo diversi giorni di prove, stavo andando a casa ed \u00e8 arrivato Ross (Brawn, ndr) a dirmi \u201cho una notizia buona e una un po\u2019 meno\u201d. Voleva che mi fermassi ancora, ma poi mi avrebbe portato a mangiare la migliore fiorentina della mia vita. Vicino a Scandicci, dove abitavo, quando posso ci torno\u00bb. <\/p>\n<p><strong>In che rapporti \u00e8 rimasto con la famiglia di Schumacher?<\/strong> <\/p>\n<p>\u00abOgni tanto vedo la moglie Corinna, pi\u00f9 spesso il figlio Mick. Mi abbraccia sempre. Ha molto rispetto per quello che abbiamo fatto io e il suo pap\u00e0\u00bb. <\/p>\n<p><strong>Il suo ricordo pi\u00f9 bello di Monza?<\/strong> <\/p>\n<p>\u00abIl 2004, quel giorno mi sono detto \u201coggi vinco io\u201d. E ho tirato come un pazzo, anche dopo il pit-stop con 20 secondi di vantaggio su Michael, la radio non funzionava poi Ross mi ha tranquillizzato\u00bb. <\/p>\n<p><strong>Da avversario?<\/strong> <\/p>\n<p>\u00abLa vittoria con la Brawn Gp nel 2009. Ero vestito di bianco eppure i tifosi urlavano anche il mio nome\u00bb. <\/p>\n<p><strong>Lei corre e vince ancora a 53 anni, cosa la spinge in pista?<\/strong> <\/p>\n<p>\u00abMi sento come un bambino a parte i dolori lombari. Ho vinto il campionato brasiliano Nascar, prima due titoli in Stock car. Finch\u00e9 reggo&#8230;\u00bb. <\/p>\n<p><strong>Passione trasmessa ai figli.<\/strong> <\/p>\n<p>\u00abLa mia ex moglie (Silvana, ndr) crede che abbia fatto loro il lavaggio del cervello ma amano questo sport pi\u00f9 di me. Quando Eduardo era mio compagno di squadra in Stock car ho dovuto fare parecchio lavoro mentale, non \u00e8 facile stare tranquillo se vedi qualcuno dargli una sportellata\u00bb. <\/p>\n<p><strong>Fernando, 20 anni fra una settimana, questo weekend debutta in F3 proprio a Monza.<\/strong><strong\/><\/p>\n<p>\u00abE non dormir\u00f2 per seguirli: io sono in gara a Cascavel, Edoardo nel Wec ad Austin e lui in Italia. Abbiamo un sogno\u00bb. <\/p>\n<p><strong>Quale?<\/strong> <\/p>\n<p>\u00abCorrere insieme la 24 Ore di Le Mans, prima o poi ci riusciremo. Magari con la Ferrari&#8230;\u00bb. <\/p>\n<p><strong>Lei poteva vincere il titolo sia alla Ferrari sia alla Brawn Gp: rimpianti?<\/strong> <\/p>\n<p>\u00abGuardi, siamo tutti uguali: si nasce, si vive, a un certo punto dobbiamo andarcene. Di l\u00e0 non si porta nulla: n\u00e9 trofei, n\u00e9 medaglie. Sono molto orgoglioso di quel bambino di San Paolo che non aveva chance di arrivare in F1 ma ce l\u2019ha fatta. E guidava bene\u00bb. <\/p>\n<p><strong>Le piace Antonelli?<\/strong> <\/p>\n<p>\u00abDai giovani c\u2019\u00e8 da imparare, hanno una mentalit\u00e0 che noi 30 anni fa non avevamo. Kimi \u00e8 pi\u00f9 che buono, pu\u00f2 essere un fenomeno, uno che speriamo diventer\u00e0 un campione, ma ci vuole calma per non mettergli pressione\u00bb. <\/p>\n<p><strong>Chi vince tra Piastri e Norris?<\/strong><strong\/><\/p>\n<p>\u00abLi conosco e li apprezzo, spero che arrivino a giocarsi il titolo all\u2019ultima gara\u00bb.<\/p>\n","protected":false},"excerpt":{"rendered":"Rubens Barrichello, lei ha fatto parte della Ferrari pi\u00f9 forte di sempre e ha vinto tre volte a&hellip;\n","protected":false},"author":3,"featured_media":88506,"comment_status":"","ping_status":"","sticky":false,"template":"","format":"standard","meta":{"footnotes":""},"categories":[1454],"tags":[1770,683,1771,1537,90,89,245,244],"class_list":{"0":"post-88505","1":"post","2":"type-post","3":"status-publish","4":"format-standard","5":"has-post-thumbnail","7":"category-f1","8":"tag-f1","9":"tag-formula-1","10":"tag-formula1","11":"tag-it","12":"tag-italia","13":"tag-italy","14":"tag-sport","15":"tag-sports"},"share_on_mastodon":{"url":"","error":""},"_links":{"self":[{"href":"https:\/\/www.europesays.com\/it\/wp-json\/wp\/v2\/posts\/88505","targetHints":{"allow":["GET"]}}],"collection":[{"href":"https:\/\/www.europesays.com\/it\/wp-json\/wp\/v2\/posts"}],"about":[{"href":"https:\/\/www.europesays.com\/it\/wp-json\/wp\/v2\/types\/post"}],"author":[{"embeddable":true,"href":"https:\/\/www.europesays.com\/it\/wp-json\/wp\/v2\/users\/3"}],"replies":[{"embeddable":true,"href":"https:\/\/www.europesays.com\/it\/wp-json\/wp\/v2\/comments?post=88505"}],"version-history":[{"count":0,"href":"https:\/\/www.europesays.com\/it\/wp-json\/wp\/v2\/posts\/88505\/revisions"}],"wp:featuredmedia":[{"embeddable":true,"href":"https:\/\/www.europesays.com\/it\/wp-json\/wp\/v2\/media\/88506"}],"wp:attachment":[{"href":"https:\/\/www.europesays.com\/it\/wp-json\/wp\/v2\/media?parent=88505"}],"wp:term":[{"taxonomy":"category","embeddable":true,"href":"https:\/\/www.europesays.com\/it\/wp-json\/wp\/v2\/categories?post=88505"},{"taxonomy":"post_tag","embeddable":true,"href":"https:\/\/www.europesays.com\/it\/wp-json\/wp\/v2\/tags?post=88505"}],"curies":[{"name":"wp","href":"https:\/\/api.w.org\/{rel}","templated":true}]}}