{"id":88663,"date":"2025-09-05T01:08:18","date_gmt":"2025-09-05T01:08:18","guid":{"rendered":"https:\/\/www.europesays.com\/it\/88663\/"},"modified":"2025-09-05T01:08:18","modified_gmt":"2025-09-05T01:08:18","slug":"nazionali-i-granata-in-campo-gineitis-gol-dal-dischetto-asllani-in-panchina","status":"publish","type":"post","link":"https:\/\/www.europesays.com\/it\/88663\/","title":{"rendered":"Nazionali, i granata in campo: Gineitis gol dal dischetto, Asllani in panchina"},"content":{"rendered":"<p>Tanti i granata impegnati con le rispettive nazionali nella giornata di oggi. La posta in palio \u00e8 altissima: c\u2019\u00e8 una qualificazione ai Mondiali del 2026 da conquistare. I giocatori scesi in campo sono stati Saul Coco, Kristjan Asllani, Gvidas Gineitis e Marcus Pedersen, convocati rispettivamente da Guinea Equatoriale, Albania, Lituania e Norvegia. Ma come sono andate le loro gare? Da non dimenticare, inoltre, i sudamericani Israel e Marip\u00e1n, impegnati con Uruguay e Cile. Per loro, per\u00f2, il fischio d&#8217;inizio sar\u00e0 nella notte.<\/p>\n<p class=\"is-copyright\">\u00a9 RIPRODUZIONE RISERVATA<\/p>\n","protected":false},"excerpt":{"rendered":"Tanti i granata impegnati con le rispettive nazionali nella giornata di oggi. La posta in palio \u00e8 altissima:&hellip;\n","protected":false},"author":3,"featured_media":88664,"comment_status":"","ping_status":"","sticky":false,"template":"","format":"standard","meta":{"footnotes":"","_share_on_mastodon":"0"},"categories":[1452],"tags":[23729,4712,19463,391,721,64259,921,64260,64261,2388,3153,17033,5523,64262,20263,1740,1974,2241,629,1837,21057,1976,5197,23348,64263,64264,64265,5195,1537,90,89,13811,6111,3479,4422,4476,3484,21066,1292,4285,3242,2402,3461,1739,8041,245,244],"class_list":["post-88663","post","type-post","status-publish","format-standard","has-post-thumbnail","category-calcio","tag-albania","tag-amichevole","tag-asllani","tag-ben","tag-calcio","tag-calcio-rigore","tag-campo","tag-campo-saul","tag-campo-saul-coco","tag-casalinga","tag-centrocampista","tag-cile","tag-coco","tag-equatoriale","tag-finlandia","tag-football","tag-formazione","tag-frazione","tag-gara","tag-gare","tag-gineitis","tag-gol","tag-granata","tag-guinea","tag-guinea-equatoriale","tag-guineani","tag-gvidas","tag-israel","tag-it","tag-italia","tag-italy","tag-lituania","tag-maripan","tag-minuti","tag-mondiali","tag-notte","tag-panchina","tag-pedersen","tag-punti","tag-qualificazione","tag-rigore","tag-salva","tag-sfida","tag-soccer","tag-spazio","tag-sport","tag-sports"],"share_on_mastodon":{"url":"","error":""},"_links":{"self":[{"href":"https:\/\/www.europesays.com\/it\/wp-json\/wp\/v2\/posts\/88663","targetHints":{"allow":["GET"]}}],"collection":[{"href":"https:\/\/www.europesays.com\/it\/wp-json\/wp\/v2\/posts"}],"about":[{"href":"https:\/\/www.europesays.com\/it\/wp-json\/wp\/v2\/types\/post"}],"author":[{"embeddable":true,"href":"https:\/\/www.europesays.com\/it\/wp-json\/wp\/v2\/users\/3"}],"replies":[{"embeddable":true,"href":"https:\/\/www.europesays.com\/it\/wp-json\/wp\/v2\/comments?post=88663"}],"version-history":[{"count":0,"href":"https:\/\/www.europesays.com\/it\/wp-json\/wp\/v2\/posts\/88663\/revisions"}],"wp:featuredmedia":[{"embeddable":true,"href":"https:\/\/www.europesays.com\/it\/wp-json\/wp\/v2\/media\/88664"}],"wp:attachment":[{"href":"https:\/\/www.europesays.com\/it\/wp-json\/wp\/v2\/media?parent=88663"}],"wp:term":[{"taxonomy":"category","embeddable":true,"href":"https:\/\/www.europesays.com\/it\/wp-json\/wp\/v2\/categories?post=88663"},{"taxonomy":"post_tag","embeddable":true,"href":"https:\/\/www.europesays.com\/it\/wp-json\/wp\/v2\/tags?post=88663"}],"curies":[{"name":"wp","href":"https:\/\/api.w.org\/{rel}","templated":true}]}}