{"id":90383,"date":"2025-09-05T20:56:11","date_gmt":"2025-09-05T20:56:11","guid":{"rendered":"https:\/\/www.europesays.com\/it\/90383\/"},"modified":"2025-09-05T20:56:11","modified_gmt":"2025-09-05T20:56:11","slug":"problema-che-ho-da-4-giorni-ci-convivo-da-tempo","status":"publish","type":"post","link":"https:\/\/www.europesays.com\/it\/90383\/","title":{"rendered":"\u201cProblema che ho da 4 giorni, ci convivo da tempo\u201d"},"content":{"rendered":"<p>Una nona posizione in vetta alla salita pi\u00f9 dura della Spagna, L\u2019Angliru, e la top-10 momentanea in classifica generale. Risultati che sicuramente possono soddisfare <strong>Giulio Ciccone<\/strong>, anche se le aspettative per il pubblico italiano, vista la condizione di qualche giorno fa erano addirittura pi\u00f9 alte.<\/p>\n<p>L\u2019abruzzese \u00e8 leggermente in calo dopo un inizio di Vuelta super e due settimane strepitose in terra spagnola. La causa non \u00e8 per\u00f2 solo la condizione generale, ma anche un <strong>piccolo problema fisico<\/strong> che l\u2019azzurro sta accusando negli ultimi giorni.<\/p>\n<p>Ad annunciarlo \u00e8 stato proprio il corridore della Lidl-Trek prima del via della tredicesima frazione da Cabez\u00f3n de la Sal. Le sue parole: \u201cNegli ultimi 3-4 giorni ho sofferto tanto a causa di un problema esterno, ho di nuovo un\u2019infezione al soprassella e sto soffrendo parecchio a stare in bici\u201d. <\/p>\n<p>E aggiunge: \u201cNegli ultimi 4 giorni, dopo la pioggia presa nella nona tappa, sono iniziati i problemi. Ci convivo da tempo\u201d.<\/p>\n","protected":false},"excerpt":{"rendered":"Una nona posizione in vetta alla salita pi\u00f9 dura della Spagna, L\u2019Angliru, e la top-10 momentanea in classifica&hellip;\n","protected":false},"author":3,"featured_media":66436,"comment_status":"","ping_status":"","sticky":false,"template":"","format":"standard","meta":{"footnotes":""},"categories":[1474],"tags":[17086,1537,90,89,245,244,1869,13981],"class_list":{"0":"post-90383","1":"post","2":"type-post","3":"status-publish","4":"format-standard","5":"has-post-thumbnail","7":"category-volley","8":"tag-giulio-ciccone","9":"tag-it","10":"tag-italia","11":"tag-italy","12":"tag-sport","13":"tag-sports","14":"tag-volley","15":"tag-vuelta-a-espana-2025"},"share_on_mastodon":{"url":"","error":""},"_links":{"self":[{"href":"https:\/\/www.europesays.com\/it\/wp-json\/wp\/v2\/posts\/90383","targetHints":{"allow":["GET"]}}],"collection":[{"href":"https:\/\/www.europesays.com\/it\/wp-json\/wp\/v2\/posts"}],"about":[{"href":"https:\/\/www.europesays.com\/it\/wp-json\/wp\/v2\/types\/post"}],"author":[{"embeddable":true,"href":"https:\/\/www.europesays.com\/it\/wp-json\/wp\/v2\/users\/3"}],"replies":[{"embeddable":true,"href":"https:\/\/www.europesays.com\/it\/wp-json\/wp\/v2\/comments?post=90383"}],"version-history":[{"count":0,"href":"https:\/\/www.europesays.com\/it\/wp-json\/wp\/v2\/posts\/90383\/revisions"}],"wp:featuredmedia":[{"embeddable":true,"href":"https:\/\/www.europesays.com\/it\/wp-json\/wp\/v2\/media\/66436"}],"wp:attachment":[{"href":"https:\/\/www.europesays.com\/it\/wp-json\/wp\/v2\/media?parent=90383"}],"wp:term":[{"taxonomy":"category","embeddable":true,"href":"https:\/\/www.europesays.com\/it\/wp-json\/wp\/v2\/categories?post=90383"},{"taxonomy":"post_tag","embeddable":true,"href":"https:\/\/www.europesays.com\/it\/wp-json\/wp\/v2\/tags?post=90383"}],"curies":[{"name":"wp","href":"https:\/\/api.w.org\/{rel}","templated":true}]}}