{"id":90432,"date":"2025-09-05T21:32:16","date_gmt":"2025-09-05T21:32:16","guid":{"rendered":"https:\/\/www.europesays.com\/it\/90432\/"},"modified":"2025-09-05T21:32:16","modified_gmt":"2025-09-05T21:32:16","slug":"una-casa-vacanze-nel-mediterraneo-tra-luce-e-mare","status":"publish","type":"post","link":"https:\/\/www.europesays.com\/it\/90432\/","title":{"rendered":"Una casa vacanze nel Mediterraneo tra luce e mare"},"content":{"rendered":"<p data-journey-content=\"true\" data-node-id=\"0\" class=\"css-i9p093 emevuu60\">Anche se sembra incredibile, questa casa ad <a href=\"https:\/\/www.elledecor.com\/it\/viaggi\/a36875121\/antiparos-hotel-the-rooster\/\" target=\"_blank\" data-vars-ga-outbound-link=\"https:\/\/www.elledecor.com\/it\/viaggi\/a36875121\/antiparos-hotel-the-rooster\/\" data-vars-ga-ux-element=\"Hyperlink\" data-vars-ga-call-to-action=\"Antipatos\" data-node-id=\"0.1\" class=\"body-link css-15fjk10 emevuu60\" rel=\"nofollow noopener\">Antipatos<\/a>, in <strong data-node-id=\"0.3\"><a href=\"https:\/\/www.elledecor.com\/it\/viaggi\/g60600057\/migliori-spiagge-grecia-guida\/\" target=\"_blank\" data-vars-ga-outbound-link=\"https:\/\/www.elledecor.com\/it\/viaggi\/g60600057\/migliori-spiagge-grecia-guida\/\" data-vars-ga-ux-element=\"Hyperlink\" data-vars-ga-call-to-action=\"Grecia\" data-node-id=\"0.3.0\" class=\"body-link css-15fjk10 emevuu60\" rel=\"nofollow noopener\">Grecia<\/a><\/strong>, \u00e8 stata costruita su una struttura in cemento abbandonata da oltre dieci anni. Era il modo migliore per costruire una nuova casa: la legge lo consentiva ed era sostenibile poich\u00e9 il terreno non era utilizzato come spazio naturale, cosa molto necessaria in una zona con una crescente pressione turistica. Gli architetti dello studio <strong data-node-id=\"0.5\">Architecture Research Practice<\/strong> hanno demolito con cura solo le parti essenziali della struttura esistente e ne hanno aggiunte altre per trasformarla in un volume a forma di L, il modo migliore per sfruttare il terreno, con vicini su tutti i lati, tranne sul lato ovest, dove c&#8217;\u00e8 un bosco protetto, e vicino al porto e al paese. La casa, chiamata <strong data-node-id=\"0.7\">Tetris House<\/strong>, emerge in modo quasi discreto e<strong data-node-id=\"0.9\"> si integra con l&#8217;ambiente circostante<\/strong> grazie alla sua geometria semplice. <\/p>\n<p><img draggable=\"true\" alt=\"casa en grecia\" title=\"casa en grecia\" loading=\"lazy\" width=\"1500\" height=\"1125\" decoding=\"async\" data-nimg=\"1\" style=\"color:transparent;width:100%;height:auto;\"   src=\"https:\/\/www.europesays.com\/it\/wp-content\/uploads\/2025\/09\/102636-full-5840-1-102636-sc-v2com-689af42eac7b2.jpg\" class=\"css-0 e1g79fud0\"\/><\/p>\n<p>Giulio Ghirardi<\/p>\n<p><img draggable=\"true\" alt=\"casa en grecia\" title=\"casa en grecia\" loading=\"lazy\" width=\"4677\" height=\"3508\" decoding=\"async\" data-nimg=\"1\" style=\"color:transparent;width:100%;height:auto;\"   src=\"https:\/\/www.europesays.com\/it\/wp-content\/uploads\/2025\/09\/102668-full-5840-1-102668-sc-v2com-689af3d408946.jpg\" class=\"css-0 e1g79fud0\"\/><\/p>\n<p>Giulio Ghirardi<\/p>\n<p><img draggable=\"true\" alt=\"casa en grecia\" title=\"casa en grecia\" loading=\"lazy\" width=\"4961\" height=\"3307\" decoding=\"async\" data-nimg=\"1\" style=\"color:transparent;width:100%;height:auto;\"   src=\"https:\/\/www.europesays.com\/it\/wp-content\/uploads\/2025\/09\/102623-full-5840-1-102623-sc-v2com-689af3c97cbfc.jpg\" class=\"css-0 e1g79fud0\"\/><\/p>\n<p>Giulio Ghirardi<\/p>\n<p><img draggable=\"true\" alt=\"casa en grecia\" title=\"casa en grecia\" loading=\"lazy\" width=\"3508\" height=\"4677\" decoding=\"async\" data-nimg=\"1\" style=\"color:transparent;width:100%;height:auto;\"   src=\"https:\/\/www.europesays.com\/it\/wp-content\/uploads\/2025\/09\/102629-full-5840-1-102629-sc-v2com-689af3bfada84.jpg\" class=\"css-0 e1g79fud0\"\/><\/p>\n<p>Giulio Ghirardi<\/p>\n<p><img draggable=\"true\" alt=\"casa en grecia\" title=\"casa en grecia\" loading=\"lazy\" width=\"4677\" height=\"3508\" decoding=\"async\" data-nimg=\"1\" style=\"color:transparent;width:100%;height:auto;\"   src=\"https:\/\/www.europesays.com\/it\/wp-content\/uploads\/2025\/09\/102644-full-5840-1-102644-sc-v2com-689af3cae513f.jpg\" class=\"css-0 e1g79fud0\"\/><\/p>\n<p>Giulio Ghirardi<\/p>\n<p><img draggable=\"true\" alt=\"casa en grecia\" title=\"casa en grecia\" loading=\"lazy\" width=\"4677\" height=\"3508\" decoding=\"async\" data-nimg=\"1\" style=\"color:transparent;width:100%;height:auto;\"   src=\"https:\/\/www.europesays.com\/it\/wp-content\/uploads\/2025\/09\/102665-full-5840-1-102665-sc-v2com-689af3d0a05b7.jpg\" class=\"css-0 e1g79fud0\"\/><\/p>\n<p>Giulio Ghirardi<\/p>\n<p><img draggable=\"true\" alt=\"casa en grecia\" title=\"casa en grecia\" loading=\"lazy\" width=\"4677\" height=\"3508\" decoding=\"async\" data-nimg=\"1\" style=\"color:transparent;width:100%;height:auto;\"   src=\"https:\/\/www.europesays.com\/it\/wp-content\/uploads\/2025\/09\/102640-full-5840-1-102640-sc-v2com-689af3ce314cc.jpg\" class=\"css-0 e1g79fud0\"\/><\/p>\n<p>Giulio Ghirardi<\/p>\n<p data-journey-content=\"true\" data-node-id=\"8\" class=\"css-i9p093 emevuu60\">Come spiega lo studio stesso, \u201cla casa \u00e8 un <strong data-node-id=\"8.1\">delicato equilibrio tra introversione e apertura<\/strong>\u201d. Al piano terra, dispone di<strong data-node-id=\"8.3\"> una <a href=\"https:\/\/www.elledecor.com\/it\/viaggi\/a65506528\/piscina-so\/\" target=\"_blank\" data-vars-ga-outbound-link=\"https:\/\/www.elledecor.com\/it\/viaggi\/a65506528\/piscina-so\/\" data-vars-ga-ux-element=\"Hyperlink\" data-vars-ga-call-to-action=\"piscina\" data-node-id=\"8.3.1\" class=\"body-link css-15fjk10 emevuu60\" rel=\"nofollow noopener\">piscina<\/a> e di un <a href=\"https:\/\/www.elledecor.com\/it\/case\/a65551636\/casa-patio-bellissima-costruita-intorno-a-un-ulivo\/\" target=\"_blank\" data-vars-ga-outbound-link=\"https:\/\/www.elledecor.com\/it\/case\/a65551636\/casa-patio-bellissima-costruita-intorno-a-un-ulivo\/\" data-vars-ga-ux-element=\"Hyperlink\" data-vars-ga-call-to-action=\"patio\" data-node-id=\"8.3.3\" class=\"body-link css-15fjk10 emevuu60\" rel=\"nofollow noopener\">patio<\/a> interno<\/strong>, che bilancia la vista aperta e la privacy con l&#8217;acqua come punto focale della vita quotidiana. Molte delle stanze, con molteplici usi, sfumano cos\u00ec il confine tra interno ed esterno e sono rifinite in pietra naturale. Al piano superiore, il soggiorno e la suite principale si <strong data-node-id=\"8.5\">affacciano sul porto e sulla natura selvaggi<\/strong><strong data-node-id=\"8.6\">a<\/strong> del nord dell&#8217;isola con una grande finestra.<\/p>\n<p data-journey-content=\"true\" data-node-id=\"9\" class=\"css-i9p093 emevuu60\">L&#8217;abitazione \u00e8 stata inoltre progettata per garantire l&#8217;efficienza termica. Ad esempio, dispone di<strong data-node-id=\"9.1\"> ventilazione incrociata<\/strong> grazie a un <a href=\"https:\/\/www.elledecor.com\/it\/case\/a45527926\/abitare-in-un-ex-magazzino-tra-travi-dacciaio-e-lucernari-scenografici\/\" target=\"_blank\" data-vars-ga-outbound-link=\"https:\/\/www.elledecor.com\/it\/case\/a45527926\/abitare-in-un-ex-magazzino-tra-travi-dacciaio-e-lucernari-scenografici\/\" data-vars-ga-ux-element=\"Hyperlink\" data-vars-ga-call-to-action=\"lucernario\" data-node-id=\"9.3\" class=\"body-link css-15fjk10 emevuu60\" rel=\"nofollow noopener\">lucernario<\/a> nella parte superiore delle scale interne che le trasforma in una <strong data-node-id=\"9.5\">torre di raffreddamento<\/strong>. Inoltre, \u00e8 dotata di pannelli fotovoltaici che forniscono energia elettrica sufficiente per il funzionamento dell&#8217;edificio senza sovraccaricare la rete elettrica. La casa \u00e8 circondata da alberi e<strong data-node-id=\"9.7\"> flora autoctona<\/strong> che la nascondono agli hotel circostanti. <\/p>\n<p data-journey-content=\"true\" data-node-id=\"12\" class=\"css-i9p093 emevuu60\">All&#8217;interno, l&#8217;abitazione presenta un arredamento minimalista e semplice, in cui predominano materiali come il legno e tessuti accoglienti. <strong data-node-id=\"12.1\">Colori neutri<\/strong>, crema e bianco, caratterizzano spazi come la cucina, in cui sono presenti anche discreti elementi di design.<\/p>\n<p><img draggable=\"true\" alt=\"casa en grecia\" title=\"casa en grecia\" loading=\"lazy\" width=\"4677\" height=\"3508\" decoding=\"async\" data-nimg=\"1\" style=\"color:transparent;width:100%;height:auto;\"   src=\"https:\/\/www.europesays.com\/it\/wp-content\/uploads\/2025\/09\/102662-full-5840-1-102662-sc-v2com-689af3cfc0de5.jpg\" class=\"css-0 e1g79fud0\"\/><\/p>\n<p>Giulio Ghirardi<\/p>\n<p><img draggable=\"true\" alt=\"casa en grecia\" title=\"casa en grecia\" loading=\"lazy\" width=\"4961\" height=\"3307\" decoding=\"async\" data-nimg=\"1\" style=\"color:transparent;width:100%;height:auto;\"   src=\"https:\/\/www.europesays.com\/it\/wp-content\/uploads\/2025\/09\/102661-full-5840-1-102661-sc-v2com-689af3ceb8bde.jpg\" class=\"css-0 e1g79fud0\"\/><\/p>\n<p>Giulio Ghirardi<\/p>\n<p><img draggable=\"true\" alt=\"casa en grecia\" title=\"casa en grecia\" loading=\"lazy\" width=\"3508\" height=\"4677\" decoding=\"async\" data-nimg=\"1\" style=\"color:transparent;width:100%;height:auto;\"   src=\"https:\/\/www.europesays.com\/it\/wp-content\/uploads\/2025\/09\/102659-full-5840-1-102659-sc-v2com-689af3bb7514d.jpg\" class=\"css-0 e1g79fud0\"\/><\/p>\n<p>Giulio Ghirardi<\/p>\n<p><img draggable=\"true\" alt=\"casa en grecia\" title=\"casa en grecia\" loading=\"lazy\" width=\"3508\" height=\"4677\" decoding=\"async\" data-nimg=\"1\" style=\"color:transparent;width:100%;height:auto;\"   src=\"https:\/\/www.europesays.com\/it\/wp-content\/uploads\/2025\/09\/102660-full-5840-1-102660-sc-v2com-689af3c3e159a.jpg\" class=\"css-0 e1g79fud0\"\/><\/p>\n<p>Giulio Ghirardi<\/p>\n<p><img draggable=\"true\" alt=\"casa en grecia\" title=\"casa en grecia\" loading=\"lazy\" width=\"3508\" height=\"4385\" decoding=\"async\" data-nimg=\"1\" style=\"color:transparent;width:100%;height:auto;\"   src=\"https:\/\/www.europesays.com\/it\/wp-content\/uploads\/2025\/09\/102656-full-5840-1-102656-sc-v2com-689af3bbd4618.jpg\" class=\"css-0 e1g79fud0\"\/><\/p>\n<p>Giulio Ghirardi<\/p>\n<p><img draggable=\"true\" alt=\"casa en grecia\" title=\"casa en grecia\" loading=\"lazy\" width=\"3508\" height=\"4677\" decoding=\"async\" data-nimg=\"1\" style=\"color:transparent;width:100%;height:auto;\"   src=\"https:\/\/www.europesays.com\/it\/wp-content\/uploads\/2025\/09\/102657-full-5840-1-102657-sc-v2com-689af3bd7455f.jpg\" class=\"css-0 e1g79fud0\"\/><\/p>\n<p>Giulio Ghirardi<\/p>\n<p><img draggable=\"true\" alt=\"casa en grecia\" title=\"casa en grecia\" loading=\"lazy\" width=\"3508\" height=\"4677\" decoding=\"async\" data-nimg=\"1\" style=\"color:transparent;width:100%;height:auto;\"   src=\"https:\/\/www.europesays.com\/it\/wp-content\/uploads\/2025\/09\/102655-full-5840-1-102655-sc-v2com-689af3bd40410.jpg\" class=\"css-0 e1g79fud0\"\/><\/p>\n<p>Giulio Ghirardi<\/p>\n<p data-journey-content=\"true\" data-node-id=\"21\" class=\"css-i9p093 emevuu60\"><a href=\"https:\/\/arp.com.gr\/\" target=\"_blank\" rel=\"nofollow noopener\" data-vars-ga-outbound-link=\"https:\/\/arp.com.gr\/\" data-vars-ga-ux-element=\"Hyperlink\" data-vars-ga-call-to-action=\"www.arp.com.gr\" data-node-id=\"21.0.0\" class=\"body-link css-15fjk10 emevuu60\">www.arp.com.gr<\/a><\/p>\n<p data-journey-content=\"true\" data-node-id=\"22\" class=\"css-i9p093 emevuu60\"><a href=\"https:\/\/www.elledecor.com\/es\/casas\/a65661562\/casa-vacaciones-muebles-sencillos-madera-piscina\/\" target=\"_blank\" data-vars-ga-outbound-link=\"https:\/\/www.elledecor.com\/es\/casas\/a65661562\/casa-vacaciones-muebles-sencillos-madera-piscina\/\" data-vars-ga-ux-element=\"Hyperlink\" data-vars-ga-call-to-action=\"Da ELLE Decor ES\" data-node-id=\"22.0.0\" class=\"body-link css-15fjk10 emevuu60\" rel=\"nofollow noopener\">Da ELLE Decor ES<\/a><br data-node-id=\"22.0.1\"\/><\/p>\n<p>Set di bicchieri particolari<a target=\"_blank\" rel=\"nofollow noopener\" data-theme-key=\"product-image-wrapper\" href=\"https:\/\/click.linksynergy.com\/deeplink?id=2fv8O7DnZlc&amp;mid=49049&amp;murl=https%3A%2F%2Fwww.westwing.it%2Fbicchieri-da-vino-in-vetro-soffiato-con-bordo-dorato-aleo-4-pz-159296.html&amp;u1=edcit|xid:{xid}\" aria-label=\"28\u00a0\u20ac su westwing.it per Bicchieri da vino in vetro soffiato con bordo dorato Aleo 4 pz\" data-href=\"https:\/\/www.westwing.it\/bicchieri-da-vino-in-vetro-soffiato-con-bordo-dorato-aleo-4-pz-159296.html\" data-product-url=\"https:\/\/www.westwing.it\/bicchieri-da-vino-in-vetro-soffiato-con-bordo-dorato-aleo-4-pz-159296.html\" data-affiliate=\"true\" data-affiliate-url=\"https:\/\/click.linksynergy.com\/deeplink?id=2fv8O7DnZlc&amp;mid=49049&amp;murl=https%3A%2F%2Fwww.westwing.it%2Fbicchieri-da-vino-in-vetro-soffiato-con-bordo-dorato-aleo-4-pz-159296.html&amp;u1=edcit|xid:{xid}\" data-affiliate-network=\"{&quot;site_id&quot;:&quot;0550d705-7712-4019-a8b2-0f35da30918c&quot;,&quot;metadata&quot;:{&quot;trackonomics&quot;:{&quot;network_name&quot;:&quot;ls&quot;}},&quot;network&quot;:{&quot;name&quot;:&quot;Trackonomics&quot;},&quot;product_metadata&quot;:{&quot;0550d705-7712-4019-a8b2-0f35da30918c&quot;:{&quot;network_name&quot;:&quot;ls&quot;,&quot;link&quot;:&quot;https:\/\/click.linksynergy.com\/deeplink?id=2fv8O7DnZlc&amp;mid=49049&amp;murl=https%3A%2F%2Fwww.westwing.it%2Fbicchieri-da-vino-in-vetro-soffiato-con-bordo-dorato-aleo-4-pz-159296.html&amp;u1={subid}&quot;}},&quot;afflink_redirect&quot;:&quot;\/_p\/afflink\/vX6E\/westwing-bicchieri-da-vino-in-vetro&quot;}\" data-vars-ga-call-to-action=\"28\u00a0\u20ac su westwing.it\" data-vars-ga-media-role=\"1\" data-vars-ga-media-type=\"Embedded Gallery List\" data-vars-ga-outbound-link=\"https:\/\/www.westwing.it\/bicchieri-da-vino-in-vetro-soffiato-con-bordo-dorato-aleo-4-pz-159296.html\" data-vars-ga-product-id=\"3d07faa0-0c3c-4b7a-90ee-f91bfc4e39f5\" data-vars-ga-product-price=\"27,99\u00a0\u20ac\" data-vars-ga-product-retailer-id=\"fa8b4cba-4a86-478b-92ed-97f6259cf767\" data-vars-ga-gallery-display=\"list\" data-vars-ga-link-treatment=\"sale | (not set)\" data-vars-ga-sku=\"159296\" data-vars-ga-magento-tracking=\"1\" class=\"product-image-link ebgq4gw2 e1b8bpvs0 css-g6od0w e1c1bym14\"><img  alt=\"Bicchieri da vino in vetro soffiato con bordo dorato Aleo 4 pz\" title=\"Bicchieri da vino in vetro soffiato con bordo dorato Aleo 4 pz\" src=\"https:\/\/www.europesays.com\/it\/wp-content\/uploads\/2025\/09\/1749725091-DEQ23WES23967-204713_920565c09b1bff0bf2f3b9ba47483fcf_dtl_1.jpg\" width=\"1140\" height=\"1520\" decoding=\"async\" loading=\"lazy\"\/><\/a>Bicchieri da vino in vetro soffiato con bordo dorato Aleo 4 pz<\/p>\n<p>Ora in sconto del 20%<\/p>\n<p>Credit: Courtesy photo<a target=\"_blank\" rel=\"nofollow noopener\" data-theme-key=\"product-image-wrapper\" href=\"https:\/\/click.linksynergy.com\/deeplink?id=2fv8O7DnZlc&amp;mid=49049&amp;murl=https%3A%2F%2Fwww.westwing.it%2Fset-4-bicchieri-vino-con-motivo-strutturato-colorado-135790.html&amp;u1=edcit|xid:{xid}\" aria-label=\"24\u00a0\u20ac su westwing.it per Set di 4 bicchieri per vino con motivo strutturato Colorado\" data-href=\"https:\/\/www.westwing.it\/set-4-bicchieri-vino-con-motivo-strutturato-colorado-135790.html\" data-product-url=\"https:\/\/www.westwing.it\/set-4-bicchieri-vino-con-motivo-strutturato-colorado-135790.html\" data-affiliate=\"true\" data-affiliate-url=\"https:\/\/click.linksynergy.com\/deeplink?id=2fv8O7DnZlc&amp;mid=49049&amp;murl=https%3A%2F%2Fwww.westwing.it%2Fset-4-bicchieri-vino-con-motivo-strutturato-colorado-135790.html&amp;u1=edcit|xid:{xid}\" data-affiliate-network=\"{&quot;site_id&quot;:&quot;0550d705-7712-4019-a8b2-0f35da30918c&quot;,&quot;metadata&quot;:{&quot;trackonomics&quot;:{&quot;network_name&quot;:&quot;ls&quot;}},&quot;network&quot;:{&quot;name&quot;:&quot;Trackonomics&quot;},&quot;product_metadata&quot;:{&quot;0550d705-7712-4019-a8b2-0f35da30918c&quot;:{&quot;network_name&quot;:&quot;ls&quot;,&quot;link&quot;:&quot;https:\/\/click.linksynergy.com\/deeplink?id=2fv8O7DnZlc&amp;mid=49049&amp;murl=https%3A%2F%2Fwww.westwing.it%2Fset-4-bicchieri-vino-con-motivo-strutturato-colorado-135790.html&amp;u1={subid}&quot;}},&quot;afflink_redirect&quot;:&quot;\/_p\/afflink\/vX6C\/westwing-set-di-4-bicchieri-per&quot;}\" data-vars-ga-call-to-action=\"24\u00a0\u20ac su westwing.it\" data-vars-ga-media-role=\"1\" data-vars-ga-media-type=\"Embedded Gallery List\" data-vars-ga-outbound-link=\"https:\/\/www.westwing.it\/set-4-bicchieri-vino-con-motivo-strutturato-colorado-135790.html\" data-vars-ga-product-id=\"1c223b43-c80e-4c83-b9ac-515700da01fe\" data-vars-ga-product-price=\"23,99\u00a0\u20ac\" data-vars-ga-product-retailer-id=\"91ee8080-d34c-4eba-8117-fa3a327d0d51\" data-vars-ga-gallery-display=\"list\" data-vars-ga-link-treatment=\"(not set) | (not set)\" class=\"product-image-link ebgq4gw2 e1b8bpvs0 css-g6od0w e1c1bym14\"><img  alt=\"Set di 4 bicchieri per vino con motivo strutturato Colorado\" title=\"Set di 4 bicchieri per vino con motivo strutturato Colorado\" src=\"https:\/\/www.europesays.com\/it\/wp-content\/uploads\/2025\/09\/1749725069-deq21wes29152-170976-d72a811e70b668280352c9dfb6905933-dtl-8-684aaf597a20e.png\" width=\"2000\" height=\"2667\" decoding=\"async\" loading=\"lazy\"\/><\/a>Set di 4 bicchieri per vino con motivo strutturato ColoradoCredit: Courtesy photo<a target=\"_blank\" rel=\"nofollow noopener\" data-theme-key=\"product-image-wrapper\" href=\"https:\/\/click.linksynergy.com\/deeplink?id=2fv8O7DnZlc&amp;mid=49049&amp;murl=https%3A%2F%2Fwww.westwing.it%2Fcrystal-red-wine-glasses-gwenda-4-piece-en-24wes81063.html&amp;u1=edcit|xid:{xid}\" aria-label=\"35\u00a0\u20ac su westwing.it per Set di 6 bicchieri da vino rosso in cristallo Gwenda\" data-href=\"https:\/\/www.westwing.it\/crystal-red-wine-glasses-gwenda-4-piece-en-24wes81063.html\" data-product-url=\"https:\/\/www.westwing.it\/crystal-red-wine-glasses-gwenda-4-piece-en-24wes81063.html\" data-affiliate=\"true\" data-affiliate-url=\"https:\/\/click.linksynergy.com\/deeplink?id=2fv8O7DnZlc&amp;mid=49049&amp;murl=https%3A%2F%2Fwww.westwing.it%2Fcrystal-red-wine-glasses-gwenda-4-piece-en-24wes81063.html&amp;u1=edcit|xid:{xid}\" data-affiliate-network=\"{&quot;site_id&quot;:&quot;0550d705-7712-4019-a8b2-0f35da30918c&quot;,&quot;metadata&quot;:{&quot;trackonomics&quot;:{&quot;network_name&quot;:&quot;ls&quot;}},&quot;network&quot;:{&quot;name&quot;:&quot;Trackonomics&quot;},&quot;product_metadata&quot;:{&quot;0550d705-7712-4019-a8b2-0f35da30918c&quot;:{&quot;network_name&quot;:&quot;ls&quot;,&quot;link&quot;:&quot;https:\/\/click.linksynergy.com\/deeplink?id=2fv8O7DnZlc&amp;mid=49049&amp;murl=https%3A%2F%2Fwww.westwing.it%2Fcrystal-red-wine-glasses-gwenda-4-piece-en-24wes81063.html&amp;u1={subid}&quot;}},&quot;afflink_redirect&quot;:&quot;\/_p\/afflink\/vX66\/westwing-set-di-6-bicchieri-da&quot;}\" data-vars-ga-call-to-action=\"35\u00a0\u20ac su westwing.it\" data-vars-ga-media-role=\"1\" data-vars-ga-media-type=\"Embedded Gallery List\" data-vars-ga-outbound-link=\"https:\/\/www.westwing.it\/crystal-red-wine-glasses-gwenda-4-piece-en-24wes81063.html\" data-vars-ga-product-id=\"697ab588-eed2-44c1-8fa8-d8f84586f374\" data-vars-ga-product-price=\"34,99\u00a0\u20ac\" data-vars-ga-product-retailer-id=\"edc93126-197b-420f-89fc-fb9b9b038315\" data-vars-ga-gallery-display=\"list\" data-vars-ga-link-treatment=\"sale | (not set)\" data-vars-ga-sku=\"crystal-red-wine-glasses-gwenda-4-piece-en-24wes81063\" data-vars-ga-magento-tracking=\"1\" class=\"product-image-link ebgq4gw2 e1b8bpvs0 css-g6od0w e1c1bym14\"><img  alt=\"Set di 6 bicchieri da vino rosso in cristallo Gwenda\" title=\"Set di 6 bicchieri da vino rosso in cristallo Gwenda\" src=\"https:\/\/www.europesays.com\/it\/wp-content\/uploads\/2025\/09\/1749724972-DEQ24WES81063-221841_2d6189d473c9283e94c96d329355abde_dtl_1.jpg\" width=\"1140\" height=\"1520\" decoding=\"async\" loading=\"lazy\"\/><\/a>Set di 6 bicchieri da vino rosso in cristallo Gwenda<\/p>\n<p>Ora in sconto del 30%<\/p>\n<p>Credit: Courtesy photo<a target=\"_blank\" rel=\"nofollow noopener\" data-theme-key=\"product-image-wrapper\" href=\"https:\/\/click.linksynergy.com\/deeplink?id=2fv8O7DnZlc&amp;mid=49049&amp;murl=https%3A%2F%2Fwww.westwing.it%2Fbicchiere-vino-in-vetro-soffiato-con-rilievo-scanalato-prince-4-pz-136311.html&amp;u1=edcit|xid:{xid}\" aria-label=\"28\u00a0\u20ac su westwing.it per Bicchieri da vino in vetro soffiato scanalato e lucentezza perlacea Juno 4 pz\" data-href=\"https:\/\/www.westwing.it\/bicchiere-vino-in-vetro-soffiato-con-rilievo-scanalato-prince-4-pz-136311.html\" data-product-url=\"https:\/\/www.westwing.it\/bicchiere-vino-in-vetro-soffiato-con-rilievo-scanalato-prince-4-pz-136311.html\" data-affiliate=\"true\" data-affiliate-url=\"https:\/\/click.linksynergy.com\/deeplink?id=2fv8O7DnZlc&amp;mid=49049&amp;murl=https%3A%2F%2Fwww.westwing.it%2Fbicchiere-vino-in-vetro-soffiato-con-rilievo-scanalato-prince-4-pz-136311.html&amp;u1=edcit|xid:{xid}\" data-affiliate-network=\"{&quot;site_id&quot;:&quot;0550d705-7712-4019-a8b2-0f35da30918c&quot;,&quot;metadata&quot;:{&quot;trackonomics&quot;:{&quot;network_name&quot;:&quot;ls&quot;}},&quot;network&quot;:{&quot;name&quot;:&quot;Trackonomics&quot;},&quot;product_metadata&quot;:{&quot;0550d705-7712-4019-a8b2-0f35da30918c&quot;:{&quot;network_name&quot;:&quot;ls&quot;,&quot;link&quot;:&quot;https:\/\/click.linksynergy.com\/deeplink?id=2fv8O7DnZlc&amp;mid=49049&amp;murl=https%3A%2F%2Fwww.westwing.it%2Fbicchiere-vino-in-vetro-soffiato-con-rilievo-scanalato-prince-4-pz-136311.html&amp;u1={subid}&quot;}},&quot;afflink_redirect&quot;:&quot;\/_p\/afflink\/vX63\/westwing-bicchieri-da-vino-in-vetro&quot;}\" data-vars-ga-call-to-action=\"28\u00a0\u20ac su westwing.it\" data-vars-ga-media-role=\"1\" data-vars-ga-media-type=\"Embedded Gallery List\" data-vars-ga-outbound-link=\"https:\/\/www.westwing.it\/bicchiere-vino-in-vetro-soffiato-con-rilievo-scanalato-prince-4-pz-136311.html\" data-vars-ga-product-id=\"233eae4a-0616-44f1-8067-c4a58ed30168\" data-vars-ga-product-price=\"27,99\u00a0\u20ac\" data-vars-ga-product-retailer-id=\"9aeda239-cd3d-4a5c-9c70-35c6e394ed4c\" data-vars-ga-gallery-display=\"list\" data-vars-ga-link-treatment=\"(not set) | (not set)\" data-vars-ga-sku=\"136311\" data-vars-ga-magento-tracking=\"1\" class=\"product-image-link ebgq4gw2 e1b8bpvs0 css-g6od0w e1c1bym14\"><img  alt=\"Bicchieri da vino in vetro soffiato scanalato e lucentezza perlacea Juno 4 pz\" title=\"Bicchieri da vino in vetro soffiato scanalato e lucentezza perlacea Juno 4 pz\" src=\"https:\/\/www.europesays.com\/it\/wp-content\/uploads\/2025\/09\/1728463703-DEQ21WES18590-171628_3733264dbeda53e74467b234a2b62294_dtl_1.jpg\" width=\"1140\" height=\"1520\" decoding=\"async\" loading=\"lazy\"\/><\/a>Bicchieri da vino in vetro soffiato scanalato e lucentezza perlacea Juno 4 pzCredit: Courtesy photoRelated Stories<img src=\"https:\/\/www.europesays.com\/it\/wp-content\/uploads\/2025\/09\/9bb9290b-e06b-4dda-be1f-bd29cd028a5b_1734433546.jpg\" alt=\"Headshot of Eduardo Infante\" title=\"Headshot of Eduardo Infante\" width=\"100%\" height=\"100%\" decoding=\"async\" loading=\"lazy\" class=\"css-o0wq4v ev8dhu53\"\/><\/p>\n<p>Eduardo Infante \u00e8 un giornalista specializzato in lifestyle, in particolare in design, interior design, architettura, artigianato e decorazione.<br \/>\nPer quasi un decennio, ha concentrato la sua carriera sulla selezione e sulla scrittura degli sviluppi pi\u00f9 interessanti in questi campi: dalla ristrutturazione di una casa all&#8217;inaugurazione di un nuovo hotel, all&#8217;ultima collezione di mobili per esterni o al lancio di un libro specializzato.<br \/>\nLaureato in giornalismo all&#8217;Universit\u00e0 dei Paesi Baschi, prima di entrare nel team di Elle Decor Spain, ha lavorato come redattore presso AD Espa\u00f1a, la rivista Tentaciones o l&#8217;agenzia di stampa Europa. Come collaboratore, la sua firma \u00e8 apparsa regolarmente su media come El Pa\u00eds, Architecture and Design, Vanity Fair ed El Confidencial.<br \/>\nOltre al lavoro di giornalista, Eduardo Infante ha lavorato come consulente di comunicazione e curatore di contenuti per studi di interior design e architettura e come copy creativo per marchi del settore. Ha inoltre tenuto lezioni in diversi corsi rivolti a professionisti dell&#8217;interior design ed \u00e8 professore di materia di comunicazione del progetto nel Master of Interior Design presso lo IED di Madrid.<br \/>\nNel tempo libero, si dichiara un fan fatale di The Simpsons, dei podcast di True Crime, della musica Italo Disco e del vermouth.<\/p>\n","protected":false},"excerpt":{"rendered":"Anche se sembra incredibile, questa casa ad Antipatos, in Grecia, \u00e8 stata costruita su una struttura in cemento&hellip;\n","protected":false},"author":3,"featured_media":90433,"comment_status":"","ping_status":"","sticky":false,"template":"","format":"standard","meta":{"footnotes":"","_share_on_mastodon":"0"},"categories":[1446],"tags":[1615,1613,1614,1611,1610,2366,1612,1616,65315,203,6064,204,1537,90,89,7145,52905,15027],"class_list":["post-90432","post","type-post","status-publish","format-standard","has-post-thumbnail","category-arte-e-design","tag-arte","tag-arte-e-design","tag-arteedesign","tag-arts","tag-arts-and-design","tag-casa-bellissima","tag-design","tag-discover","tag-editorial","tag-entertainment","tag-grecia","tag-intrattenimento","tag-it","tag-italia","tag-italy","tag-mediterraneo","tag-patio","tag-piscina"],"share_on_mastodon":{"url":"","error":""},"_links":{"self":[{"href":"https:\/\/www.europesays.com\/it\/wp-json\/wp\/v2\/posts\/90432","targetHints":{"allow":["GET"]}}],"collection":[{"href":"https:\/\/www.europesays.com\/it\/wp-json\/wp\/v2\/posts"}],"about":[{"href":"https:\/\/www.europesays.com\/it\/wp-json\/wp\/v2\/types\/post"}],"author":[{"embeddable":true,"href":"https:\/\/www.europesays.com\/it\/wp-json\/wp\/v2\/users\/3"}],"replies":[{"embeddable":true,"href":"https:\/\/www.europesays.com\/it\/wp-json\/wp\/v2\/comments?post=90432"}],"version-history":[{"count":0,"href":"https:\/\/www.europesays.com\/it\/wp-json\/wp\/v2\/posts\/90432\/revisions"}],"wp:featuredmedia":[{"embeddable":true,"href":"https:\/\/www.europesays.com\/it\/wp-json\/wp\/v2\/media\/90433"}],"wp:attachment":[{"href":"https:\/\/www.europesays.com\/it\/wp-json\/wp\/v2\/media?parent=90432"}],"wp:term":[{"taxonomy":"category","embeddable":true,"href":"https:\/\/www.europesays.com\/it\/wp-json\/wp\/v2\/categories?post=90432"},{"taxonomy":"post_tag","embeddable":true,"href":"https:\/\/www.europesays.com\/it\/wp-json\/wp\/v2\/tags?post=90432"}],"curies":[{"name":"wp","href":"https:\/\/api.w.org\/{rel}","templated":true}]}}