{"id":90869,"date":"2025-09-06T02:44:18","date_gmt":"2025-09-06T02:44:18","guid":{"rendered":"https:\/\/www.europesays.com\/it\/90869\/"},"modified":"2025-09-06T02:44:18","modified_gmt":"2025-09-06T02:44:18","slug":"estratto-conto-contributivo-inps-2025-tutte-le-novita","status":"publish","type":"post","link":"https:\/\/www.europesays.com\/it\/90869\/","title":{"rendered":"Estratto conto contributivo INPS 2025: tutte le novit\u00e0"},"content":{"rendered":"<p><strong>Estratto conto contributivo 2025: l\u2019INPS introduce una nuova visualizzazione per semplificare la consultazione dei dati.<\/strong><\/p>\n<p data-start=\"186\" data-end=\"589\">L\u2019Istituto Nazionale di Previdenza Sociale ha rinnovato il servizio online che permette ai lavoratori di verificare i propri contributi versati e la posizione assicurativa. La novit\u00e0 riguarda l\u2019Estratto conto contributivo, ora presentato con una grafica pi\u00f9 intuitiva e funzioni pensate per facilitare la lettura dei periodi contributivi e l\u2019individuazione della gestione previdenziale di riferimento.<\/p>\n<p data-start=\"591\" data-end=\"858\">Secondo quanto comunicato dall\u2019<a style=\"color: #0000ff; text-decoration: underline;\" href=\"https:\/\/www.inps.it\/\" target=\"_blank\" rel=\"noopener nofollow\"><strong>INPS<\/strong><\/a> con un <strong>messaggio del 2 settembre 2025<\/strong>, l\u2019obiettivo \u00e8 offrire agli utenti un quadro chiaro, ordinato cronologicamente e pi\u00f9 semplice da navigare, cos\u00ec da avere una visione completa e aggiornata della propria carriera contributiva.<\/p>\n<p>Interfaccia rinnovata e consultazione semplificata<\/p>\n<p data-start=\"917\" data-end=\"1286\">Chi \u00e8 iscritto a una sola gestione potr\u00e0 <strong>visualizzare tutti i contributi in un\u2019unica schermata, uniforme e chiara<\/strong>. Per chi invece ha versamenti distribuiti in pi\u00f9 gestioni, il sistema mostra un riepilogo cronologico dei periodi assicurativi. Accanto a ogni periodo \u00e8 presente un\u2019icona che consente di aprire i dettagli specifici relativi alla gestione corrispondente.<\/p>\n<p>Informazioni aggiuntive sui contributi<\/p>\n<p data-start=\"1333\" data-end=\"1866\">La colonna \u201cTipo di contribuzione\u201d riporta la natura del lavoro svolto \u2014 ad esempio dipendente, autonomo o con orario part-time \u2014 e il tipo di versamento effettuato, come<strong> contributi obbligatori, figurativi, volontari o riscattati.<\/strong> Sono incluse anche note esplicative per segnalare eventuali anomalie, limitazioni nell\u2019uso di alcuni periodi, situazioni personali come pensioni gi\u00e0 in pagamento, o pratiche in corso che potrebbero modificare la posizione individuale, come riscatti di laurea o autorizzazioni ai versamenti volontari.<\/p>\n<p>Modalit\u00e0 di accesso<\/p>\n<p data-start=\"1894\" data-end=\"2319\">Il servizio \u00e8 disponibile sul portale istituzionale, nella sezione \u201cFascicolo previdenziale del cittadino\u201d, consultabile tramite <a style=\"color: #0000ff; text-decoration: underline;\" href=\"https:\/\/lentepubblica.it\/pa-digitale\/spid-come-richiederlo\/\" target=\"_blank\" rel=\"noopener nofollow\"><strong>SPID<\/strong><\/a> di livello 2 o superiore,<a style=\"color: #0000ff; text-decoration: underline;\" href=\"https:\/\/lentepubblica.it\/come-fare-per-pa\/carta-didentita-elettronica-cie\/\" target=\"_blank\" rel=\"noopener nofollow\"><strong> Carta d\u2019Identit\u00e0 Elettronica<\/strong><\/a>, <a style=\"color: #0000ff; text-decoration: underline;\" href=\"https:\/\/lentepubblica.it\/pa-digitale\/carta-nazionale-servizi\/\" target=\"_blank\" rel=\"noopener nofollow\"><strong>Carta Nazionale dei Servizi<\/strong><\/a> o <strong>sistema eIDAS<\/strong>. \u00c8 possibile ottenere le stesse informazioni anche contattando il Contact Center (803 164 da rete fissa, 06 164 164 da cellulare) oppure rivolgendosi a patronati e intermediari autorizzati.<\/p>\n<p>Segnalazioni e correzioni<\/p>\n<p data-start=\"2353\" data-end=\"2685\">Gli assicurati possono inviare direttamente online richieste di aggiornamento della propria posizione, segnalando eventuali incongruenze o periodi mancanti. Oltre al Fascicolo elettronico per le segnalazioni contributive, i dipendenti pubblici hanno a disposizione la \u201cRichiesta di Variazione della Posizione Assicurativa\u201d (RVPA).<\/p>\n<p data-start=\"2687\" data-end=\"3158\">L\u2019iniziativa rientra pertanto nel pi\u00f9 ampio<strong> Piano di Evoluzione dei Servizi 2024<\/strong>, che punta a modernizzare e velocizzare i canali digitali dell\u2019INPS, rendendo pi\u00f9 immediata la consultazione e favorendo un controllo accurato della propria storia previdenziale.<\/p>\n<p data-start=\"2687\" data-end=\"3158\">In questo modo, ogni lavoratore pu\u00f2 contare su un quadro completo, aggiornato e facilmente leggibile della propria situazione contributiva, con la possibilit\u00e0 di intervenire rapidamente per correggere eventuali errori.<\/p>\n<p>Estratto conto contributivo INPS 2025: il testo del messaggio INPS<\/p>\n<p data-start=\"2687\" data-end=\"3158\"><a style=\"color: #0000ff;\" href=\"https:\/\/lentepubblica.it\/wp-content\/uploads\/2025\/09\/16271_Messaggio-numero-2553-del-02-09-2025.pdf\" target=\"_blank\" rel=\"noopener nofollow\"><strong>Qui il documento completo.<\/strong><\/a><\/p>\n","protected":false},"excerpt":{"rendered":"Estratto conto contributivo 2025: l\u2019INPS introduce una nuova visualizzazione per semplificare la consultazione dei dati. L\u2019Istituto Nazionale di&hellip;\n","protected":false},"author":3,"featured_media":90870,"comment_status":"","ping_status":"","sticky":false,"template":"","format":"standard","meta":{"footnotes":""},"categories":[1481],"tags":[2065,2066,1064,3862,239,2063,2064,7710,1537,90,89,7462,240],"class_list":{"0":"post-90869","1":"post","2":"type-post","3":"status-publish","4":"format-standard","5":"has-post-thumbnail","7":"category-assistenza-sanitaria","8":"tag-assistenza-sanitaria","9":"tag-assistenzasanitaria","10":"tag-cittadini","11":"tag-contributi","12":"tag-health","13":"tag-health-care","14":"tag-healthcare","15":"tag-inps","16":"tag-it","17":"tag-italia","18":"tag-italy","19":"tag-novita","20":"tag-salute"},"share_on_mastodon":{"url":"","error":""},"_links":{"self":[{"href":"https:\/\/www.europesays.com\/it\/wp-json\/wp\/v2\/posts\/90869","targetHints":{"allow":["GET"]}}],"collection":[{"href":"https:\/\/www.europesays.com\/it\/wp-json\/wp\/v2\/posts"}],"about":[{"href":"https:\/\/www.europesays.com\/it\/wp-json\/wp\/v2\/types\/post"}],"author":[{"embeddable":true,"href":"https:\/\/www.europesays.com\/it\/wp-json\/wp\/v2\/users\/3"}],"replies":[{"embeddable":true,"href":"https:\/\/www.europesays.com\/it\/wp-json\/wp\/v2\/comments?post=90869"}],"version-history":[{"count":0,"href":"https:\/\/www.europesays.com\/it\/wp-json\/wp\/v2\/posts\/90869\/revisions"}],"wp:featuredmedia":[{"embeddable":true,"href":"https:\/\/www.europesays.com\/it\/wp-json\/wp\/v2\/media\/90870"}],"wp:attachment":[{"href":"https:\/\/www.europesays.com\/it\/wp-json\/wp\/v2\/media?parent=90869"}],"wp:term":[{"taxonomy":"category","embeddable":true,"href":"https:\/\/www.europesays.com\/it\/wp-json\/wp\/v2\/categories?post=90869"},{"taxonomy":"post_tag","embeddable":true,"href":"https:\/\/www.europesays.com\/it\/wp-json\/wp\/v2\/tags?post=90869"}],"curies":[{"name":"wp","href":"https:\/\/api.w.org\/{rel}","templated":true}]}}