{"id":90910,"date":"2025-09-06T03:19:19","date_gmt":"2025-09-06T03:19:19","guid":{"rendered":"https:\/\/www.europesays.com\/it\/90910\/"},"modified":"2025-09-06T03:19:19","modified_gmt":"2025-09-06T03:19:19","slug":"sogno-la-formula-1-verstappen-e-valentino-rossi-idoli","status":"publish","type":"post","link":"https:\/\/www.europesays.com\/it\/90910\/","title":{"rendered":"&#8220;Sogno la Formula 1. Verstappen e Valentino Rossi idoli\u201d"},"content":{"rendered":"<p class=\"art-text\" id=\"\">\n    Il <b>Gp di Monza<\/b> \u00e8 il teatro perfetto per un pilota italiano che ha voglia di stupire, con almeno un paio di sogni da tirare fuori dal cassetto. &#8220;Questa stagione sta andando abbastanza bene, ho imparato cose nuove nella guida e sono cresciuto in tutti gli aspetti&#8221;. <b>Lorenzo Fornaroli<\/b> ha 20 anni e le idee chiare. \u00c8 il leader del <b>Mondiale di Formula 2<\/b> con l\u2019Invicta Racing e un anno fa ha vinto il titolo in F3 proprio all\u2019ultima curva del <b>Gran Premio d\u2019Italia<\/b>, gara finale della stagione: &#8220;Mi giocavo tutto, ero in testa al Mondiale con un punto di vantaggio su Min\u00ec, ma quarto all\u2019ultimo giro \u2013 racconta all\u2019Adnkronos -. Nella curva finale ho passato Mansell, ho provato il tutto per tutto ed \u00e8 andata bene&#8221;.\n<\/p>\n<p class=\"art-text\" id=\"\">\n<p>    <b>Oggi sei in testa al Mondiale di Formula 2. Gli addetti ai lavori parlano molto bene di te&#8230;<\/b>\u00a0\n<\/p>\n<p class=\"art-text\" id=\"\">&#8220;Sono contento del mio percorso finora, ma un grande aiuto me lo ha dato la passata stagione. Ho imparato a stare pi\u00f9 composto, diciamo cos\u00ec. A non perdere la concentrazione nei momenti di forte pressione. Apprendo dai miei errori, ora sono fiducioso e carico per queste ultime 4 gare&#8221;. <\/p>\n<p class=\"art-text\" id=\"\">\n<p>    <b>In cosa ti senti cresciuto?<\/b>\u00a0\n<\/p>\n<p class=\"art-text\" id=\"\">\n    &#8220;Soprattutto nella comunicazione con gli ingegneri, per mandarli nella direzione giusta nelle scelte del setup. <b>La F2 \u00e8 complicata, ho commesso qualche errore nelle scorse gare ma sto guadagnando esperienza<\/b> e inizio a gestire tutto al meglio. Non posso sbagliare adesso&#8221;.\n<\/p>\n<p class=\"art-text\" id=\"\">\n<p>    <b>Il titolo dell\u2019anno scorso \u00e8 arrivato senza vittorie. Qual \u00e8 il segreto?<\/b>\u00a0\n<\/p>\n<p class=\"art-text\" id=\"\">&#8220;La costanza \u00e8 fondamentale se si vuole finire un campionato in buona posizione. Io cerco sempre di dare il massimo e approfittare di qualsiasi opportunit\u00e0. Poi, se c\u2019\u00e8 la possibilit\u00e0 di vincere cerco di non farla scappare&#8221;.<\/p>\n<p class=\"art-text\" id=\"\">\n<p>    <b>Come successo in Ungheria poche settimane fa, con il primo successo in gara lunga&#8230;<\/b>\u00a0\n<\/p>\n<p class=\"art-text\" id=\"\">\n    &#8220;\u00c8 stato un bel fine settimana, sono riuscito a mettere tutto insieme. Con il team e il mio compagno di squadra abbiamo lavorato benissimo, tirando fuori il massimo nella feature race, poi vinta. A fine gara ho anche imparato a ballare, mi sono divertito con una danza tipica ungherese&#8221;.\n<\/p>\n<p class=\"art-text\" id=\"\">\n<p>    <b>Prima hai vinto un\u2019altra gara iconica, la sprint di Silverstone. Hai pensato che un anno fa Antonelli, oggi in Formula 1 con la Mercedes, ha fatto lo stesso?<\/b>\u00a0\n<\/p>\n<p class=\"art-text\" id=\"\">&#8220;Vincendo quella gara mi sono tolto un bel peso. In tutta onest\u00e0, non ho pensato ad Antonelli. Cerco di ragionare solo su me stesso, per dare il massimo ogni giorno. Io e Kimi siamo grandi amici e spero di incontrarlo prima o poi in Formula 1&#8221;. <\/p>\n<p class=\"art-text\" id=\"\">\n<p>    <b>Arrivi al Gran Premio d\u2019Italia come l\u2019uomo da battere. Avverti un po\u2019 di pressione?<\/b>\u00a0\n<\/p>\n<p class=\"art-text\" id=\"\">&#8220;\u00c8 bello arrivare a Monza da leader, dopo la prima met\u00e0 della stagione, ma questo non cambier\u00e0 il mio approccio. \u00c8 la pista di casa, mi piace moltissimo e mi ha gi\u00e0 regalato belle emozioni&#8221;. <\/p>\n<p class=\"art-text\" id=\"\">\n<p>    <b>Il momento \u00e8 delicato e non permette distrazioni. Ad oggi, per\u00f2, qual \u00e8 il sogno di Leonardo Fornaroli?<\/b>\u00a0\n<\/p>\n<p class=\"art-text\" id=\"\">&#8220;Arrivare in Formula 1. Sto dando il massimo per riuscirci, ma sono concentrato per chiudere al meglio questo Mondiale. Pu\u00f2 ancora succedere di tutto&#8221;. <\/p>\n<p class=\"art-text\" id=\"\">\n<p>    <b>C\u2019\u00e8 un pilota in cui ti rivedi?<\/b>\u00a0\n<\/p>\n<p class=\"art-text\" id=\"\">&#8220;Max Verstappen, un idolo. Ogni giorno, sia dentro che fuori dalla pista, come lui cerco sempre di raggiungere la versione migliore di me stesso. Voglio tirare fuori il meglio da ogni cosa che faccio&#8221;. <\/p>\n<p class=\"art-text\" id=\"\">\n<p>    <b>Come ti sei avvicinato ai motori?<\/b>\u00a0\n<\/p>\n<p class=\"art-text\" id=\"\">&#8220;Da piccolo ho fatto tanti sport, ma nessuno riusciva ad appassionarmi e a divertirmi. La colpa \u00e8 stata di pap\u00e0. Ha avuto una carriera da pilota, ha iniziato con il motocross e poi si \u00e8 dato alle quattro ruote con Gt3. Una volta mi ha portato a provare i go kart, l\u00ec la folgorazione. Ogni giorno la richiesta di tornarci, poi nel 2014 la mia prima gara ufficiale. Non mi sono pi\u00f9 fermato\u201d. <\/p>\n<p class=\"art-text\" id=\"\">\n<p>    <b>In comune avete anche il tifo per Valentino Rossi&#8230;<\/b>\u00a0\n<\/p>\n<p class=\"art-text\" id=\"\">&#8220;\u00c8 sempre deciso e soprattutto divertente. Da vedere e da ascoltare, anche nelle interviste. Vale \u00e8 un\u2019icona del motorsport e mi piace molto la sua mentalit\u00e0, non solo in pista&#8221;. <\/p>\n<p class=\"art-text\" id=\"\">\n<p>    <b>Chi \u00e8 Leonardo fuori dalla pista?<\/b>\u00a0\n<\/p>\n<p class=\"art-text\" id=\"\">\n    \u201cUn ragazzo di 20 anni che prova ad avere una vita normale, allenandosi e passando il tempo libero con le persone a cui vuole bene. Mi piace correre all\u2019aperto, appena posso prendo ed esco, sfrutto questa passione per migliorare la mia condizione aerobica. Nel 2024 ho fatto anche la mezza maratona di Piacenza ed \u00e8 stato bellissimo, quest\u2019anno non ci sono riuscito per un problema al ginocchio. Mi sono dovuto fermare qualche mese, ma sto recuperando&#8221;. Leonardo va di corsa, non solo in pista. (di <b>Michele Antonelli<\/b>)\n<\/p>\n<p>Leggi anche<\/p>\n","protected":false},"excerpt":{"rendered":"Il Gp di Monza \u00e8 il teatro perfetto per un pilota italiano che ha voglia di stupire, con&hellip;\n","protected":false},"author":3,"featured_media":90911,"comment_status":"","ping_status":"","sticky":false,"template":"","format":"standard","meta":{"footnotes":""},"categories":[1454],"tags":[1770,683,1771,1537,90,89,245,244],"class_list":{"0":"post-90910","1":"post","2":"type-post","3":"status-publish","4":"format-standard","5":"has-post-thumbnail","7":"category-f1","8":"tag-f1","9":"tag-formula-1","10":"tag-formula1","11":"tag-it","12":"tag-italia","13":"tag-italy","14":"tag-sport","15":"tag-sports"},"share_on_mastodon":{"url":"","error":""},"_links":{"self":[{"href":"https:\/\/www.europesays.com\/it\/wp-json\/wp\/v2\/posts\/90910","targetHints":{"allow":["GET"]}}],"collection":[{"href":"https:\/\/www.europesays.com\/it\/wp-json\/wp\/v2\/posts"}],"about":[{"href":"https:\/\/www.europesays.com\/it\/wp-json\/wp\/v2\/types\/post"}],"author":[{"embeddable":true,"href":"https:\/\/www.europesays.com\/it\/wp-json\/wp\/v2\/users\/3"}],"replies":[{"embeddable":true,"href":"https:\/\/www.europesays.com\/it\/wp-json\/wp\/v2\/comments?post=90910"}],"version-history":[{"count":0,"href":"https:\/\/www.europesays.com\/it\/wp-json\/wp\/v2\/posts\/90910\/revisions"}],"wp:featuredmedia":[{"embeddable":true,"href":"https:\/\/www.europesays.com\/it\/wp-json\/wp\/v2\/media\/90911"}],"wp:attachment":[{"href":"https:\/\/www.europesays.com\/it\/wp-json\/wp\/v2\/media?parent=90910"}],"wp:term":[{"taxonomy":"category","embeddable":true,"href":"https:\/\/www.europesays.com\/it\/wp-json\/wp\/v2\/categories?post=90910"},{"taxonomy":"post_tag","embeddable":true,"href":"https:\/\/www.europesays.com\/it\/wp-json\/wp\/v2\/tags?post=90910"}],"curies":[{"name":"wp","href":"https:\/\/api.w.org\/{rel}","templated":true}]}}