{"id":90955,"date":"2025-09-06T03:55:09","date_gmt":"2025-09-06T03:55:09","guid":{"rendered":"https:\/\/www.europesays.com\/it\/90955\/"},"modified":"2025-09-06T03:55:09","modified_gmt":"2025-09-06T03:55:09","slug":"mondiali-volley-tra-litalia-e-la-finale-il-tabu-brasile-notizie","status":"publish","type":"post","link":"https:\/\/www.europesays.com\/it\/90955\/","title":{"rendered":"Mondiali volley, tra l&#8217;Italia e la finale il tab\u00f9 Brasile &#8211; Notizie"},"content":{"rendered":"<p>Italia-Brasile non \u00e8 mai una sfida banale. Che si tratti di calcio o di pallavolo, la fantasia al potere (sportivo) accende entusiasmi e timori. Che sono poi esattamente le emozioni vissute dalle azzurre del volley alla vigilia della semifinale mondiale, in programma domani a Bangkok alle 14.30 ora italiana.<\/p>\n<p>&#8220;Speriamo di batterle e sfatare questa statistica che ci vede sempre sconfitti ai Mondiali contro il Brasile&#8221;, dice Julio Velasco. Il tab\u00f9 mondiale e&#8217; un po&#8217; meno tabu&#8217; fuori dal perimetro iridato, visto che gli ultimi due incroci hanno sorriso alle azzurre di Velasco, contribuendo a costruire la serie di 34 vittorie di fila che il ct guarda con scetticismo.<\/p>\n<p>&#8220;Non conter\u00e0 per loro il passato, cos\u00ec come non conter\u00e0 per noi la serie: sar\u00e0 una partita a s\u00e8 stante. E soprattutto una bella partita&#8221;, la sua convinzione. Danesi, Egonu e compagne hanno battuto le brasiliane negli ultimi due incontri di Nations League: prima nella fase a gironi, 3-0 a Rio de Janeiro, poi nella finale di Lodz, con un 3-1.<\/p>\n<p>Per l&#8217;argentino Velasco ci sar\u00e0 poi una sfida nella sfida, quella col tecnico brasiliano Ze&#8217; Roberto: &#8220;Con lui scherziamo sempre, &#8216;sei ancora qua?..&#8217;, mi dice. E io, &#8216;s\u00ec, finche&#8217; non molli tu non mollo neanche io&#8221;. Pi\u00f9 o meno quello che succeder\u00e0 tra azzurre e brasiliane in campo domani.<\/p>\n<p>&#8220;Questa sar\u00e0 sicuramente una partita difficile, credo equilibrata e da giocare con grande attenzione &#8211; la convinzione del ct dell&#8217;Italia &#8211; Quello che posso dire \u00e8 che le ragazze stanno bene, stiamo lavorando bene, poi per\u00f2 sar\u00e0 il campo a parlare. Loro sono una squadra tecnica, piena di energia: mi aspetto un Brasile molto concentrato e pronto a dare tutto, come noi del resto. Sar\u00e0 una bella partita, poi speriamo di vincerla&#8230;&#8221;.<\/p>\n<p>A dar voce alla consapevolezza delle giocatrici, in questa vigilia, \u00e8 Yasmina Akrari. &#8220;Il Brasile \u00e8 indubbiamente una squadra dall&#8217;alto valore tecnico, e come noi anche loro hanno finora fatto un bel percorso. Hanno avuto dei momenti non semplici ma ne sono sempre venute fuori, come il secondo set del quarto con la Francia, e per questo sappiamo di affrontare una squadra molto forte. Dovremo farci trovare pronte &#8211; la sua conclusione &#8211; perch\u00e8 ne siamo certe: sar\u00e0 una battaglia&#8221;. Preceduta da quella dell&#8217;altra semifinale tra la Turchia &#8211; allenata da Daniele Santarelli, coach di successo e marito di Monica De Gennaro &#8211; e il Giappone.<\/p>\n<p class=\"article-copyright\">\n<p>Riproduzione riservata \u00a9 Copyright ANSA<\/p>\n","protected":false},"excerpt":{"rendered":"Italia-Brasile non \u00e8 mai una sfida banale. Che si tratti di calcio o di pallavolo, la fantasia al&hellip;\n","protected":false},"author":3,"featured_media":90956,"comment_status":"","ping_status":"","sticky":false,"template":"","format":"standard","meta":{"footnotes":""},"categories":[176],"tags":[7920,3734,1537,90,89,8057,1290,245,244],"class_list":{"0":"post-90955","1":"post","2":"type-post","3":"status-publish","4":"format-standard","5":"has-post-thumbnail","7":"category-sport","8":"tag-azzurro","9":"tag-brasile","10":"tag-it","11":"tag-italia","12":"tag-italy","13":"tag-julio-velasco","14":"tag-partita","15":"tag-sport","16":"tag-sports"},"share_on_mastodon":{"url":"","error":""},"_links":{"self":[{"href":"https:\/\/www.europesays.com\/it\/wp-json\/wp\/v2\/posts\/90955","targetHints":{"allow":["GET"]}}],"collection":[{"href":"https:\/\/www.europesays.com\/it\/wp-json\/wp\/v2\/posts"}],"about":[{"href":"https:\/\/www.europesays.com\/it\/wp-json\/wp\/v2\/types\/post"}],"author":[{"embeddable":true,"href":"https:\/\/www.europesays.com\/it\/wp-json\/wp\/v2\/users\/3"}],"replies":[{"embeddable":true,"href":"https:\/\/www.europesays.com\/it\/wp-json\/wp\/v2\/comments?post=90955"}],"version-history":[{"count":0,"href":"https:\/\/www.europesays.com\/it\/wp-json\/wp\/v2\/posts\/90955\/revisions"}],"wp:featuredmedia":[{"embeddable":true,"href":"https:\/\/www.europesays.com\/it\/wp-json\/wp\/v2\/media\/90956"}],"wp:attachment":[{"href":"https:\/\/www.europesays.com\/it\/wp-json\/wp\/v2\/media?parent=90955"}],"wp:term":[{"taxonomy":"category","embeddable":true,"href":"https:\/\/www.europesays.com\/it\/wp-json\/wp\/v2\/categories?post=90955"},{"taxonomy":"post_tag","embeddable":true,"href":"https:\/\/www.europesays.com\/it\/wp-json\/wp\/v2\/tags?post=90955"}],"curies":[{"name":"wp","href":"https:\/\/api.w.org\/{rel}","templated":true}]}}