{"id":91299,"date":"2025-09-06T08:17:19","date_gmt":"2025-09-06T08:17:19","guid":{"rendered":"https:\/\/www.europesays.com\/it\/91299\/"},"modified":"2025-09-06T08:17:19","modified_gmt":"2025-09-06T08:17:19","slug":"lo-volevamo-e-lo-dovevamo-fare-per-achi","status":"publish","type":"post","link":"https:\/\/www.europesays.com\/it\/91299\/","title":{"rendered":"Lo volevamo e lo dovevamo fare per Achi"},"content":{"rendered":"<p>Grazie alla vittoria in Gara-3 contro la Germani Brescia, la Virtus Segafredo Bologna ha conquistato lo Scudetto numero 17 della sua storia, il decimo da quando esiste la formula dei playoff (1976\/77).<\/p>\n<p>Il primo titolo italiano nella storia del club bianconero risale all&#8217;annata 1945\/46 mentre il pi\u00f9 recente trionfo risaliva all&#8217;annata 2020\/21. La Virtus resta al secondo posto nell&#8217;albo d&#8217;oro del campionato italiano per maggior numero di titoli vinti alle spalle dell&#8217;Olimpia Milano (31 Scudetti).<\/p>\n<p>Questo \u00e8 il settimo trofeo dell&#8217;era Zanetti dopo lo Scudetto 2021, le tre Supercoppe Italiane (2021, 2022 e 2023), la Basketball Champions League del 2019 e l&#8217;Eurocup del 2022.<\/p>\n<p>Zanetti: &#8220;Cercheremo di ringiovanire la squadra&#8221;<\/p>\n<p>Il presidente della Virtus Segafredo Bologna, Massimo Zanetti, ha rilasciato le seguenti dichiarazioni dopo la vittoria in Gara-3 che ha consegnato il titolo di Campioni d&#8217;Italia ai felsinei: &#8220;Io credo molto in questo allenatore, ovviamente non potevo firmare e dire &#8220;vinciamo lo Scudetto&#8221;, ma \u00e8 un tecnico con una grande esperienza e devo dire \u00e8 la prima volta che mi trovo d&#8217;accordo con le scelte che fa anche durante le partite&#8221;.<\/p>\n<p>E ancora: &#8220;Ogni sua decisione \u00e8 qualcosa che farei anche io, non \u00e8 uno che impone schemi rigidi, ma interpreta la gara in corso e questa \u00e8 una cosa che mi piace molto. La squadra la costruisce l&#8217;allenatore, non io, \u00e8 lui che ci indica le sue esigenze e i profili dei giocatori che desidera. Noi cerchiamo di accontentarlo il pi\u00f9 possibile. \u00c8 lui il responsabile dei risultati e dalle prime indicazioni che ho ricevuto, posso gi\u00e0 dire di essere soddisfatto&#8221;.<\/p>\n<p>E infine su Ivanovic: &#8220;Cercheremo di ringiovanire la squadra e probabilmente la faremo un po&#8217; pi\u00f9 lunga, perch\u00e9 ci saranno due interi campionati: 38 partite in Eurolega e 30 partite in campionato, quindi sar\u00e0 una cosa davvero massacrante. Ci vogliono ragazzi giovani, forti, robusti. Noi siamo sul mercato, vediamo le occasioni, vediamo i ragazzi che vogliono venire alla Virtus, perch\u00e9 io prendo solo giocatori che vogliono venire alla Virtus. Speriamo di fare una squadra forte come questa, se non pi\u00f9 forte&#8221;<\/p>\n<p>Belinelli:\u00a0&#8220;Questo Scudetto per me potrebbe essere la ciliegina&#8221;<\/p>\n<p>Queste le dichiarazioni del capitano della Virtus Segafredo Bologna, Marco Belinelli, ai microfoni di DAZN: \u201c\u00c8 Fantastico! Erano tanti anni che volevamo riportare lo Scudetto a Bologna, ma le finali con Milano non erano mai finite bene. Sicuramente stasera ci sono un sacco di emozioni in gioco e sono tutte fantastiche. Sappiamo del momento difficile di Achille, perci\u00f2 questa vittoria \u00e8 per lui&#8221;.<\/p>\n<p>La ciliegina sulla torta, &#8220;Questo Scudetto per me potrebbe essere la ciliegina, adesso per\u00f2 ho solo bisogno di staccare e riposarmi. Finire cos\u00ec \u00e8 quello che sognavo, nonostante l&#8217;annata faticosa e il dispendio di energie. L&#8217;importante per me quest&#8217;anno \u00e8 riuscire ad essere stato un buon capitano ed essere stato utile alla squadra\u201d<\/p>\n<p>Hackett: &#8220;Lo volevamo e lo dovevamo fare per Achi&#8221;<\/p>\n<p>Queste le dichiarazioni di Daniel Hackett nel post-partita di Gara-3: \u201cUn&#8217;emozione forte, lo volevamo e lo dovevamo fare per Achi, perch\u00e9 sappiamo che per lui \u00e8 un momento difficile, ma sappiamo che lotter\u00e0 e noi gli siamo tutti vicini&#8221;.<\/p>\n<p>&#8220;Emozioni anche per il vissuto di questo gruppo, per tutti gli anni in cui abbiamo dovuto masticare amaro per i secondi posti e per la pazienza che ha avuto la dirigenza nei nostri confronti, ma soprattutto per questi tifosi che ci seguono in giro per l&#8217;Europa. La mia soddisfazione pi\u00f9 grande, a 37 anni, \u00e8 vedere Momo Diouf campione, vedere Morgan crescere e vedere questi ragazzi tutti uniti. Tutto questo va oltre la vittoria ed \u00e8 la sensazione pi\u00f9 bella\u201d<br \/>&#13;<br \/>\n\u00a0<\/p>\n","protected":false},"excerpt":{"rendered":"Grazie alla vittoria in Gara-3 contro la Germani Brescia, la Virtus Segafredo Bologna ha conquistato lo Scudetto numero&hellip;\n","protected":false},"author":3,"featured_media":91300,"comment_status":"","ping_status":"","sticky":false,"template":"","format":"standard","meta":{"footnotes":""},"categories":[1453],"tags":[1756,1757,1537,90,89,13477,245,244],"class_list":{"0":"post-91299","1":"post","2":"type-post","3":"status-publish","4":"format-standard","5":"has-post-thumbnail","7":"category-basket","8":"tag-basket","9":"tag-basketball","10":"tag-it","11":"tag-italia","12":"tag-italy","13":"tag-lba-serie-a-virtus-bologna-segafredo-bologna-basket-scudetto","14":"tag-sport","15":"tag-sports"},"share_on_mastodon":{"url":"","error":""},"_links":{"self":[{"href":"https:\/\/www.europesays.com\/it\/wp-json\/wp\/v2\/posts\/91299","targetHints":{"allow":["GET"]}}],"collection":[{"href":"https:\/\/www.europesays.com\/it\/wp-json\/wp\/v2\/posts"}],"about":[{"href":"https:\/\/www.europesays.com\/it\/wp-json\/wp\/v2\/types\/post"}],"author":[{"embeddable":true,"href":"https:\/\/www.europesays.com\/it\/wp-json\/wp\/v2\/users\/3"}],"replies":[{"embeddable":true,"href":"https:\/\/www.europesays.com\/it\/wp-json\/wp\/v2\/comments?post=91299"}],"version-history":[{"count":0,"href":"https:\/\/www.europesays.com\/it\/wp-json\/wp\/v2\/posts\/91299\/revisions"}],"wp:featuredmedia":[{"embeddable":true,"href":"https:\/\/www.europesays.com\/it\/wp-json\/wp\/v2\/media\/91300"}],"wp:attachment":[{"href":"https:\/\/www.europesays.com\/it\/wp-json\/wp\/v2\/media?parent=91299"}],"wp:term":[{"taxonomy":"category","embeddable":true,"href":"https:\/\/www.europesays.com\/it\/wp-json\/wp\/v2\/categories?post=91299"},{"taxonomy":"post_tag","embeddable":true,"href":"https:\/\/www.europesays.com\/it\/wp-json\/wp\/v2\/tags?post=91299"}],"curies":[{"name":"wp","href":"https:\/\/api.w.org\/{rel}","templated":true}]}}