{"id":91574,"date":"2025-09-06T11:00:12","date_gmt":"2025-09-06T11:00:12","guid":{"rendered":"https:\/\/www.europesays.com\/it\/91574\/"},"modified":"2025-09-06T11:00:12","modified_gmt":"2025-09-06T11:00:12","slug":"maicon-juve-inter-conta-tanto-chivu-ho-una-convinzione-dumfries","status":"publish","type":"post","link":"https:\/\/www.europesays.com\/it\/91574\/","title":{"rendered":"Maicon: &#8220;Juve-Inter conta tanto. Chivu? Ho una convinzione. Dumfries&#8230;&#8221;"},"content":{"rendered":"<p>Intervistato da Tuttosport, l&#8217;ex nerazzurro ha toccato diversi argomenti partendo dal big match Juve-Inter<\/p>\n<p>Intervistato da <strong>Tuttosport<\/strong>, <strong>Maicon<\/strong> tocca diversi argomenti. Il primo riguarda il big match della terza giornata tra Juve-Inter. Per il brasiliano \u00e8 una gara che vale tanto nonostante il campionato sia appena iniziato.&#8221;Juve-Inter di domenica prossima conta gi\u00e0 tanto. I bianconeri sono partiti bene e con loro \u00e8 sempre dura. L\u2019Inter dopo la grande partita col Toro ha rallentato contro l\u2019Udinese e deve dare subito un segnale forte al campionato&#8221;.\u00a0<\/p>\n<p><strong>Partiamo subito forte: chi \u00e8 la favorita per lo Scudetto?\u00a0<\/strong><\/p>\n<p>\u00abDico il Napoli. Chi parte col tricolore sul petto \u00e8 sempre la squadra da battere, anche se come rosa l\u2019Inter resta la pi\u00f9 forte\u00bb.\u00a0<\/p>\n<p>I nerazzurri in estate hanno scommesso sul suo amico Chivu in panchina. Se lo aspettava?\u2014 \u00a0<\/p>\n<p>\u00abCristian quando giocava era gi\u00e0 una sorta di allenatore in campo. Lui e il Cuchu Cambiasso ci guidavano in partita, dettando i movimenti ed erano sempre molto attenti a ogni aspetto tattico durante gli allenamenti. Ero sicuro che Chivu avrebbe fatto carriera in panchina e sono convinto possa fare davvero bene con l\u2019Inter. \u00c8 molto preparato\u00bb.\u00a0<\/p>\n<p>Caratterialmente pu\u00f2 reggere le pressioni di una piazza esigente come quella interista col peso dell\u2019eredit\u00e0 lasciata da Inzaghi?\u2014 \u00a0<\/p>\n<p>\u00abCerto che s\u00ec. Chivu \u00e8 un gentleman e una persona eccezionale dal punto di vista umano, ma si sa far rispettare quando serve\u00bb.\u00a0<\/p>\n<p>Dumfries nei mesi scorsi ha raccontato di ispirarsi a lei. Le piace come suo erede?\u2014 \u00a0<\/p>\n<p>\u00abMoltissimo. Ho apprezzato tantissimo queste sue parole. Denzel \u00e8 veramente forte e ha un po\u2019 delle mie caratteristiche. Fa la differenza sulla fascia\u00bb.\u00a0\u00a0<\/p>\n<p>Restando in tema di terzini: il suo podio dei migliori laterali destri della Serie A?\u2014 \u00a0<\/p>\n<p>\u00abIn vetta metto Dumfries e poi Dod\u00f2 che negli ultimi \u00e8 cresciuto tantissimo. Ovviamente non posso non citare Di Lorenzo, che da anni resta uno dei migliori\u00bb.\u00a0\u00a0<\/p>\n<p>I duelli tra l\u2019Inter e la Vecchia Signora le rievocano dolci ricordi.\u2014 \u00a0<\/p>\n<p>\u00abNel 2010 segnai alla Juve il gol pi\u00f9 bello della mia carriera. Una rete fondamentale nella corsa allo Scudetto. Fu un gesto tecnico incredibile. Non ebbi neanche tempo di pensare: spiove il pallone, lo stoppo, faccio il sombrero ad Amauri e tiro all\u2019incrocio! Poteva finire in tribuna, ma \u00e8 andata bene (ride, ndr)\u00bb.\u00a0\u00a0<\/p>\n<p class=\"is-copyright\">\u00a9 RIPRODUZIONE RISERVATA<\/p>\n","protected":false},"excerpt":{"rendered":"Intervistato da Tuttosport, l&#8217;ex nerazzurro ha toccato diversi argomenti partendo dal big match Juve-Inter Intervistato da Tuttosport, Maicon&hellip;\n","protected":false},"author":3,"featured_media":91575,"comment_status":"","ping_status":"","sticky":false,"template":"","format":"standard","meta":{"footnotes":"","_share_on_mastodon":"0"},"categories":[1452],"tags":[6211,8113,6512,65940,721,1856,1902,2839,4023,2391,65941,31512,1740,3440,350,65942,65943,1537,90,89,565,63297,65944,1894,2052,3484,1290,1434,6072,1739,245,244,42564,32263],"class_list":["post-91574","post","type-post","status-publish","format-standard","has-post-thumbnail","category-calcio","tag-allenamenti","tag-argomenti","tag-big","tag-big-match","tag-calcio","tag-campionato","tag-carriera","tag-chivu","tag-conta","tag-diversi","tag-diversi-argomenti","tag-dumfries","tag-football","tag-forte","tag-inter","tag-intervistato","tag-intervistato-tuttosport","tag-it","tag-italia","tag-italy","tag-juve","tag-juve-inter","tag-maicon","tag-match","tag-migliori","tag-panchina","tag-partita","tag-resta","tag-scudetto","tag-soccer","tag-sport","tag-sports","tag-tantissimo","tag-tuttosport"],"share_on_mastodon":{"url":"","error":""},"_links":{"self":[{"href":"https:\/\/www.europesays.com\/it\/wp-json\/wp\/v2\/posts\/91574","targetHints":{"allow":["GET"]}}],"collection":[{"href":"https:\/\/www.europesays.com\/it\/wp-json\/wp\/v2\/posts"}],"about":[{"href":"https:\/\/www.europesays.com\/it\/wp-json\/wp\/v2\/types\/post"}],"author":[{"embeddable":true,"href":"https:\/\/www.europesays.com\/it\/wp-json\/wp\/v2\/users\/3"}],"replies":[{"embeddable":true,"href":"https:\/\/www.europesays.com\/it\/wp-json\/wp\/v2\/comments?post=91574"}],"version-history":[{"count":0,"href":"https:\/\/www.europesays.com\/it\/wp-json\/wp\/v2\/posts\/91574\/revisions"}],"wp:featuredmedia":[{"embeddable":true,"href":"https:\/\/www.europesays.com\/it\/wp-json\/wp\/v2\/media\/91575"}],"wp:attachment":[{"href":"https:\/\/www.europesays.com\/it\/wp-json\/wp\/v2\/media?parent=91574"}],"wp:term":[{"taxonomy":"category","embeddable":true,"href":"https:\/\/www.europesays.com\/it\/wp-json\/wp\/v2\/categories?post=91574"},{"taxonomy":"post_tag","embeddable":true,"href":"https:\/\/www.europesays.com\/it\/wp-json\/wp\/v2\/tags?post=91574"}],"curies":[{"name":"wp","href":"https:\/\/api.w.org\/{rel}","templated":true}]}}