{"id":92014,"date":"2025-09-06T15:45:13","date_gmt":"2025-09-06T15:45:13","guid":{"rendered":"https:\/\/www.europesays.com\/it\/92014\/"},"modified":"2025-09-06T15:45:13","modified_gmt":"2025-09-06T15:45:13","slug":"15mila-alla-manifestazione-blitz-dei-centri-sociali-al-pirellino","status":"publish","type":"post","link":"https:\/\/www.europesays.com\/it\/92014\/","title":{"rendered":"15mila alla manifestazione, blitz dei centri sociali al Pirellino"},"content":{"rendered":"<p>\u00c8 partito il corteo del <a href=\"https:\/\/www.milanotoday.it\/tag\/leoncavallo\/\" rel=\"nofollow noopener\" target=\"_blank\">Leoncavallo<\/a> organizzato dopo lo sgombero del centro sociale avvenuto il 21 agosto. Gi\u00e0 intorno alle 12, dalla stazione Centrale sono partiti i manifestanti dei centri sociali. La questura non era stata preavvisata della manifestazione. Diversi gli striscioni con il motto della protesta: \u201cContro la citt\u00e0 dei padroni\u201d.\u00a0<\/p>\n<p>Secondo quanto appreso, sarebbero circa 5mila le persone scese in piazza, membri di centri sociali e realt\u00e0 autogestite, che hanno deciso di non partire con il corteo ufficiale. Alle 13.30 circa alcuni manifestanti sono entrati nel cantiere del Pirellino in via Melchiorre Gioia imbrattando le impalcature di vernice. Si sono arrampicati sulla struttura e hanno appeso uno striscione: \u201cOccupa \u00e8 giusto\u201d.<\/p>\n<p>Manfredi Catella, presidente di Coima che \u00e8 proprietaria di quello stabile, ha commentato: \u201cLe manifestazioni violente con azioni illegali e occupazioni abusive da parte dei cortei formati dai centri sociali, con la partecipazione di rappresentanti di espressioni politiche, rappresentano evidentemente la nuova proposta del cosiddetto modello Milano, che interpreta la democrazia urbanistica invocata da alcuni. L\u2019opinione pubblica potr\u00e0 scegliere se questa \u00e8 la Milano che vogliamo\u201d.\u00a0<\/p>\n<p>Durante la passeggiata alcuni manifestanti hanno lanciato uova ed esploso petardi contro le forze di polizia in presidio.\u00a0<\/p>\n<p>Il gruppo autorizzato<\/p>\n<p>Il secondo gruppo, composto attualmente principalmente da esponenti politici e sigle sindacali, \u00e8 partito da Porta Venezia. I due gruppi si sono riuniti.<\/p>\n<p>\u201cNon \u00e8 una contraddizione essere qua &#8211; ha detto il segretario cittadino del Pd, Alessandro Capelli &#8211; perch\u00e8 lo dobbiamo alla storia di Milano, che \u00e8 anche la storia di tanti noi. Abbiamo deciso che non potevamo non essere qui ma contemporaneamente abbiamo deciso di lasciare libert\u00e0 alle persone perch\u00e9 qui contano anche le storie personali e abbiamo deciso di non imporre al corteo le bandiere del Pd perch\u00e9 essendo un corteo plurale ci teniamo a esserci sapendo che il ruolo del Pd \u00e8 un altro. In questo momento il partito ha il ruolo di dover dare anche delle risposte a quello che questa piazza chiede e pensiamo che non ci sia nessun imbarazzo e nessuna contraddizione\u201d.<\/p>\n<p><img decoding=\"async\" src=\"https:\/\/www.europesays.com\/it\/wp-content\/uploads\/2025\/09\/lo-striscione-affisso-in-piazza-cinque-giornate-foto-g-mannu.jpeg\" alt=\"Lo striscione affisso in piazza Cinque Giornate (foto G.Mannu)\" title=\"Lo striscione affisso in piazza Cinque Giornate (foto G.Mannu)\"\/><\/p>\n<p>In testa al corteo anche il leader di Avis, Nicola Fratoianni, e l&#8217;europarlamentare Ilaria Salis. \u201cSiamo qui per difendere una storia che esiste ancora, la storia di cui in questo Paese per molti anni, molti decenni, ha immaginato e costruito un&#8217;alternativa all&#8217;idea che le relazioni che caratterizzano le nostre vite siano solo mercato, siano solo scambio di denaro\u201d, ha detto Fratoianni. \u201cOggi nelle citt\u00e0 si riducono gli spazi sociali, si riducono gli spazi per la cultura, per l&#8217;arte, per l&#8217;accoglienza, e invece noi ne abbiamo uno straordinario bisogno. Il Leoncavallo va difeso per questo, come ogni altra esperienza che abbia questo obiettivo\u201d.<\/p>\n<p>\u201cCome Anpi siamo qui in piazza a Milano perch\u00e9 la vicenda del Leoncavallo ha dato il segno di una destra arrogante e di una destra che in qualche modo vuole provocare una citt\u00e0 che gli \u00e8 ostile &#8211; ha detto Primo Minelli &#8211; presidente dell&#8217;Anpi di Milano -. La seconda ragione \u00e8 perch\u00e9 questa \u00e8 una piazza antifascista e in quanto tale l&#8217;Anpi non pu\u00f2 che essere presente su questa piazza. La cosa importante \u00e8 che questa piazza sia unitaria, partecipata e di massa anche perch\u00e9 questa cosa \u00e8 anche una manifestazione che guarda al domani di Milano. Se la destra con il blitz al Leoncavallo voleva avere lo scalpo di Milano, questa \u00e8 la risposta di Milano\u201d, ha concluso.<br \/>\u00a0<\/p>\n<p><img decoding=\"async\" src=\"https:\/\/www.europesays.com\/it\/wp-content\/uploads\/2025\/09\/la-partenza-in-porta-venezia-foto-g-mannu.jpeg\" alt=\"La partenza in Porta Venezia (foto G.Mannu)\" title=\"La partenza in Porta Venezia (foto G.Mannu)\"\/><\/p>\n<p>Percorso e strade chiuse<\/p>\n<p>Il corteo ufficiale \u00e8 partito dai Bastioni di Porta Venezia. Da piazza Oberdan toccher\u00e0 viale Majno, viale Bianca Maria, viale Regina Margherita, viale Caldara, corsa di Porta Romana, via Francesco Sforza, largo Augusto, via Verziere, piazza Fontana.<\/p>\n<p>L&#8217;incognita di piazza Duomo<\/p>\n<p>Stando al percorso reso noto anche dal municipio, la manifestazione terminer\u00e0 in piazza Fontana. Per gli organizzatori la destinazione finale sarebbe dovuta essere <a href=\"https:\/\/www.milanotoday.it\/cronaca\/corteo-leoncavallo-2025.html\" rel=\"nofollow noopener\" target=\"_blank\">piazza Duomo<\/a>. Il questore non ha concesso l&#8217;autorizzazione all&#8217;ultima fermata, anche perch\u00e9 nelle stesse ore nella cattedrale ci sar\u00e0 l&#8217;arcivescovo Mario Delpini per il Giubileo delle scuole. In ogni caso, non \u00e8 ancora del tutto escluso che ai manifestanti venga concesso il passaggio in Duomo.\u00a0<\/p>\n<p>Chi partecipa<\/p>\n<p>Diversi gli esponenti politici che hanno confermato la propria partecipazione. Tra loro il segretario cittadino del Pd, Alessandro Capelli, e il capogruppo in Regione, Pierfrancesco Majorino. Presenti anche gli esponenti di Arci, Anpi e Cgil. Non mancano gli street artist che negli anni hanno realizzato opere dentro al Leoncavallo e quelli che ne sostengono il valore artistico, ma anche i Pro Pal e le attiviste di \u2018Non una di meno\u2019.\u00a0<\/p>\n","protected":false},"excerpt":{"rendered":"\u00c8 partito il corteo del Leoncavallo organizzato dopo lo sgombero del centro sociale avvenuto il 21 agosto. Gi\u00e0&hellip;\n","protected":false},"author":3,"featured_media":92015,"comment_status":"","ping_status":"","sticky":false,"template":"","format":"standard","meta":{"footnotes":"","_share_on_mastodon":"0"},"categories":[6],"tags":[14,8,1537,90,89,48229,13166,7,15,82,9,83,10,13,11,80,84,12,81,85],"class_list":["post-92014","post","type-post","status-publish","format-standard","has-post-thumbnail","category-ultime-notizie","tag-cronaca","tag-headlines","tag-it","tag-italia","tag-italy","tag-leoncavallo","tag-manifestazioni","tag-news","tag-notizie","tag-notizie-di-cronaca","tag-notizie-principali","tag-notiziedicronaca","tag-notizieprincipali","tag-titoli","tag-ultime-notizie","tag-ultime-notizie-di-cronaca","tag-ultime-notizie-e-news-di-oggi","tag-ultimenotizie","tag-ultimenotiziedicronaca","tag-ultimenotizieenewsdioggi"],"share_on_mastodon":{"url":"","error":""},"_links":{"self":[{"href":"https:\/\/www.europesays.com\/it\/wp-json\/wp\/v2\/posts\/92014","targetHints":{"allow":["GET"]}}],"collection":[{"href":"https:\/\/www.europesays.com\/it\/wp-json\/wp\/v2\/posts"}],"about":[{"href":"https:\/\/www.europesays.com\/it\/wp-json\/wp\/v2\/types\/post"}],"author":[{"embeddable":true,"href":"https:\/\/www.europesays.com\/it\/wp-json\/wp\/v2\/users\/3"}],"replies":[{"embeddable":true,"href":"https:\/\/www.europesays.com\/it\/wp-json\/wp\/v2\/comments?post=92014"}],"version-history":[{"count":0,"href":"https:\/\/www.europesays.com\/it\/wp-json\/wp\/v2\/posts\/92014\/revisions"}],"wp:featuredmedia":[{"embeddable":true,"href":"https:\/\/www.europesays.com\/it\/wp-json\/wp\/v2\/media\/92015"}],"wp:attachment":[{"href":"https:\/\/www.europesays.com\/it\/wp-json\/wp\/v2\/media?parent=92014"}],"wp:term":[{"taxonomy":"category","embeddable":true,"href":"https:\/\/www.europesays.com\/it\/wp-json\/wp\/v2\/categories?post=92014"},{"taxonomy":"post_tag","embeddable":true,"href":"https:\/\/www.europesays.com\/it\/wp-json\/wp\/v2\/tags?post=92014"}],"curies":[{"name":"wp","href":"https:\/\/api.w.org\/{rel}","templated":true}]}}