{"id":9282,"date":"2025-07-26T07:30:09","date_gmt":"2025-07-26T07:30:09","guid":{"rendered":"https:\/\/www.europesays.com\/it\/9282\/"},"modified":"2025-07-26T07:30:09","modified_gmt":"2025-07-26T07:30:09","slug":"helen-mirren-il-nonno-colonnello-dello-zar-la-masseria-in-salento-e-il-videoclip-con-checco-zalone","status":"publish","type":"post","link":"https:\/\/www.europesays.com\/it\/9282\/","title":{"rendered":"Helen Mirren: il nonno colonnello dello Zar, la masseria in Salento e il videoclip con Checco Zalone"},"content":{"rendered":"<p class=\"chapter-paragraph\"><b>Compie oggi 80 anni\u00a0Helen Mirren<\/b>: l&#8217;attrice, premio Oscar nel 2007 per \u00abThe Queen &#8211; La regina\u00bb, \u00e8 nata a Londra il 26 luglio 1945, seconda di tre fratelli. <b>La sua famiglia ha origini russe<\/b>: il nonno paterno,\u00a0P\u00ebtr Vasil&#8217;evi\u010d Mironov, era un nobile, colonnello dell&#8217;esercito dello Zar Nicola II, che\u00a0nel 1917 si trovava a Londra per negoziare una fornitura di armamenti con il governo britannico. Dopo lo scoppio della Rivoluzione d&#8217;ottobre decise di non fare pi\u00f9 ritorno in patria e di rimanere nel Regno Unito. Vasilij Petrovi\u010d Mironov, il padre di Mirren (che all&#8217;anagrafe \u00e8 Ilyena Lydia Vasilievna Mironov),\u00a0fu violista nell&#8217;Orchestra Filarmonica di Londra fino allo scoppio della seconda guerra mondiale. Dopo il 1945 lavor\u00f2 come tassista e istruttore di scuola guida, diventando poi funzionario al Ministero dei trasporti del Regno Unito. Nel 1951 cambi\u00f2 il cognome di famiglia in Mirren.<\/p>\n","protected":false},"excerpt":{"rendered":"Compie oggi 80 anni\u00a0Helen Mirren: l&#8217;attrice, premio Oscar nel 2007 per \u00abThe Queen &#8211; La regina\u00bb, \u00e8 nata&hellip;\n","protected":false},"author":3,"featured_media":9283,"comment_status":"","ping_status":"","sticky":false,"template":"","format":"standard","meta":{"footnotes":"","_share_on_mastodon":"0"},"categories":[174],"tags":[1495,7738,12166,12167,12168,2304,12169,12170,12171,1902,9180,12058,12059,640,12172,12062,12173,12174,203,12175,1909,12176,454,7824,12053,12063,1347,12177,12178,11056,12064,204,12179,1537,90,89,5122,12180,426,12054,2197,12181,12165,12065,6707,12182,12183,11043,651,12184,12055,12163,12056,3121,8384,628,12057,12164,12075],"class_list":["post-9282","post","type-post","status-publish","format-standard","has-post-thumbnail","category-intrattenimento","tag-altre","tag-attrice","tag-attrice-premio","tag-attrice-premio-oscar","tag-award","tag-britannico","tag-buckingham","tag-buckingham-palace","tag-buckingham-palace-te","tag-carriera","tag-cavalli","tag-checco","tag-checco-zalone","tag-cinema","tag-colonnello","tag-elisabetta","tag-elisabetta-ii","tag-elisabetta-ii-the","tag-entertainment","tag-excalibur","tag-famiglia","tag-farcela","tag-film","tag-giorgio","tag-helen","tag-helen-mirren","tag-ii","tag-ii-the","tag-ii-the-queen","tag-incontrato","tag-interpretazione","tag-intrattenimento","tag-invitata","tag-it","tag-italia","tag-italy","tag-londra","tag-londra-luglio","tag-luglio","tag-masseria","tag-miglior","tag-miglior-attrice","tag-mironov","tag-mirren","tag-nata","tag-nata-londra","tag-nata-londra-luglio","tag-nonno","tag-oscar","tag-oscar-the","tag-queen","tag-queen-regina","tag-regina","tag-salento","tag-stanza","tag-the","tag-the-queen","tag-the-queen-regina","tag-zalone"],"share_on_mastodon":{"url":"","error":""},"_links":{"self":[{"href":"https:\/\/www.europesays.com\/it\/wp-json\/wp\/v2\/posts\/9282","targetHints":{"allow":["GET"]}}],"collection":[{"href":"https:\/\/www.europesays.com\/it\/wp-json\/wp\/v2\/posts"}],"about":[{"href":"https:\/\/www.europesays.com\/it\/wp-json\/wp\/v2\/types\/post"}],"author":[{"embeddable":true,"href":"https:\/\/www.europesays.com\/it\/wp-json\/wp\/v2\/users\/3"}],"replies":[{"embeddable":true,"href":"https:\/\/www.europesays.com\/it\/wp-json\/wp\/v2\/comments?post=9282"}],"version-history":[{"count":0,"href":"https:\/\/www.europesays.com\/it\/wp-json\/wp\/v2\/posts\/9282\/revisions"}],"wp:featuredmedia":[{"embeddable":true,"href":"https:\/\/www.europesays.com\/it\/wp-json\/wp\/v2\/media\/9283"}],"wp:attachment":[{"href":"https:\/\/www.europesays.com\/it\/wp-json\/wp\/v2\/media?parent=9282"}],"wp:term":[{"taxonomy":"category","embeddable":true,"href":"https:\/\/www.europesays.com\/it\/wp-json\/wp\/v2\/categories?post=9282"},{"taxonomy":"post_tag","embeddable":true,"href":"https:\/\/www.europesays.com\/it\/wp-json\/wp\/v2\/tags?post=9282"}],"curies":[{"name":"wp","href":"https:\/\/api.w.org\/{rel}","templated":true}]}}