{"id":93562,"date":"2025-09-07T10:47:11","date_gmt":"2025-09-07T10:47:11","guid":{"rendered":"https:\/\/www.europesays.com\/it\/93562\/"},"modified":"2025-09-07T10:47:11","modified_gmt":"2025-09-07T10:47:11","slug":"cri-commissariata-petizione-dei-soci","status":"publish","type":"post","link":"https:\/\/www.europesays.com\/it\/93562\/","title":{"rendered":"Cri commissariata, petizione dei soci"},"content":{"rendered":"\n<p> I soci di Como chiedono alla Croce Rossa nazionale di annullare il commissariamento.<\/p>\n<p> Gira una petizione tra i volontari del comitato comasco redatta all\u2019indomani dell\u2019azzeramento del direttivo locale imposto da Roma. Una decisione presa alla luce delle gravi accuse mosse nella gestione del centro migranti di via Oltrecolle. Effettuati i sopralluoghi, i responsabili hanno rilevato scarse condizioni igienico sanitarie, degrado, sporcizia e quindi hanno messo alla porta i colleghi comaschi. Volontari che per\u00f2 nella petizione intendono \u00abmanifestare l\u2019assoluto stupore nell\u2019apprendere una tal decisione e sottolineare la disapprovazione della stessa\u00bb.<\/p>\n<p> Il destinatario \u00e8 il presidente nazionale <strong class=\"nero\">Rosario Gianluca Valastro<\/strong>.<\/p>\n<p>Leggi anche<\/p>\n<p><a href=\"https:\/\/www.laprovinciadicomo.it\/stories\/premium\/como-citta\/centro-migranti-cri-commissariato-le-accuse-nel-verbale-o_3288749_11\/\" rel=\"nofollow noopener\" target=\"_blank\"><br \/>\n<img decoding=\"async\" alt=\"\" class=\"lozad\" src=\"https:\/\/www.europesays.com\/it\/wp-content\/uploads\/2025\/09\/centro-migranti-cri-commissariato-le-accuse-nel-verbale-degrado-e-piccioni_8a7845ae-8974-11f0-947c-f.webp\" bad-src=\"https:\/\/www.europesays.com\/it\/wp-content\/uploads\/2025\/09\/centro-migranti-cri-commissariato-le-accuse-nel-verbale-degrado-e-piccioni_8a7845ae-8974-11f0-947c-f.webp\"\/><br \/>\n<\/a><\/p>\n<p>  Tornati alla normalit\u00e0 <\/p>\n<p> \u00abDopo le vicende drammatiche di cinque anni fa ed il successivo lungo periodo di commissariamento \u2013 si legge nel documento &#8211; resosi necessario per correggere una situazione ormai sull\u2019orlo del tracollo, da poco pi\u00f9 di un anno il Comitato di Como era tornato ad una normale vita associativa. Il presidente, unitamente a tutto il consiglio direttivo, ha riacceso in tanti soci demotivati il vero spirito volontaristico che contraddistingue l\u2019associazione, con azioni concrete, nel pieno rispetto del piano concordatario sottoscritto dal precedente commissario\u00bb. La Croce Rossa di Como, travolta dai debiti accumulati prima della pandemia, deve pagare somme ancora ingenti. Ora per\u00f2 il comitato, spiegano i firmatari della petizione, stava riassestando i conti e ricomponendo l\u2019organico, \u00abprima demansionato a causa della mancanza di fondi\u00bb.<\/p>\n<p>Leggi anche<\/p>\n<p><a href=\"https:\/\/www.laprovinciadicomo.it\/stories\/premium\/como-citta\/il-presidente-regionale-della-cri-abbiamo-agito-subito-o_3288884_11\/\" rel=\"nofollow noopener\" target=\"_blank\"><br \/>\n<img decoding=\"async\" alt=\"\" class=\"lozad\" src=\"https:\/\/www.europesays.com\/it\/wp-content\/uploads\/2025\/09\/il-presidente-regionale-della-cri-abbiamo-agito-subito-e-ora-si-puo-ripartire_91397dee-8998-11f0-947.webp\" bad-src=\"https:\/\/www.europesays.com\/it\/wp-content\/uploads\/2025\/09\/il-presidente-regionale-della-cri-abbiamo-agito-subito-e-ora-si-puo-ripartire_91397dee-8998-11f0-947.webp\"\/><br \/>\n<\/a><\/p>\n<p> \u00abRelativamente al centro migranti gestito dal Comitato, al di l\u00e0 degli errori commessi \u2013 recita sempre il documento &#8211; sottolineiamo solo come in oltre due anni l\u2019accoglienza degli ospiti sia stata ottimale, con un rapporto umano che pi\u00f9 volte ha portato gli ospiti gi\u00e0 trasferiti negli altri centri d\u2019accoglienza a tornare per un saluto, fino addirittura a battezzare una bimba con il nome di una nostra operatrice in segno di gratitudine. In due casi nostri ospiti hanno trovato un lavoro grazie alla nostra segnalazione. Dal punto di vista sanitario nessun migrante al momento del trasferimento ha mai riscontrato problemi di salute (se non quelli gi\u00e0 trattati dal nostro direttore sanitario) e qualsiasi segnalazione di vulnerabilit\u00e0 al momento dello sbarco \u00e8 stata prontamente gestita a tutela della persona in collaborazione con gli organi prefettizi\u00bb.<\/p>\n<p> Il comitato di Como rivendica di stare portando avanti la gara per il 118 del prossimo triennio, l\u2019affidamento per il trasporto dei pazienti in dialisi, oltre a diverse convenzioni con Comuni e privati.<\/p>\n<p>  Senza motivazioni <\/p>\n<p> \u00abL\u2019attuale gestione stava pertanto pienamente soddisfacendo le aspettative dei soci. Il commissariamento del Comitato \u00e8 pertanto stato un fulmine a ciel sereno, con motivazioni che non si comprendono appieno. La nomina di un commissario esterno, non a conoscenza della storia e delle dinamiche interne, pu\u00f2 rappresentare una grossa incognita sulla prosecuzione della normale vita associativa e una forte demotivazione di tutti i soci. I firmatari pertanto chiedono al presidente nazionale ed al consiglio di annullare tale decisione, ristabilendo il direttivo in essere, ricordando solo che il Comitato di Como ha quasi 160 anni di storia e rappresenta oltre 300 soci\u00bb.<\/p>\n","protected":false},"excerpt":{"rendered":"I soci di Como chiedono alla Croce Rossa nazionale di annullare il commissariamento. Gira una petizione tra i&hellip;\n","protected":false},"author":3,"featured_media":93563,"comment_status":"","ping_status":"","sticky":false,"template":"","format":"standard","meta":{"footnotes":""},"categories":[1481],"tags":[185,2065,2066,3902,184,239,2063,2064,1537,90,89,67294,240],"class_list":{"0":"post-93562","1":"post","2":"type-post","3":"status-publish","4":"format-standard","5":"has-post-thumbnail","7":"category-assistenza-sanitaria","8":"tag-affari-e-finanza","9":"tag-assistenza-sanitaria","10":"tag-assistenzasanitaria","11":"tag-croce-rossa-italiana","12":"tag-economia","13":"tag-health","14":"tag-health-care","15":"tag-healthcare","16":"tag-it","17":"tag-italia","18":"tag-italy","19":"tag-rosario-gianluca-valastro","20":"tag-salute"},"share_on_mastodon":{"url":"","error":""},"_links":{"self":[{"href":"https:\/\/www.europesays.com\/it\/wp-json\/wp\/v2\/posts\/93562","targetHints":{"allow":["GET"]}}],"collection":[{"href":"https:\/\/www.europesays.com\/it\/wp-json\/wp\/v2\/posts"}],"about":[{"href":"https:\/\/www.europesays.com\/it\/wp-json\/wp\/v2\/types\/post"}],"author":[{"embeddable":true,"href":"https:\/\/www.europesays.com\/it\/wp-json\/wp\/v2\/users\/3"}],"replies":[{"embeddable":true,"href":"https:\/\/www.europesays.com\/it\/wp-json\/wp\/v2\/comments?post=93562"}],"version-history":[{"count":0,"href":"https:\/\/www.europesays.com\/it\/wp-json\/wp\/v2\/posts\/93562\/revisions"}],"wp:featuredmedia":[{"embeddable":true,"href":"https:\/\/www.europesays.com\/it\/wp-json\/wp\/v2\/media\/93563"}],"wp:attachment":[{"href":"https:\/\/www.europesays.com\/it\/wp-json\/wp\/v2\/media?parent=93562"}],"wp:term":[{"taxonomy":"category","embeddable":true,"href":"https:\/\/www.europesays.com\/it\/wp-json\/wp\/v2\/categories?post=93562"},{"taxonomy":"post_tag","embeddable":true,"href":"https:\/\/www.europesays.com\/it\/wp-json\/wp\/v2\/tags?post=93562"}],"curies":[{"name":"wp","href":"https:\/\/api.w.org\/{rel}","templated":true}]}}