{"id":94771,"date":"2025-09-08T00:59:12","date_gmt":"2025-09-08T00:59:12","guid":{"rendered":"https:\/\/www.europesays.com\/it\/94771\/"},"modified":"2025-09-08T00:59:12","modified_gmt":"2025-09-08T00:59:12","slug":"la-notte-nel-cuore-anticipazioni-martedi-9-settembre-melek-confessa-la-gravidanza","status":"publish","type":"post","link":"https:\/\/www.europesays.com\/it\/94771\/","title":{"rendered":"La notte nel cuore, anticipazioni marted\u00ec 9 settembre: Melek confessa la gravidanza"},"content":{"rendered":"<p><img decoding=\"async\" loading=\"lazy\" class=\"U8wCu\" src=\"https:\/\/www.europesays.com\/it\/wp-content\/uploads\/2025\/09\/1757293152_451_la-notte-nel-cuore.jpg\" alt=\"Hafsanur Sancaktutan (Melek \u00c7ak\u0131r\u00e7a), Ece Uslu (Sumru) e Aras Ayd\u0131n (Nuh \u00c7ak\u0131r\u00e7a) in una scena de La notte nel cuore\" title=\"Hafsanur Sancaktutan (Melek \u00c7ak\u0131r\u00e7a), Ece Uslu (Sumru) e Aras Ayd\u0131n (Nuh \u00c7ak\u0131r\u00e7a) in una scena de La notte nel cuore\" role=\"presentation\"\/><\/p>\n<p>Hafsanur Sancaktutan (Melek \u00c7ak\u0131r\u00e7a), Ece Uslu (Sumru) e Aras Ayd\u0131n (Nuh \u00c7ak\u0131r\u00e7a) in una scena de La notte nel cuore<\/p>\n<p style=\"color:#ffffffB3\">Nella nuova puntata di<b> marted\u00ec 9 settembre <\/b>de <a href=\"https:\/\/mediasetinfinity.mediaset.it\/fiction\/lanottenelcuore_SE000000002421\" rel=\"nofollow noopener\" target=\"_blank\">La notte nel cuore<\/a><b>,<\/b> la nuova serie tv turca di <b>Canale 5<\/b> con <b>Aras Aydin<\/b> (<a href=\"https:\/\/mediasetinfinity.mediaset.it\/news\/mediasetinfinity\/lanottenelcuore\/chi-e-aras-aydin-attore-turco-serie-tv_SE000000002421_t6B8GWplqGuiLkLquAMumH9\" rel=\"nofollow noopener\" target=\"_blank\">Behram di Tradimento<\/a>) e <b>Hafsanur Sancaktutan<\/b> (<a href=\"https:\/\/mediasetinfinity.mediaset.it\/news\/mediasetinfinity\/lanottenelcuore\/chi-e-hafsanur-sancaktutan-serie-tv-vita-privata_SE000000002421_t7uz5FazmB4QLeL86d38Saq\" rel=\"nofollow noopener\" target=\"_blank\">Leyla di If You Love<\/a>), Enise trova <b>Sumru <\/b>e <b>Nihayet<\/b>.   <\/p>\n<p>La notte nel cuore: le anticipazioni del 9 settembre<\/p>\n<p style=\"color:#ffffffB3\">Grazie all\u2019aiuto di Tahsin, Sumru riesce a far visita a Melek in <b>carcere<\/b>.<\/p>\n<p style=\"color:#ffffffB3\">Durante la visita, Melek rivela a Nuh di essere <b>incinta<\/b>, e lui, dopo l\u2019iniziale rabbia, decide di sostenerla nella sua scelta di tenere il bambino.<\/p>\n<p style=\"color:#ffffffB3\">Bunyamin scopre per caso della gravidanza di Melek e corre a riferirlo a <b>Cihan<\/b>, che subito ritratta la sua deposizione e ottiene il rilascio della ragazza.<\/p>\n<p style=\"color:#ffffffB3\">Tahsin organizza un incontro tra Sevilay e Nuh: lei decide di <b>tornare alla villa Sansalan<\/b>, fingendo di piegarsi alla famiglia in attesa della scarcerazione di Melek.<\/p>\n<p style=\"color:#ffffffB3\">In casa di Sumru, durante una colluttazione, <b>Gurcan muore cadendo e battendo la testa<\/b>, mentre Tahsin nota un cambiamento nella donna, che cerca di avvicinarsi a lui e a Melek.<\/p>\n<p style=\"color:#ffffffB3\"><a href=\"https:\/\/mediasetinfinity.mediaset.it\/magazine\" rel=\"nofollow noopener\" target=\"_blank\">TUTTE LE ULTIME NOTIZIE SU MEDIASET INFINITY MAGAZINE<\/a><\/p>\n","protected":false},"excerpt":{"rendered":"Hafsanur Sancaktutan (Melek \u00c7ak\u0131r\u00e7a), Ece Uslu (Sumru) e Aras Ayd\u0131n (Nuh \u00c7ak\u0131r\u00e7a) in una scena de La notte&hellip;\n","protected":false},"author":3,"featured_media":94772,"comment_status":"","ping_status":"","sticky":false,"template":"","format":"standard","meta":{"footnotes":""},"categories":[1444],"tags":[203,204,1537,90,89,253],"class_list":{"0":"post-94771","1":"post","2":"type-post","3":"status-publish","4":"format-standard","5":"has-post-thumbnail","7":"category-tv","8":"tag-entertainment","9":"tag-intrattenimento","10":"tag-it","11":"tag-italia","12":"tag-italy","13":"tag-tv"},"share_on_mastodon":{"url":"","error":""},"_links":{"self":[{"href":"https:\/\/www.europesays.com\/it\/wp-json\/wp\/v2\/posts\/94771","targetHints":{"allow":["GET"]}}],"collection":[{"href":"https:\/\/www.europesays.com\/it\/wp-json\/wp\/v2\/posts"}],"about":[{"href":"https:\/\/www.europesays.com\/it\/wp-json\/wp\/v2\/types\/post"}],"author":[{"embeddable":true,"href":"https:\/\/www.europesays.com\/it\/wp-json\/wp\/v2\/users\/3"}],"replies":[{"embeddable":true,"href":"https:\/\/www.europesays.com\/it\/wp-json\/wp\/v2\/comments?post=94771"}],"version-history":[{"count":0,"href":"https:\/\/www.europesays.com\/it\/wp-json\/wp\/v2\/posts\/94771\/revisions"}],"wp:featuredmedia":[{"embeddable":true,"href":"https:\/\/www.europesays.com\/it\/wp-json\/wp\/v2\/media\/94772"}],"wp:attachment":[{"href":"https:\/\/www.europesays.com\/it\/wp-json\/wp\/v2\/media?parent=94771"}],"wp:term":[{"taxonomy":"category","embeddable":true,"href":"https:\/\/www.europesays.com\/it\/wp-json\/wp\/v2\/categories?post=94771"},{"taxonomy":"post_tag","embeddable":true,"href":"https:\/\/www.europesays.com\/it\/wp-json\/wp\/v2\/tags?post=94771"}],"curies":[{"name":"wp","href":"https:\/\/api.w.org\/{rel}","templated":true}]}}