{"id":95971,"date":"2025-09-08T16:20:18","date_gmt":"2025-09-08T16:20:18","guid":{"rendered":"https:\/\/www.europesays.com\/it\/95971\/"},"modified":"2025-09-08T16:20:18","modified_gmt":"2025-09-08T16:20:18","slug":"lui-se-le-cercata-gli-interessano-solo-i-soldi-2","status":"publish","type":"post","link":"https:\/\/www.europesays.com\/it\/95971\/","title":{"rendered":"\u00abLui se l&#8217;\u00e8 cercata, gli interessano solo i soldi\u00bb"},"content":{"rendered":"<p>                Come ha scoperto il &#8220;tradimento&#8221; <\/p>\n<p>Andrew Cabot era in viaggio di lavoro in Giappone durante il caso della kiss-cam e, finch\u00e9 non \u00e8 tornato a casa, non si \u00e8 reso conto che sua moglie si trovava al concerto con Andy Byron. \u00abLa famiglia ora dice che erano in crisi da diversi mesi e che stavano pensando di separarsi, ma fino a un mese fa dicevano di essere molto innamorati\u00bb, ha detto una fonte al Daily Mail. E c&#8217;\u00e8 un dato che lo conferma: solo cinque mesi prima dello scandalo, i due avevano acquistato una casa da oltre due milioni di dollari sulla costa atlantica. Che adesso probabilmente dovranno contendersi. <\/p>\n","protected":false},"excerpt":{"rendered":"Come ha scoperto il &#8220;tradimento&#8221; Andrew Cabot era in viaggio di lavoro in Giappone durante il caso della&hellip;\n","protected":false},"author":3,"featured_media":93118,"comment_status":"","ping_status":"","sticky":false,"template":"","format":"standard","meta":{"footnotes":""},"categories":[1451],"tags":[264,265,266,267,1621,1620,268,203,204,1537,90,89,17966,269,243,11],"class_list":{"0":"post-95971","1":"post","2":"type-post","3":"status-publish","4":"format-standard","5":"has-post-thumbnail","7":"category-celebrita","8":"tag-amanti","9":"tag-amanti-coldplay","10":"tag-amanti-concerto-coldplay","11":"tag-andy-byron","12":"tag-celebrita","13":"tag-celebrities","14":"tag-coldplay","15":"tag-entertainment","16":"tag-intrattenimento","17":"tag-it","18":"tag-italia","19":"tag-italy","20":"tag-kiss-cam","21":"tag-kristin-cabot","22":"tag-ultima-ora","23":"tag-ultime-notizie"},"share_on_mastodon":{"url":"","error":""},"_links":{"self":[{"href":"https:\/\/www.europesays.com\/it\/wp-json\/wp\/v2\/posts\/95971","targetHints":{"allow":["GET"]}}],"collection":[{"href":"https:\/\/www.europesays.com\/it\/wp-json\/wp\/v2\/posts"}],"about":[{"href":"https:\/\/www.europesays.com\/it\/wp-json\/wp\/v2\/types\/post"}],"author":[{"embeddable":true,"href":"https:\/\/www.europesays.com\/it\/wp-json\/wp\/v2\/users\/3"}],"replies":[{"embeddable":true,"href":"https:\/\/www.europesays.com\/it\/wp-json\/wp\/v2\/comments?post=95971"}],"version-history":[{"count":0,"href":"https:\/\/www.europesays.com\/it\/wp-json\/wp\/v2\/posts\/95971\/revisions"}],"wp:featuredmedia":[{"embeddable":true,"href":"https:\/\/www.europesays.com\/it\/wp-json\/wp\/v2\/media\/93118"}],"wp:attachment":[{"href":"https:\/\/www.europesays.com\/it\/wp-json\/wp\/v2\/media?parent=95971"}],"wp:term":[{"taxonomy":"category","embeddable":true,"href":"https:\/\/www.europesays.com\/it\/wp-json\/wp\/v2\/categories?post=95971"},{"taxonomy":"post_tag","embeddable":true,"href":"https:\/\/www.europesays.com\/it\/wp-json\/wp\/v2\/tags?post=95971"}],"curies":[{"name":"wp","href":"https:\/\/api.w.org\/{rel}","templated":true}]}}