{"id":96299,"date":"2025-09-08T20:10:13","date_gmt":"2025-09-08T20:10:13","guid":{"rendered":"https:\/\/www.europesays.com\/it\/96299\/"},"modified":"2025-09-08T20:10:13","modified_gmt":"2025-09-08T20:10:13","slug":"capelli-castani-e-abito-da-1-800-euro","status":"publish","type":"post","link":"https:\/\/www.europesays.com\/it\/96299\/","title":{"rendered":"capelli castani e abito da 1.800 euro"},"content":{"rendered":"<p><strong>Kate Middleton non ci sta ad essere al centro delle polemiche<\/strong> per i suoi capelli biondi. E cos\u00ec durante una visita a sorpresa al Women\u2019s Institute di Sunningdale per rendere omaggio alla Regina Elisabetta, si \u00e8 presentata con la chioma castana e un abito bon ton di <strong>Alessandra Rich<\/strong>, tornando cos\u00ec al suo consueto aspetto. Ma procediamo con ordine.<\/p>\n<p>Kate Middleton rinuncia al biondo<\/p>\n<p><a href=\"https:\/\/dilei.it\/star-e-vip\/kate-middleton\/\" rel=\"nofollow noopener\" target=\"_blank\">Kate Middleton<\/a> \u00e8 tornata al lavoro gioved\u00ec 4 settembre, dopo due mesi di vacanza, e si \u00e8 presentata con un nuovo look: <a href=\"https:\/\/dilei.it\/reali\/kate-middleton-capelli-biondi-look-4-settembre-2025\/1815712\/\" rel=\"nofollow noopener\" target=\"_blank\">capelli biondi e lunghissimi<\/a>. Ma la nuova immagine della Principessa del Galles proprio <strong>non \u00e8 piaciuta<\/strong>, al punto che \u00e8 scoppiato un agguerrito dibattito sui social dove sono volate critiche e teorie su una possibile parrucca, tanto che persino <a href=\"https:\/\/dilei.it\/reali\/kate-middleton-ultime-notizie-6-settembre-2025\/1816159\/\" rel=\"nofollow noopener\" target=\"_blank\">l\u2019ultimo hairstylist di Lady Diana<\/a> \u00e8 intervenuto per difenderla.<\/p>\n<p>Anche se Kate non ha reagito a tanta furia, almeno pubblicamente, ha recepito il messaggio, vedendosi costretta a fare un passo indietro sulla nuova tinta. Come \u00e8 accaduto anni fa per la frangia, Lady Middleton ha deciso di rinunciare al biondo e a <strong>scurirsi nuovamente i capelli.<\/strong><\/p>\n<p>Kate non ha perso tempo e si \u00e8 fatta vedere nuovamente castana domenica 7 settembre, <a href=\"https:\/\/dilei.it\/reali\/kate-middleton-partita-rugby-look\/1816587\/\" rel=\"nofollow noopener\" target=\"_blank\">alla partita della nazionale femminile di rugby<\/a> dove ha indossato un magnifico <strong>tailleur pantaloni di Alexander McQueen<\/strong>, rigorosamente nero in segno di lutto per la Duchessa del Kent, scomparsa la scorsa settimana.<\/p>\n<p>La Principessa del Galles quindi ha rimediato subito a quello che a molti \u00e8 sembrato un errore di stile. Anche se<strong> la furia<\/strong> con cui molte persone hanno reagito al nuovo look \u00e8 davvero ingiustificabile.<\/p>\n<p>Kate Middleton, uscita a sorpresa per la Regina Elisabetta<\/p>\n<p>In ogni caso, Kate ha confermato <strong>il ritorno al castano<\/strong> anche luned\u00ec 8 settembre, quando \u00e8 comparsa a sorpresa accanto a suo marito William, durante la visita al Women\u2019s Institute di Sunningdale, nel Berkshire, vicino alla sua residenza di Windsor.<\/p>\n<p>L\u2019uscita \u00e8 stata particolarmente toccante, poich\u00e9 si trattava di <strong>un omaggio a Elisabetta II,<\/strong> scomparsa 3 anni fa l\u20198 settembre. La defunta Regina infatti \u00e8 stata un membro dell\u2019istituto per 80 anni, divenendone presidente dal 2003 alla sua morte.<\/p>\n<p>William e Kate hanno incontrato i membri del Women\u2019s Institute e si sono fatti raccontare aneddoti su Elisabetta.<\/p>\n<p>Kate Middleton in Alessandra Rich<\/p>\n<p>Lady Middleton \u00e8 apparsa<strong> sorridente e raggiante a<\/strong>ccanto a William. Per l\u2019uscita formale ha indossato un abito bon ton, firmato <strong>Alessandra Rich<\/strong>, una tra le sue stiliste preferite, specialmente per quanto riguarda gli abiti a pois. Questa volta per\u00f2 il vestito era in principe di Galles, bianco e nero, con maniche corte a sbuffo, colletto rotondo, tre bottoni bianchi come chiusura, volant intorno alla vita, gonna lunga fino alle caviglie. Il costo? Circa <strong>1800 euro.<\/strong><\/p>\n<p>Kate ha abbinato l\u2019abito a un paio di d\u00e9collet\u00e9 grigie di Hugo Boss e ha impreziosito il look con degli orecchini con topazio bianco e diamanti, firmati Kiki McDonough.<\/p>\n<p>Kate Middleton e William ignorano Harry<\/p>\n<p>Mentre il Principe e la Principessa del Galles si trovavano in visita all\u2019istituto femminile, <a href=\"https:\/\/dilei.it\/reali\/principe-harry-viaggio-londra-8-settembre-2025\/1823275\/\" rel=\"nofollow noopener\" target=\"_blank\">Harry \u00e8 arrivato a Londra<\/a> e si \u00e8 recato immediatamente nella Cappella di San Giorgio a Windsor per deporre dei fiori sulla tomba della nonna.<\/p>\n<p>Ci\u00f2 significa che William e Kate erano appena a 16 minuti in macchina di distanza da lui, <strong>ma lo hanno completamente ignorato.<\/strong><\/p>\n","protected":false},"excerpt":{"rendered":"Kate Middleton non ci sta ad essere al centro delle polemiche per i suoi capelli biondi. E cos\u00ec&hellip;\n","protected":false},"author":3,"featured_media":96300,"comment_status":"","ping_status":"","sticky":false,"template":"","format":"standard","meta":{"footnotes":""},"categories":[1451],"tags":[7646,1621,1620,203,204,1537,90,89,1450,1447,7796],"class_list":{"0":"post-96299","1":"post","2":"type-post","3":"status-publish","4":"format-standard","5":"has-post-thumbnail","7":"category-celebrita","8":"tag-abiti","9":"tag-celebrita","10":"tag-celebrities","11":"tag-entertainment","12":"tag-intrattenimento","13":"tag-it","14":"tag-italia","15":"tag-italy","16":"tag-kate-middleton","17":"tag-reali","18":"tag-regina-elisabetta"},"share_on_mastodon":{"url":"","error":""},"_links":{"self":[{"href":"https:\/\/www.europesays.com\/it\/wp-json\/wp\/v2\/posts\/96299","targetHints":{"allow":["GET"]}}],"collection":[{"href":"https:\/\/www.europesays.com\/it\/wp-json\/wp\/v2\/posts"}],"about":[{"href":"https:\/\/www.europesays.com\/it\/wp-json\/wp\/v2\/types\/post"}],"author":[{"embeddable":true,"href":"https:\/\/www.europesays.com\/it\/wp-json\/wp\/v2\/users\/3"}],"replies":[{"embeddable":true,"href":"https:\/\/www.europesays.com\/it\/wp-json\/wp\/v2\/comments?post=96299"}],"version-history":[{"count":0,"href":"https:\/\/www.europesays.com\/it\/wp-json\/wp\/v2\/posts\/96299\/revisions"}],"wp:featuredmedia":[{"embeddable":true,"href":"https:\/\/www.europesays.com\/it\/wp-json\/wp\/v2\/media\/96300"}],"wp:attachment":[{"href":"https:\/\/www.europesays.com\/it\/wp-json\/wp\/v2\/media?parent=96299"}],"wp:term":[{"taxonomy":"category","embeddable":true,"href":"https:\/\/www.europesays.com\/it\/wp-json\/wp\/v2\/categories?post=96299"},{"taxonomy":"post_tag","embeddable":true,"href":"https:\/\/www.europesays.com\/it\/wp-json\/wp\/v2\/tags?post=96299"}],"curies":[{"name":"wp","href":"https:\/\/api.w.org\/{rel}","templated":true}]}}