{"id":97432,"date":"2025-09-09T10:35:09","date_gmt":"2025-09-09T10:35:09","guid":{"rendered":"https:\/\/www.europesays.com\/it\/97432\/"},"modified":"2025-09-09T10:35:09","modified_gmt":"2025-09-09T10:35:09","slug":"anna-danesi-3-lauree-tachicardia-burraco-e-fidanzato-le-curiosita","status":"publish","type":"post","link":"https:\/\/www.europesays.com\/it\/97432\/","title":{"rendered":"Anna Danesi: 3 lauree, tachicardia, burraco e fidanzato. Le curiosit\u00e0"},"content":{"rendered":"<p class=\"paragraph\" spellcheck=\"true\">Una delle <b>prime mosse di Julio Velasco<\/b>, quando \u00e8 arrivato sulla panchina dell\u2019Italia, \u00e8 stata nominare\u00a0<a href=\"https:\/\/www.gazzetta.it\/olimpiadi\/discipline\/volley\/02-05-2024\/volley-italia-danesi-nuova-capitana-della-nazionale.shtml?intcmp=hyperlink-articolo-gazit\" target=\"_blank\" rel=\"nofollow noopener\">Anna Danesi capitana<\/a>: e lei ha ricambiato trascinando le Azzurre prima all\u2019oro olimpico, poi al successo mondiale. Classe 1996, Danesi \u00e8 stata <b>premiata anche come miglior centrale del torneo<\/b> insieme alla turca Eda Erdem D\u00fcndar. Negli anni \u00e8 si \u00e8 imposta soprattutto per le sue grandissime capacit\u00e0 a muro, ma anche per la sua leadership e per il suo percorso fuori dal campo.<\/p>\n","protected":false},"excerpt":{"rendered":"Una delle prime mosse di Julio Velasco, quando \u00e8 arrivato sulla panchina dell\u2019Italia, \u00e8 stata nominare\u00a0Anna Danesi capitana:&hellip;\n","protected":false},"author":3,"featured_media":97433,"comment_status":"","ping_status":"","sticky":false,"template":"","format":"standard","meta":{"footnotes":"","_share_on_mastodon":"0"},"categories":[1451],"tags":[8165,15059,14815,6050,13300,69463,3187,3064,69464,69465,62486,921,5887,69461,1902,1621,1620,925,69466,69467,13222,69468,8589,203,20958,204,1537,90,89,11913,15261,45858,2197,69469,1353,4092,2301,62490,69462],"class_list":["post-97432","post","type-post","status-publish","format-standard","has-post-thumbnail","category-celebrita","tag-alimentazione","tag-ama","tag-ambienti","tag-anna","tag-anna-danesi","tag-anna-danesi-capitana","tag-azzurra","tag-azzurre","tag-azzurre-oro","tag-azzurre-oro-olimpico","tag-burraco","tag-campo","tag-capitana","tag-capitana-azzurra","tag-carriera","tag-celebrita","tag-celebrities","tag-centrale","tag-centrale-torneo","tag-dalmata","tag-danesi","tag-danesi-capitana","tag-dieta","tag-entertainment","tag-interni","tag-intrattenimento","tag-it","tag-italia","tag-italy","tag-laurea","tag-lauree","tag-lieve","tag-miglior","tag-miglior-centrale","tag-mondiale","tag-muro","tag-raccontato","tag-scienze","tag-tachicardia"],"share_on_mastodon":{"url":"","error":""},"_links":{"self":[{"href":"https:\/\/www.europesays.com\/it\/wp-json\/wp\/v2\/posts\/97432","targetHints":{"allow":["GET"]}}],"collection":[{"href":"https:\/\/www.europesays.com\/it\/wp-json\/wp\/v2\/posts"}],"about":[{"href":"https:\/\/www.europesays.com\/it\/wp-json\/wp\/v2\/types\/post"}],"author":[{"embeddable":true,"href":"https:\/\/www.europesays.com\/it\/wp-json\/wp\/v2\/users\/3"}],"replies":[{"embeddable":true,"href":"https:\/\/www.europesays.com\/it\/wp-json\/wp\/v2\/comments?post=97432"}],"version-history":[{"count":0,"href":"https:\/\/www.europesays.com\/it\/wp-json\/wp\/v2\/posts\/97432\/revisions"}],"wp:featuredmedia":[{"embeddable":true,"href":"https:\/\/www.europesays.com\/it\/wp-json\/wp\/v2\/media\/97433"}],"wp:attachment":[{"href":"https:\/\/www.europesays.com\/it\/wp-json\/wp\/v2\/media?parent=97432"}],"wp:term":[{"taxonomy":"category","embeddable":true,"href":"https:\/\/www.europesays.com\/it\/wp-json\/wp\/v2\/categories?post=97432"},{"taxonomy":"post_tag","embeddable":true,"href":"https:\/\/www.europesays.com\/it\/wp-json\/wp\/v2\/tags?post=97432"}],"curies":[{"name":"wp","href":"https:\/\/api.w.org\/{rel}","templated":true}]}}