{"id":98607,"date":"2025-09-09T23:11:14","date_gmt":"2025-09-09T23:11:14","guid":{"rendered":"https:\/\/www.europesays.com\/it\/98607\/"},"modified":"2025-09-09T23:11:14","modified_gmt":"2025-09-09T23:11:14","slug":"torino-cinque-cose-che-non-tutti-sanno-su-niels-nkounkou","status":"publish","type":"post","link":"https:\/\/www.europesays.com\/it\/98607\/","title":{"rendered":"Torino, cinque cose che non tutti sanno su Niels Nkounkou"},"content":{"rendered":"<p>Il legame con la famiglia ha plasmato la persona e anche il percorso professionale di Nkounkou. Secondo di tre fratelli, il terzino granata cresce sotto l&#8217;ala del padre, lavoratore per il comune di Cergy-Pointoise, e della madre, assistente alla formazione. &#8220;Ero un bambino piuttosto indisciplinato\u00a0&#8211; ha raccontato Niels due anni fa in un&#8217;intervista concessa a Onze Mondial\u00a0&#8211;\u00a0Non ero molto concentrato a scuola e nemmeno fuori. A calcio per\u00f2 ero un&#8217;altra persona, molto pi\u00f9 attento. Con il tempo sono maturato&#8221;. Scuola e calcio in et\u00e0 scolastica formano un binomio e su questo il padre di Nkounkou \u00e8 sempre stato chiaro: l&#8217;una va di pari passo con l&#8217;altro. Cos\u00ec la passione per il pallone, nata proprio grazie al padre che allenava una squadra Senior di Cergy-Pontoise e portava i figli al campo, \u00e8 sempre stata subordinata all&#8217;impegno scolastico. Su questo un aneddoto: &#8220;Quando ero alle medie, avevo circa 15 anni, avevo combinato un pasticcio. Sapevo che il preside avrebbe chiamato a casa. Quindi sono tornato rapidamente a prendere le mie cose per andare a calcio. Ma mio padre era gi\u00e0 al telefono. E proprio mentre stavo per uscire dalla porta, ha riattaccato e mi ha proibito di andare. Quando combinavo qualche guaio a scuola, la punizione era questa: niente calcio&#8221;. Con il pallone amore a prima vista: &#8220;Ho iniziato a giocare a cinque anni. Non ho mai provato nessun altro sport&#8221;.<\/p>\n<p class=\"is-copyright\">\u00a9 RIPRODUZIONE RISERVATA<\/p>\n","protected":false},"excerpt":{"rendered":"Il legame con la famiglia ha plasmato la persona e anche il percorso professionale di Nkounkou. Secondo di&hellip;\n","protected":false},"author":3,"featured_media":98608,"comment_status":"","ping_status":"","sticky":false,"template":"","format":"standard","meta":{"footnotes":"","_share_on_mastodon":"0"},"categories":[1452],"tags":[1960,2537,28271,32,2478,1756,37,721,921,1902,70146,70148,8950,631,70149,70150,554,393,70151,17288,122,70152,767,70153,5115,30114,7358,4876,2152,23639,12773,1740,3368,4300,3767,3044,1889,3412,2024,5197,1251,70154,4877,4302,2013,1282,70155,1537,90,89,4781,14944,70156,47702,66588,59369,5917,70157,70158,3608,1955,3484,2511,1950,491,1915,70159,11045,8483,7298,8834,494,138,2061,1821,70147,1739,245,244,1857,5293,70145,5946,5517,8527],"class_list":["post-98607","post","type-post","status-publish","format-standard","has-post-thumbnail","category-calcio","tag-allenatore","tag-altra","tag-ancelotti","tag-andare","tag-arriva","tag-basket","tag-bisogno","tag-calcio","tag-campo","tag-carriera","tag-cergy","tag-cergy-pointoise","tag-chiamata","tag-cinque","tag-cinque-cose","tag-cinque-cose-sanno","tag-club","tag-comune","tag-concessa","tag-consenso","tag-cose","tag-cose-sanno","tag-difesa","tag-digne","tag-diverse","tag-eintracht","tag-eintracht-francoforte","tag-esperienza","tag-eta","tag-etienne","tag-everton","tag-football","tag-francese","tag-francia","tag-francoforte","tag-germania","tag-giocare","tag-giocatori","tag-gioco","tag-granata","tag-grandi","tag-grandi-giocatori","tag-imparato","tag-incredibile","tag-inghilterra","tag-intervista","tag-intervista-concessa","tag-it","tag-italia","tag-italy","tag-linea","tag-marsiglia","tag-mondial","tag-niels","tag-niels-nkounkou","tag-nkounkou","tag-olimpiadi","tag-onze","tag-onze-mondial","tag-padre","tag-pallone","tag-panchina","tag-passaggio","tag-passione","tag-percorso","tag-persona","tag-pointoise","tag-potuto","tag-presenze","tag-prestiti","tag-propri","tag-punto","tag-ruolo","tag-scuola","tag-serie","tag-serie-prestiti","tag-soccer","tag-sport","tag-sports","tag-squadra","tag-terzino","tag-terzino-granata","tag-tokyo","tag-toro","tag-trasferimento"],"share_on_mastodon":{"url":"","error":""},"_links":{"self":[{"href":"https:\/\/www.europesays.com\/it\/wp-json\/wp\/v2\/posts\/98607","targetHints":{"allow":["GET"]}}],"collection":[{"href":"https:\/\/www.europesays.com\/it\/wp-json\/wp\/v2\/posts"}],"about":[{"href":"https:\/\/www.europesays.com\/it\/wp-json\/wp\/v2\/types\/post"}],"author":[{"embeddable":true,"href":"https:\/\/www.europesays.com\/it\/wp-json\/wp\/v2\/users\/3"}],"replies":[{"embeddable":true,"href":"https:\/\/www.europesays.com\/it\/wp-json\/wp\/v2\/comments?post=98607"}],"version-history":[{"count":0,"href":"https:\/\/www.europesays.com\/it\/wp-json\/wp\/v2\/posts\/98607\/revisions"}],"wp:featuredmedia":[{"embeddable":true,"href":"https:\/\/www.europesays.com\/it\/wp-json\/wp\/v2\/media\/98608"}],"wp:attachment":[{"href":"https:\/\/www.europesays.com\/it\/wp-json\/wp\/v2\/media?parent=98607"}],"wp:term":[{"taxonomy":"category","embeddable":true,"href":"https:\/\/www.europesays.com\/it\/wp-json\/wp\/v2\/categories?post=98607"},{"taxonomy":"post_tag","embeddable":true,"href":"https:\/\/www.europesays.com\/it\/wp-json\/wp\/v2\/tags?post=98607"}],"curies":[{"name":"wp","href":"https:\/\/api.w.org\/{rel}","templated":true}]}}