{"id":98851,"date":"2025-09-10T02:28:09","date_gmt":"2025-09-10T02:28:09","guid":{"rendered":"https:\/\/www.europesays.com\/it\/98851\/"},"modified":"2025-09-10T02:28:09","modified_gmt":"2025-09-10T02:28:09","slug":"euro-u21-bis-dellitalia-di-baldini-1-0-in-macedonia-calcio","status":"publish","type":"post","link":"https:\/\/www.europesays.com\/it\/98851\/","title":{"rendered":"Euro U21: bis dell&#8217;Italia di Baldini, 1-0 in Macedonia &#8211; Calcio"},"content":{"rendered":"<p>Buona anche la seconda per Silvio Baldini sulla panchina dell&#8217;Italia Under 21. Gli azzurrini si sono imposti per 1-0 in trasferta sui pari et\u00e0 della Macedonia del Nord allo stadio Petar Miloshevski di Bitola nella seconda giornata delle qualificazioni agli Europei 2027. Il secondo successo su due gare conferma il buon avvio nel girone<\/p>\n<p>E sulla scia del debutto vincente contro il Montenegro. In campo Baldini schiera il tradizionale 4-3-3 con il portiere Motta tra i pali, subentrato a Mascardi, protetto dal quartetto difensivo Palestra, Marianucci, Chiarodia, Moruzzi. Centrocampo con Pilissi, Lipani e N&#8217;dour alle spalle del trio offensivo composto da Koleosho-Raimondo-Pafundi. I padroni di casa schierano un pi\u00f9 abbottonato 3-5-2. L&#8217;Italia parte bene ed aggredisce gli avversari. La Macedonia del Nord subisce le iniziative degli azzurri ma colpisce in contropiede.<\/p>\n<p>Ed \u00e8 proprio in una delle ripartente dei padroni di casa arriva l&#8217;episodio che condiziona l&#8217;intera gara: al 25&#8242; Moruzzi ricorre al fallo per fermare un avversario lanciato a rete e rimedia il secondo giallo. Il difensore azzurro viene espulso ed \u00e8 costretto a lasciare il campo. Baldini corre ai ripari togliendo Pafundi, fino a quel momento molto attivo, per coprirsi con l&#8217;ingresso di Idrissi. Gli azzurrini con la prospettiva di giocare in inferiorit\u00e0 numerica per oltre un&#8217;ora non si lasciano per\u00f2 intimorire.<\/p>\n<p>Al 34&#8242; arriva il gol dell&#8217;1-0: decisivo Marianucci sugli sviluppi di un calcio piazzato. La Macedonia dal suo canto ha provato a sfruttare la superiorit\u00e0 numerica ma la difesa italiana ha retto bene con Marianucci che si \u00e8 proiettato in avanti ed ha anche sfiorato la doppietta. Soddisfatto Baldini a fine gara: &#8220;Il gruppo ha bisogno di queste risposte sul campo, al di l\u00e0 del risultato &#8211; le parole del tecnico ai microfoni della Rai &#8211; Queste sono le vittorie che ti fanno maturare, i ragazzi cos\u00ec prendono coscienza che in campo ci si deve aiutare per portare a casa il risultato, devi dare tutto senza risparmiarti&#8221;.<\/p>\n<p>Marianucci racconta come il gol sia il frutto di uno schema: &#8220;Abbiamo provato questo schema in settimana, c&#8217;\u00e8 stato il tocco di Cher che mi ha spianato la strada e l&#8217;ho messa all&#8217;angolino &#8211; le sue parole a fine gara &#8211; Era importante chiudere la partita vista l&#8217;inferiorit\u00e0, siamo stati forti nel portare a casa il risultato. Vincere cos\u00ec \u00e8 anche pi\u00f9 bello. Non abbiamo concesso niente alla Macedonia. Siamo contenti e consapevoli di essere un gruppo unito, anche se non ci alleniamo da tanto insieme. Napoli? Io cerco di farmi trovare sempre pronto in qualsiasi occasione, ora penso alla Nazionale, poi penser\u00f2 al Napoli&#8221;. Con questa vittoria, l&#8217;Italia sale a quota 6 punti, mantenendo il passo della Polonia che ha vinto 4-0 in Armenia. Il cammino verso Albania e Serbia 2027 \u00e8 ancora lungo ma gli Azzurrini sembrano partiti con il piede giusto. Il prossimo impegno vedr\u00e0 l&#8217;Italia affrontare la Svezia il 14 ottobre in casa.<\/p>\n<p class=\"article-copyright\">\n<p>Riproduzione riservata \u00a9 Copyright ANSA<\/p>\n","protected":false},"excerpt":{"rendered":"Buona anche la seconda per Silvio Baldini sulla panchina dell&#8217;Italia Under 21. Gli azzurrini si sono imposti per&hellip;\n","protected":false},"author":3,"featured_media":98852,"comment_status":"","ping_status":"","sticky":false,"template":"","format":"standard","meta":{"footnotes":""},"categories":[176],"tags":[70248,29969,70246,33497,313,1976,1537,90,89,70247,69956,1894,69957,4285,245,244],"class_list":{"0":"post-98851","1":"post","2":"type-post","3":"status-publish","4":"format-standard","5":"has-post-thumbnail","7":"category-sport","8":"tag-azzurrino","9":"tag-espulsione","10":"tag-euro-macedonia-italia","11":"tag-europei-under","12":"tag-fase","13":"tag-gol","14":"tag-it","15":"tag-italia","16":"tag-italy","17":"tag-macedonia-italia","18":"tag-marianucci","19":"tag-match","20":"tag-moruzzi","21":"tag-qualificazione","22":"tag-sport","23":"tag-sports"},"share_on_mastodon":{"url":"","error":""},"_links":{"self":[{"href":"https:\/\/www.europesays.com\/it\/wp-json\/wp\/v2\/posts\/98851","targetHints":{"allow":["GET"]}}],"collection":[{"href":"https:\/\/www.europesays.com\/it\/wp-json\/wp\/v2\/posts"}],"about":[{"href":"https:\/\/www.europesays.com\/it\/wp-json\/wp\/v2\/types\/post"}],"author":[{"embeddable":true,"href":"https:\/\/www.europesays.com\/it\/wp-json\/wp\/v2\/users\/3"}],"replies":[{"embeddable":true,"href":"https:\/\/www.europesays.com\/it\/wp-json\/wp\/v2\/comments?post=98851"}],"version-history":[{"count":0,"href":"https:\/\/www.europesays.com\/it\/wp-json\/wp\/v2\/posts\/98851\/revisions"}],"wp:featuredmedia":[{"embeddable":true,"href":"https:\/\/www.europesays.com\/it\/wp-json\/wp\/v2\/media\/98852"}],"wp:attachment":[{"href":"https:\/\/www.europesays.com\/it\/wp-json\/wp\/v2\/media?parent=98851"}],"wp:term":[{"taxonomy":"category","embeddable":true,"href":"https:\/\/www.europesays.com\/it\/wp-json\/wp\/v2\/categories?post=98851"},{"taxonomy":"post_tag","embeddable":true,"href":"https:\/\/www.europesays.com\/it\/wp-json\/wp\/v2\/tags?post=98851"}],"curies":[{"name":"wp","href":"https:\/\/api.w.org\/{rel}","templated":true}]}}