{"id":99128,"date":"2025-09-10T06:24:10","date_gmt":"2025-09-10T06:24:10","guid":{"rendered":"https:\/\/www.europesays.com\/it\/99128\/"},"modified":"2025-09-10T06:24:10","modified_gmt":"2025-09-10T06:24:10","slug":"juve-inter-2025-come-stanno-e-quando-tornano-i-giocatori-dalle-nazionali","status":"publish","type":"post","link":"https:\/\/www.europesays.com\/it\/99128\/","title":{"rendered":"Juve Inter 2025: come stanno e quando tornano i giocatori dalle nazionali"},"content":{"rendered":"<p>E sulla sponda nerazzurra del derby d&#8217;Italia? Marted\u00ec 9 settembre sono rientrati i primi convocati dalle varie nazionali: <b>Calhanoglu, Zielinski, de Vrij e Dumfries<\/b>\u00a0i primi, visto che gli impegni di Turchia, Polonia e Olanda erano gi\u00e0 terminati. <b>Per l&#8217;Inter sar\u00e0 invece mercoled\u00ec il giorno del rientro degli italiani<\/b> (Barella, Bastoni, Dimarco, Frattesi e Pio Esposito), cos\u00ec come quelli di Sucic e Akanji (Croazia e Svizzera), anche loro in campo nel secondo match della sosta nella stessa serata dell&#8217;Italia. <b>Tra mercoled\u00ec e gioved\u00ec far\u00e0 rientro Marcus Thuram dalla Francia, mentre tra gioved\u00ec e venerd\u00ec sar\u00e0 il turno di Lautaro Martinez,<\/b> impegnato in Ecuador-Argentina.<\/p>\n","protected":false},"excerpt":{"rendered":"E sulla sponda nerazzurra del derby d&#8217;Italia? Marted\u00ec 9 settembre sono rientrati i primi convocati dalle varie nazionali:&hellip;\n","protected":false},"author":3,"featured_media":99129,"comment_status":"","ping_status":"","sticky":false,"template":"","format":"standard","meta":{"footnotes":""},"categories":[1452],"tags":[721,67455,1740,350,1537,90,89,558,1739,245,244],"class_list":{"0":"post-99128","1":"post","2":"type-post","3":"status-publish","4":"format-standard","5":"has-post-thumbnail","7":"category-calcio","8":"tag-calcio","9":"tag-derby-italia","10":"tag-football","11":"tag-inter","12":"tag-it","13":"tag-italia","14":"tag-italy","15":"tag-juventus","16":"tag-soccer","17":"tag-sport","18":"tag-sports"},"share_on_mastodon":{"url":"","error":""},"_links":{"self":[{"href":"https:\/\/www.europesays.com\/it\/wp-json\/wp\/v2\/posts\/99128","targetHints":{"allow":["GET"]}}],"collection":[{"href":"https:\/\/www.europesays.com\/it\/wp-json\/wp\/v2\/posts"}],"about":[{"href":"https:\/\/www.europesays.com\/it\/wp-json\/wp\/v2\/types\/post"}],"author":[{"embeddable":true,"href":"https:\/\/www.europesays.com\/it\/wp-json\/wp\/v2\/users\/3"}],"replies":[{"embeddable":true,"href":"https:\/\/www.europesays.com\/it\/wp-json\/wp\/v2\/comments?post=99128"}],"version-history":[{"count":0,"href":"https:\/\/www.europesays.com\/it\/wp-json\/wp\/v2\/posts\/99128\/revisions"}],"wp:featuredmedia":[{"embeddable":true,"href":"https:\/\/www.europesays.com\/it\/wp-json\/wp\/v2\/media\/99129"}],"wp:attachment":[{"href":"https:\/\/www.europesays.com\/it\/wp-json\/wp\/v2\/media?parent=99128"}],"wp:term":[{"taxonomy":"category","embeddable":true,"href":"https:\/\/www.europesays.com\/it\/wp-json\/wp\/v2\/categories?post=99128"},{"taxonomy":"post_tag","embeddable":true,"href":"https:\/\/www.europesays.com\/it\/wp-json\/wp\/v2\/tags?post=99128"}],"curies":[{"name":"wp","href":"https:\/\/api.w.org\/{rel}","templated":true}]}}