{"id":99777,"date":"2025-09-10T13:22:11","date_gmt":"2025-09-10T13:22:11","guid":{"rendered":"https:\/\/www.europesays.com\/it\/99777\/"},"modified":"2025-09-10T13:22:11","modified_gmt":"2025-09-10T13:22:11","slug":"ancora-un-po-di-scirocco-poi-su-palermo-in-arrivo-rovesci-e-temporali","status":"publish","type":"post","link":"https:\/\/www.europesays.com\/it\/99777\/","title":{"rendered":"ancora un po&#8217; di scirocco, poi su Palermo in arrivo rovesci e temporali"},"content":{"rendered":"<p>L\u2019anticiclone continua a interessare la Sicilia, garantendo condizioni di tempo stabile con ampi spazi soleggiati, interrotti solo dal passaggio di velature innocue. \u201cLe temperature restano superiori alla norma per effetto di correnti calde di scirocco &#8211; spiega Francesco Nucera di <a href=\"https:\/\/www.3bmeteo.com\" rel=\"nofollow noopener\" target=\"_blank\"><strong>3Bmeteo.com<\/strong><\/a> &#8211; con valori pienamente estivi\u201d.\u00a0<\/p>\n<p>Oggi si \u00e8 assistito a un ulteriore aumento con punte di 31-32 gradi nel Palermitano e nel Messinese, 36-37 gradi nel Catanese e 30-32 gradi nell\u2019Agrigentino. Tra mercoled\u00ec e gioved\u00ec, invece, \u00e8 previsto un deciso cambiamento: \u201cLa perturbazione che interesser\u00e0 il Centro-Nord raggiunger\u00e0 anche la Sicilia &#8211; precisa il meteorologo &#8211; portando rovesci e temporali, pi\u00f9 probabili sul versante tirrenico, nelle aree interne e su quelle orientali\u201d.\u00a0<\/p>\n<p>I venti ruoteranno da Nord e soffieranno con moderata intensit\u00e0, mari mossi o molto mossi. \u201cLa nuova massa d\u2019aria in arrivo determiner\u00e0 un netto calo delle temperature &#8211; conclude Nucera &#8211; ponendo fine al caldo fuori stagione. Da venerd\u00ec il tempo torner\u00e0 a migliorare ovunque, con un clima pi\u00f9 gradevole e tipicamente settembrino\u201d.\u00a0<\/p>\n<p>La Protezione civile Regionale ha infatti diffuso un avviso per il rischio meteo-idrogeologico e idraulico, valido fino alle 24 di domani (mercoled\u00ec 10 settembre). Cos\u00ec per Palermo nella giornata di domani \u00e8 prevista allerta gialla.<\/p>\n<p><img decoding=\"async\" src=\"https:\/\/www.europesays.com\/it\/wp-content\/uploads\/2025\/09\/allerta-gialla-della-protezione-civile.jpg\" alt=\"Allerta gialla della Protezione civile\" title=\"Allerta gialla della Protezione civile\"\/><\/p>\n","protected":false},"excerpt":{"rendered":"L\u2019anticiclone continua a interessare la Sicilia, garantendo condizioni di tempo stabile con ampi spazi soleggiati, interrotti solo dal&hellip;\n","protected":false},"author":3,"featured_media":99778,"comment_status":"","ping_status":"","sticky":false,"template":"","format":"standard","meta":{"footnotes":""},"categories":[79],"tags":[14,93,94,1537,90,89,419,7,15,5065,11,84,91,12,85,92],"class_list":{"0":"post-99777","1":"post","2":"type-post","3":"status-publish","4":"format-standard","5":"has-post-thumbnail","7":"category-italia","8":"tag-cronaca","9":"tag-cronaca-italiana","10":"tag-cronacaitaliana","11":"tag-it","12":"tag-italia","13":"tag-italy","14":"tag-meteo","15":"tag-news","16":"tag-notizie","17":"tag-previsioni","18":"tag-ultime-notizie","19":"tag-ultime-notizie-e-news-di-oggi","20":"tag-ultime-notizie-italia","21":"tag-ultimenotizie","22":"tag-ultimenotizieenewsdioggi","23":"tag-ultimenotizieitalia"},"share_on_mastodon":{"url":"","error":""},"_links":{"self":[{"href":"https:\/\/www.europesays.com\/it\/wp-json\/wp\/v2\/posts\/99777","targetHints":{"allow":["GET"]}}],"collection":[{"href":"https:\/\/www.europesays.com\/it\/wp-json\/wp\/v2\/posts"}],"about":[{"href":"https:\/\/www.europesays.com\/it\/wp-json\/wp\/v2\/types\/post"}],"author":[{"embeddable":true,"href":"https:\/\/www.europesays.com\/it\/wp-json\/wp\/v2\/users\/3"}],"replies":[{"embeddable":true,"href":"https:\/\/www.europesays.com\/it\/wp-json\/wp\/v2\/comments?post=99777"}],"version-history":[{"count":0,"href":"https:\/\/www.europesays.com\/it\/wp-json\/wp\/v2\/posts\/99777\/revisions"}],"wp:featuredmedia":[{"embeddable":true,"href":"https:\/\/www.europesays.com\/it\/wp-json\/wp\/v2\/media\/99778"}],"wp:attachment":[{"href":"https:\/\/www.europesays.com\/it\/wp-json\/wp\/v2\/media?parent=99777"}],"wp:term":[{"taxonomy":"category","embeddable":true,"href":"https:\/\/www.europesays.com\/it\/wp-json\/wp\/v2\/categories?post=99777"},{"taxonomy":"post_tag","embeddable":true,"href":"https:\/\/www.europesays.com\/it\/wp-json\/wp\/v2\/tags?post=99777"}],"curies":[{"name":"wp","href":"https:\/\/api.w.org\/{rel}","templated":true}]}}