{"id":126954,"count":5,"description":"","link":"https:\/\/www.europesays.com\/it\/tag\/dimitris-priftis\/","name":"D\u012bm\u012btr\u012bs Prift\u012bs","slug":"dimitris-priftis","taxonomy":"post_tag","meta":[],"_links":{"self":[{"href":"https:\/\/www.europesays.com\/it\/wp-json\/wp\/v2\/tags\/126954","targetHints":{"allow":["GET"]}}],"collection":[{"href":"https:\/\/www.europesays.com\/it\/wp-json\/wp\/v2\/tags"}],"about":[{"href":"https:\/\/www.europesays.com\/it\/wp-json\/wp\/v2\/taxonomies\/post_tag"}],"wp:post_type":[{"href":"https:\/\/www.europesays.com\/it\/wp-json\/wp\/v2\/posts?tags=126954"}],"curies":[{"name":"wp","href":"https:\/\/api.w.org\/{rel}","templated":true}]}}