{"id":136177,"date":"2026-08-29T13:36:13","date_gmt":"2026-08-29T13:36:13","guid":{"rendered":"https:\/\/www.europesays.com\/korea\/136177\/"},"modified":"2026-08-29T13:36:13","modified_gmt":"2026-08-29T13:36:13","slug":"seouls-new-art-museum-opens-with-a-major-cubism-exhibition","status":"publish","type":"post","link":"https:\/\/www.europesays.com\/korea\/136177\/","title":{"rendered":"Seoul&#8217;s New Art Museum Opens With a Major Cubism Exhibition"},"content":{"rendered":"<p><img loading=\"lazy\" decoding=\"async\" class=\"lazyload alignnone size-full wp-image-844130\" src=\"https:\/\/www.europesays.com\/korea\/wp-content\/uploads\/2026\/08\/centre-pompidou-hanwha-cubism-seoul-16.jpg\" alt=\"Installation View of Cubist Exhibition at Centre Pompidou Hanwha in Seoul\" width=\"1300\" height=\"867\"  \/><\/p>\n<p>Seoul has a new destination for modern and <a href=\"https:\/\/mymodernmet.com\/contemporary-art\" title=\"contemporary art\" class=\"pretty-link-keyword\" rel=\"nofollow noopener\" target=\"_blank\">contemporary art<\/a>. Opened in June 2026, <a href=\"https:\/\/www.centrepompidou-hanwha.kr\/\" target=\"_blank\" rel=\"noopener nofollow\">Centre Pompidou Hanwha<\/a> brings the collection and artistic legacy of <a href=\"https:\/\/www.centrepompidou.fr\/en\/\" target=\"_blank\" rel=\"noopener nofollow\">Paris\u2019s Centre Pompidou<\/a> to <a href=\"https:\/\/mymodernmet.com\/south-korean-convenience-store-drawings-me-kyeoung-lee\/\" rel=\"nofollow noopener\" target=\"_blank\">South Korea<\/a> through a partnership with the <a href=\"https:\/\/www.hanwhafoundation.org\/en\" target=\"_blank\" rel=\"noopener nofollow\">Hanwha Foundation of Culture<\/a>. Its inaugural exhibition, The Cubists: Inventing Modern Vision, introduces the museum with a sweeping look at the movement that transformed modern art.<\/p>\n<p>Designed by French architect Jean-Michel Wilmotte, Centre Pompidou Hanwha occupies a renovated four-story annex of Seoul\u2019s 63 Building. Two exhibition galleries form the heart of the museum, with additional spaces dedicated to education and public programs. Alongside exhibitions drawn from the Centre Pompidou collection, the museum plans to present Korean and international artists.<\/p>\n<p>The opening exhibition features 112 works by 54 artists and traces <a href=\"https:\/\/mymodernmet.com\/what-is-cubism-art\/\" rel=\"nofollow noopener\" target=\"_blank\">Cubism<\/a> from its emergence around 1907 through its international expansion in the 1920s. Works by <a href=\"https:\/\/mymodernmet.com\/picassos-new-digital-archive\/\" rel=\"nofollow noopener\" target=\"_blank\">Pablo Picasso<\/a>, Georges Braque, Fernand L\u00e9ger, Juan Gris, Robert Delaunay, Sonia Delaunay, and Natalia Goncharova demonstrate how quickly Cubism grew beyond the experiments of its two best-known pioneers.<\/p>\n<p>Picasso and Braque\u2019s early experiments provide the foundation. By rejecting traditional perspective and breaking subjects into geometric planes, the artists developed a new way of representing the world. Other creatives soon took Cubism in different directions. Salon Cubism brought its ideas to a wider public, while Orphic Cubism emphasized color, rhythm, and abstraction. Synthetic Cubism introduced collage and everyday materials, further expanding the movement\u2019s possibilities.<\/p>\n<p>But the exhibition is not only about how Cubism changed European art. A special section, KOREA FOCUS: A Dream Map Toward the Modern Avant-Garde, examines what happened when these ideas entered Korea.<\/p>\n<p>Located on the mezzanine of Gallery 2, KOREA FOCUS brings together works by Korean modern and contemporary artists including Kim Whanki, Yoo Youngkuk, Park Rehyun, Lee Soo-auck, and Ham Daejeong. The section traces how Korean artists encountered Cubism and other European <a href=\"https:\/\/mymodernmet.com\/avant-garde-art-definition\/\" rel=\"nofollow noopener\" target=\"_blank\">avant-garde movements<\/a> and transformed them through their own cultural and historical experiences.<\/p>\n<p>The story reaches back to the 1920s and 1930s, when Korean artists began engaging with new European approaches to form and abstraction. These ideas took on renewed significance after liberation and the Korean War, as artists moved beyond naturalistic representation and searched for new visual languages.<\/p>\n<p>Together, the works demonstrate that Cubism did not simply arrive in Korea as a fixed European style. Korean artists adapted its fragmented forms, geometric structures, and shifting perspectives to subjects drawn from their own lives and circumstances.<\/p>\n<p>This cultural exchange is central to Centre Pompidou Hanwha\u2019s identity. The new museum places its international holdings in conversation with Korean art and history. Its first exhibition makes that approach clear, using Cubism as both a history of modern art and a starting point for exploring how artistic ideas change as they move across cultures.<\/p>\n<p>The Cubists: Inventing Modern Vision is on view through October 4, 2026, at Centre Pompidou Hanwha in Seoul.<\/p>\n<p>Centre Pompidou Hanwha opened in Seoul in June 2026, bringing the Paris institution\u2019s collection and artistic legacy to South Korea.<\/p>\n<p><img loading=\"lazy\" decoding=\"async\" class=\"lazyload alignnone size-full wp-image-844133\" src=\"https:\/\/www.europesays.com\/korea\/wp-content\/uploads\/2026\/08\/centre-pompidou-hanwha-cubism-seoul-17.jpg\" alt=\"Installation View of Cubist Exhibition at Centre Pompidou Hanwha in Seoul\" width=\"1300\" height=\"867\"  \/><\/p>\n<p><img loading=\"lazy\" decoding=\"async\" class=\"lazyload alignnone size-full wp-image-844127\" src=\"https:\/\/www.europesays.com\/korea\/wp-content\/uploads\/2026\/08\/centre-pompidou-hanwha-cubism-seoul-15.jpg\" alt=\"Installation View of Cubist Exhibition at Centre Pompidou Hanwha in Seoul\" width=\"1300\" height=\"867\"  \/><\/p>\n<p><img loading=\"lazy\" decoding=\"async\" class=\"lazyload alignnone size-full wp-image-844139\" src=\"https:\/\/www.europesays.com\/korea\/wp-content\/uploads\/2026\/08\/centre-pompidou-hanwha-cubism-seoul-19.jpg\" alt=\"Installation View of Cubist Exhibition at Centre Pompidou Hanwha in Seoul\" width=\"1300\" height=\"867\"  \/><\/p>\n<p><img loading=\"lazy\" decoding=\"async\" class=\"lazyload alignnone size-full wp-image-844145\" src=\"https:\/\/www.europesays.com\/korea\/wp-content\/uploads\/2026\/08\/centre-pompidou-hanwha-cubism-seoul-21.jpg\" alt=\"Installation View of Cubist Exhibition at Centre Pompidou Hanwha in Seoul\" width=\"1300\" height=\"867\"  \/><\/p>\n<p>The Cubists: Inventing Modern Vision\u00a0traces Cubism from Picasso and Braque\u2019s early experiments to the movement\u2019s international evolution.<br \/>\n<img loading=\"lazy\" decoding=\"async\" aria-describedby=\"caption-attachment-844094\" class=\"lazyload size-full wp-image-844094\" src=\"https:\/\/www.europesays.com\/korea\/wp-content\/uploads\/2026\/08\/centre-pompidou-hanwha-cubism-seoul-4.jpg\" alt=\"Marie Laurencin, Apollinaire and his Friends (second version), 1909, Oil on canvas, 130 \u00d7 194 cm. Dation, 1973\" width=\"1300\" height=\"871\"  \/><\/p>\n<p id=\"caption-attachment-844094\" class=\"wp-caption-text\">Marie Laurencin, Apollinaire and his Friends (second version), 1909, Oil on canvas, 130 \u00d7 194 cm. Dation, 1973. Centre Pompidou, Paris \u00a9 Centre Pompidou, MNAM-CCI\/Audrey Laurans\/Dist. GrandPalaisRmn<\/p>\n<p><img loading=\"lazy\" decoding=\"async\" aria-describedby=\"caption-attachment-844091\" class=\"lazyload size-full wp-image-844091\" src=\"https:\/\/www.europesays.com\/korea\/wp-content\/uploads\/2026\/08\/centre-pompidou-hanwha-cubism-seoul-3.jpg\" alt=\"Robert Delaunay, The City of Paris, 1910\u20131912, Oil on canvas, 267 \u00d7 406 cm\" width=\"1300\" height=\"867\"  \/><\/p>\n<p id=\"caption-attachment-844091\" class=\"wp-caption-text\">Robert Delaunay, The City of Paris, 1910\u20131912, Oil on canvas, 267 \u00d7 406 cm. Purchased by the State, 1936; attribution, 1937. Centre Pompidou, Paris \u00a9 Centre Pompidou, MNAM-CCI\/Georges Meguerditchian\/Dist. GrandPalaisRmn<\/p>\n<p><img loading=\"lazy\" decoding=\"async\" aria-describedby=\"caption-attachment-844112\" class=\"lazyload size-full wp-image-844112\" src=\"https:\/\/www.europesays.com\/korea\/wp-content\/uploads\/2026\/08\/centre-pompidou-hanwha-cubism-seoul-10.jpg\" alt=\"Pablo Picasso, Stage Curtain for Soir\u00e9e de Paris (known as the \u201cMercure Curtain\u201d), 1924, Glue-based paint on canvas, 392 \u00d7 501 cm\" width=\"1300\" height=\"1029\"  \/><\/p>\n<p id=\"caption-attachment-844112\" class=\"wp-caption-text\">Pablo Picasso, Stage Curtain for Soir\u00e9e de Paris (known as the \u201cMercure Curtain\u201d), 1924, Glue-based paint on canvas, 392 \u00d7 501 cm. Purchase, 1955. Centre Pompidou, Paris \u00a9 2026 \u2013 Succession Pablo Picasso \u2013 SACK (Korea) \u00a9 Centre Pompidou, MNAM-CCI\/Jean-Fran\u00e7ois Tomasian\/Dist. GrandPalaisRmn<\/p>\n<p>The exhibition\u2019s KOREA FOCUS section shows how Korean artists adapted Cubist ideas to their own cultural and historical experiences.<br \/>\n<img loading=\"lazy\" decoding=\"async\" aria-describedby=\"caption-attachment-844100\" class=\"lazyload size-full wp-image-844100\" src=\"https:\/\/www.europesays.com\/korea\/wp-content\/uploads\/2026\/08\/centre-pompidou-hanwha-cubism-seoul-6.jpg\" alt=\"Lee Soo-auck, The Korean War, 1954, Oil on canvas, 96 x 160 cm\" width=\"1300\" height=\"768\"  \/><\/p>\n<p id=\"caption-attachment-844100\" class=\"wp-caption-text\">Lee Soo-auck, The Korean War, 1954, Oil on canvas, 96 x 160 cm, Gana Art Foundation Collection<\/p>\n<p><img loading=\"lazy\" decoding=\"async\" aria-describedby=\"caption-attachment-844097\" class=\"lazyload size-full wp-image-844097\" src=\"https:\/\/www.europesays.com\/korea\/wp-content\/uploads\/2026\/08\/centre-pompidou-hanwha-cubism-seoul-5.jpg\" alt=\"Park Re-hyun, Open Stalls, 1956, Ink and color on paper, 267 x 210 cm\" width=\"1300\" height=\"1657\"  \/><\/p>\n<p id=\"caption-attachment-844097\" class=\"wp-caption-text\">Park Re-hyun, Open Stalls, 1956, Ink and color on paper, 267 x 210 cm, MMCA Collection<\/p>\n<p><img loading=\"lazy\" decoding=\"async\" aria-describedby=\"caption-attachment-844106\" class=\"lazyload size-full wp-image-844106\" src=\"https:\/\/www.europesays.com\/korea\/wp-content\/uploads\/2026\/08\/centre-pompidou-hanwha-cubism-seoul-8.jpg\" alt=\"Georges Braque, The Viaduct at L\u2019Estaque. Early 1908, Paris, Oil on canvas, 72.5 \u00d7 59 cm\" width=\"1300\" height=\"1593\"  \/><\/p>\n<p id=\"caption-attachment-844106\" class=\"wp-caption-text\">Georges Braque, The Viaduct at L\u2019Estaque. Early 1908, Paris, Oil on canvas, 72.5 \u00d7 59 cm. Dation, 1984. Centre Pompidou, Paris \u00a9 Georges Braque \/ ADAGP, Paris \u2013 SACK, Seoul, 2026 \u00a9 Centre Pompidou, MNAM-CCI\/Georges Meguerditchian\/Dist. GrandPalaisRmn<\/p>\n<p><img loading=\"lazy\" decoding=\"async\" aria-describedby=\"caption-attachment-844109\" class=\"lazyload size-full wp-image-844109\" src=\"https:\/\/www.europesays.com\/korea\/wp-content\/uploads\/2026\/08\/centre-pompidou-hanwha-cubism-seoul-9.jpg\" alt=\"Pablo Picasso, The Guitarist, summer 1910, Oil on canvas, 100 \u00d7 73 cm\" width=\"1300\" height=\"1773\"  \/><\/p>\n<p id=\"caption-attachment-844109\" class=\"wp-caption-text\">Pablo Picasso, The Guitarist, summer 1910, Oil on canvas, 100 \u00d7 73 cm. Gift of Andr\u00e9 and Jeanne Lef\u00e8vre, 1952. Centre Pompidou, Paris \u00a9 2026 \u2013 Succession Pablo Picasso \u2013 SACK(Korea) \u00a9 Centre Pompidou, MNAM-CCI\/Philippe Migeat\/Dist. GrandPalaisRmn<\/p>\n<p>Together, the exhibition and new museum create a dialogue between European modernism and Korean art, establishing Centre Pompidou Hanwha as a new cultural destination in Seoul.<br \/>\n<img loading=\"lazy\" decoding=\"async\" aria-describedby=\"caption-attachment-844154\" class=\"lazyload size-full wp-image-844154\" src=\"https:\/\/www.europesays.com\/korea\/wp-content\/uploads\/2026\/08\/centre-pompidou-hanwha-cubism-seoul-24.jpg\" alt=\"Juan Gris, The Breakfast Table, october 1915, Oil and charcoal on canvas, 92 \u00d7 73 cm\" width=\"1300\" height=\"1628\"  \/><\/p>\n<p id=\"caption-attachment-844154\" class=\"wp-caption-text\">Juan Gris, The Breakfast Table, october 1915, Oil and charcoal on canvas, 92 \u00d7 73 cm<\/p>\n<p><img loading=\"lazy\" decoding=\"async\" aria-describedby=\"caption-attachment-844148\" class=\"lazyload size-full wp-image-844148\" src=\"https:\/\/www.europesays.com\/korea\/wp-content\/uploads\/2026\/08\/centre-pompidou-hanwha-cubism-seoul-22.jpg\" alt=\"Francis Picabia, Udnie (Young American Girl; The Dance), 1913, Oil on canvas, 290 \u00d7 300 cm\" width=\"1300\" height=\"1311\"  \/><\/p>\n<p id=\"caption-attachment-844148\" class=\"wp-caption-text\">Francis Picabia, Udnie (Young American Girl; The Dance), 1913, Oil on canvas, 290 \u00d7 300 cm. Purchase, 1979. Centre Pompidou, Paris \u00a9 Centre Pompidou, MNAM-CCI\/Audrey Laurans\/Dist. GrandPalaisRmn<\/p>\n<p><img loading=\"lazy\" decoding=\"async\" aria-describedby=\"caption-attachment-844085\" class=\"lazyload size-full wp-image-844085\" src=\"https:\/\/www.europesays.com\/korea\/wp-content\/uploads\/2026\/08\/centre-pompidou-hanwha-cubism-seoul-1.jpg\" alt=\"Natalia Goncharova, Lady with a Hat, 1913, Oil on canvas, 90 \u00d7 66 cm\" width=\"1300\" height=\"1765\"  \/><\/p>\n<p id=\"caption-attachment-844085\" class=\"wp-caption-text\">Natalia Goncharova, Lady with a Hat, 1913, Oil on canvas, 90 \u00d7 66 cm. Gift of Jean Cassou, 1960. Centre Pompidou, Paris \u00a9 Centre Pompidou, MNAM-CCI\/Audrey Laurans\/Dist. GrandPalaisRmn<\/p>\n<p><img loading=\"lazy\" decoding=\"async\" class=\"lazyload alignnone size-full wp-image-844136\" src=\"https:\/\/www.europesays.com\/korea\/wp-content\/uploads\/2026\/08\/centre-pompidou-hanwha-cubism-seoul-18.jpg\" alt=\"Installation View of Cubist Exhibition at Centre Pompidou Hanwha in Seoul\" width=\"1300\" height=\"867\"  \/><\/p>\n<p>Exhibition Information:<br \/>The Cubists: Inventing Modern Vision<br \/>June 4\u2013October 4, 2026<br \/>Centre Pompidou Hanwha<br \/>63 Building, 50 63-ro, Yeongdeungpo-gu, Seoul, South Korea<br \/>\nCentre Pompidou Hanwha: <a href=\"https:\/\/www.centrepompidou-hanwha.kr\/\" target=\"_blank\" rel=\"noopener nofollow\">Website<\/a> | <a href=\"https:\/\/www.instagram.com\/centrepompidouhanwha\" target=\"_blank\" rel=\"noopener nofollow\">Instagram<\/a><br \/>\nMy Modern Met granted permission to feature photos by Centre Pompidou Hanwha.<br \/>\nRelated Articles:<br \/>\n<a href=\"https:\/\/mymodernmet.com\/korean-national-treasures-art-institute-of-chicago\/\" rel=\"nofollow noopener\" target=\"_blank\">Korean Art Exhibition Highlights National Treasures Spanning 2,000 Years of Art<\/a><br \/>\n<a href=\"https:\/\/mymodernmet.com\/bianca-beck-eyes-center-for-maine-contemporary-art\/\" rel=\"nofollow noopener\" target=\"_blank\">Colorful Papier-M\u00e2ch\u00e9 Sculptures Bring Abstract Paintings Into Three Dimensions<\/a><br \/>\n<a href=\"https:\/\/mymodernmet.com\/picasso-for-asia-a-conversation-exhibition-hong-kong\/\" rel=\"nofollow noopener\" target=\"_blank\">New Exhibition Puts Pablo Picasso In Conversation With Contemporary Asian Art<\/a><br \/>\n<a href=\"https:\/\/mymodernmet.com\/neo-post-cubism-portraits-belin\/\" rel=\"nofollow noopener\" target=\"_blank\">Street Artist\u2019s \u201cNeo Post Cubism\u201d Graffiti Combines Cubism with Realism<\/a><br \/>\n                    <script async src=\"\/\/www.instagram.com\/embed.js\"><\/script><\/p>\n","protected":false},"excerpt":{"rendered":"Seoul has a new destination for modern and contemporary art. Opened in June 2026, Centre Pompidou Hanwha brings&hellip;\n","protected":false},"author":2,"featured_media":136178,"comment_status":"","ping_status":"","sticky":false,"template":"","format":"standard","meta":{"footnotes":""},"categories":[3],"tags":[15604,69159,3751,31,69160,112],"class_list":["post-136177","post","type-post","status-publish","format-standard","has-post-thumbnail","category-seoul","tag-centre-pompidou-hanwha","tag-cubism","tag-exhibition","tag-korea","tag-korea-focus","tag-seoul"],"_links":{"self":[{"href":"https:\/\/www.europesays.com\/korea\/wp-json\/wp\/v2\/posts\/136177","targetHints":{"allow":["GET"]}}],"collection":[{"href":"https:\/\/www.europesays.com\/korea\/wp-json\/wp\/v2\/posts"}],"about":[{"href":"https:\/\/www.europesays.com\/korea\/wp-json\/wp\/v2\/types\/post"}],"author":[{"embeddable":true,"href":"https:\/\/www.europesays.com\/korea\/wp-json\/wp\/v2\/users\/2"}],"replies":[{"embeddable":true,"href":"https:\/\/www.europesays.com\/korea\/wp-json\/wp\/v2\/comments?post=136177"}],"version-history":[{"count":0,"href":"https:\/\/www.europesays.com\/korea\/wp-json\/wp\/v2\/posts\/136177\/revisions"}],"wp:featuredmedia":[{"embeddable":true,"href":"https:\/\/www.europesays.com\/korea\/wp-json\/wp\/v2\/media\/136178"}],"wp:attachment":[{"href":"https:\/\/www.europesays.com\/korea\/wp-json\/wp\/v2\/media?parent=136177"}],"wp:term":[{"taxonomy":"category","embeddable":true,"href":"https:\/\/www.europesays.com\/korea\/wp-json\/wp\/v2\/categories?post=136177"},{"taxonomy":"post_tag","embeddable":true,"href":"https:\/\/www.europesays.com\/korea\/wp-json\/wp\/v2\/tags?post=136177"}],"curies":[{"name":"wp","href":"https:\/\/api.w.org\/{rel}","templated":true}]}}