{"id":100004,"date":"2026-02-06T07:05:07","date_gmt":"2026-02-06T07:05:07","guid":{"rendered":"https:\/\/www.europesays.com\/lt\/100004\/"},"modified":"2026-02-06T07:05:07","modified_gmt":"2026-02-06T07:05:07","slug":"omane-vyks-irano-ir-jav-derybos","status":"publish","type":"post","link":"https:\/\/www.europesays.com\/lt\/100004\/","title":{"rendered":"Omane vyks Irano ir JAV derybos"},"content":{"rendered":"<p>Pasak Irano valstybinio radijo, A. Araghchi, be kit\u0173, lydi viceministrai Madshidas Tachtas Rawantchi ir Kasemas Gharibabadi. Jie derybose penktadien\u012f su JAV es\u0105 ketina kalb\u0117ti tik apie Irano branduolin\u0119 program\u0105. JAV pusei svarbios temos yra ir Irano balistini\u0173 raket\u0173 k\u016brimo programa bei Teherano parama kovotoj\u0173 grupuot\u0117ms regione \u2013 \u201eHamas\u201c, \u201eHezbolah\u201c Libane ir hu\u010diams Jemene.<\/p>\n<p>Jungtin\u0117ms Valstijoms Maskate tur\u0117t\u0173 atstovauti specialusis pasiuntinys Steve\u2018as Witkoffas. J\u012f lyd\u0117s prezidento Donaldo Trumpo \u017eentas Jaredas Kushneris.<\/p>\n<p>Derybos tur\u0117t\u0173 prasid\u0117ti 10.00 val. vietos laikus (8 val. Lietuvos laiku).<\/p>\n<p>Derybos laikomos kebliomis. JAV smarkiai sustiprino savo karin\u012f buvim\u0105 Persijos \u012flankos regione, be kita ko, siekdamos apsaugoti savo bazes bei s\u0105jungininkus nuo galim\u0173 Irano atak\u0173.<\/p>\n<p>D. Trumpas yra pagrasin\u0119s Iranui didesniu sm\u016bgiu nei per atakas prie\u0161 Irano branduolin\u0119 program\u0105 2025 m. bir\u017eel\u012f.<\/p>\n<p>Daugelis iranie\u010di\u0173, kurie sausio prad\u017eioje dar dalyvavo masiniuose protestuose prie\u0161 autoritarin\u012f Islamo Respublikos valdym\u0105, naujas derybas vertina kriti\u0161kai. Jie reikalauja vald\u017eios pasikeitimo ir baiminasi, kad nauji pokalbiai sustiprins vyriausyb\u0119 Teherane.<\/p>\n","protected":false},"excerpt":{"rendered":"Pasak Irano valstybinio radijo, A. Araghchi, be kit\u0173, lydi viceministrai Madshidas Tachtas Rawantchi ir Kasemas Gharibabadi. Jie derybose&hellip;\n","protected":false},"author":2,"featured_media":100005,"comment_status":"","ping_status":"","sticky":false,"template":"","format":"standard","meta":{"footnotes":"","_share_on_mastodon":"0"},"categories":[15],"tags":[25,30,31,34,35,24,79,223,32,33,37,39,36,38,40,23,22,13181,44,28,29,26,27,74,75,76],"class_list":["post-100004","post","type-post","status-publish","format-standard","has-post-thumbnail","category-pasaulis","tag-antrastes","tag-breaking-news","tag-breakingnews","tag-featured-news","tag-featurednews","tag-headlines","tag-iranas","tag-jav","tag-latest-news","tag-latestnews","tag-lietuva","tag-lietuviu","tag-lithuania","tag-lithuanian","tag-lt","tag-naujienos","tag-news","tag-omanas","tag-pasaulis","tag-populiariausios-naujienos","tag-populiariausiosnaujienos","tag-top-stories","tag-topstories","tag-world","tag-world-news","tag-worldnews"],"share_on_mastodon":{"url":"https:\/\/pubeurope.com\/@lt\/116022419301543784","error":""},"_links":{"self":[{"href":"https:\/\/www.europesays.com\/lt\/wp-json\/wp\/v2\/posts\/100004","targetHints":{"allow":["GET"]}}],"collection":[{"href":"https:\/\/www.europesays.com\/lt\/wp-json\/wp\/v2\/posts"}],"about":[{"href":"https:\/\/www.europesays.com\/lt\/wp-json\/wp\/v2\/types\/post"}],"author":[{"embeddable":true,"href":"https:\/\/www.europesays.com\/lt\/wp-json\/wp\/v2\/users\/2"}],"replies":[{"embeddable":true,"href":"https:\/\/www.europesays.com\/lt\/wp-json\/wp\/v2\/comments?post=100004"}],"version-history":[{"count":0,"href":"https:\/\/www.europesays.com\/lt\/wp-json\/wp\/v2\/posts\/100004\/revisions"}],"wp:featuredmedia":[{"embeddable":true,"href":"https:\/\/www.europesays.com\/lt\/wp-json\/wp\/v2\/media\/100005"}],"wp:attachment":[{"href":"https:\/\/www.europesays.com\/lt\/wp-json\/wp\/v2\/media?parent=100004"}],"wp:term":[{"taxonomy":"category","embeddable":true,"href":"https:\/\/www.europesays.com\/lt\/wp-json\/wp\/v2\/categories?post=100004"},{"taxonomy":"post_tag","embeddable":true,"href":"https:\/\/www.europesays.com\/lt\/wp-json\/wp\/v2\/tags?post=100004"}],"curies":[{"name":"wp","href":"https:\/\/api.w.org\/{rel}","templated":true}]}}