{"id":10012,"date":"2025-10-04T05:59:11","date_gmt":"2025-10-04T05:59:11","guid":{"rendered":"https:\/\/www.europesays.com\/lt\/10012\/"},"modified":"2025-10-04T05:59:11","modified_gmt":"2025-10-04T05:59:11","slug":"italijoje-plinta-cikungunijos-virusas-delfi-sveikata","status":"publish","type":"post","link":"https:\/\/www.europesays.com\/lt\/10012\/","title":{"rendered":"Italijoje plinta \u010dikungunijos virusas &#8211; Delfi sveikata"},"content":{"rendered":"<p>ISS teigimu, daugumoje atvej\u0173 tai vietiniai u\u017esikr\u0117timo atvejai, t. y. infekcijos, kurios nesiejamos su u\u017esienio kelion\u0117mis. 41 u\u017esikr\u0117tusieji virusu gr\u012f\u017eo i\u0161 u\u017esienio.<\/p>\n<p>\u010cikungunijos virus\u0105 daugiausiai platina Azijos tigriniai uodai. Europos lig\u0173 prevencijos ir kontrol\u0117s centro (ECDC) duomenimis, j\u0173 jau nustatyta 16 Europos \u0161ali\u0173.<\/p>\n<p>Da\u017eniausiai virusas pasirei\u0161kia Azijoje, Afrikoje ir Amerikoje. Jis sukelia to paties pavadinimo kar\u0161tin\u0119, kurios simptomai pana\u0161\u016bs \u012f gripo \u2013 auk\u0161ta temperat\u016bra, galvos ir gal\u016bni\u0173 skausmai.<\/p>\n","protected":false},"excerpt":{"rendered":"ISS teigimu, daugumoje atvej\u0173 tai vietiniai u\u017esikr\u0117timo atvejai, t. y. infekcijos, kurios nesiejamos su u\u017esienio kelion\u0117mis. 41 u\u017esikr\u0117tusieji&hellip;\n","protected":false},"author":2,"featured_media":10013,"comment_status":"","ping_status":"","sticky":false,"template":"","format":"standard","meta":{"footnotes":"","_share_on_mastodon":"0"},"categories":[15],"tags":[25,30,31,34,35,24,965,32,33,37,39,36,38,40,23,22,44,28,29,26,27,3016,74,75,76],"class_list":["post-10012","post","type-post","status-publish","format-standard","has-post-thumbnail","category-pasaulis","tag-antrastes","tag-breaking-news","tag-breakingnews","tag-featured-news","tag-featurednews","tag-headlines","tag-italija","tag-latest-news","tag-latestnews","tag-lietuva","tag-lietuviu","tag-lithuania","tag-lithuanian","tag-lt","tag-naujienos","tag-news","tag-pasaulis","tag-populiariausios-naujienos","tag-populiariausiosnaujienos","tag-top-stories","tag-topstories","tag-virusas","tag-world","tag-world-news","tag-worldnews"],"share_on_mastodon":{"url":"","error":""},"_links":{"self":[{"href":"https:\/\/www.europesays.com\/lt\/wp-json\/wp\/v2\/posts\/10012","targetHints":{"allow":["GET"]}}],"collection":[{"href":"https:\/\/www.europesays.com\/lt\/wp-json\/wp\/v2\/posts"}],"about":[{"href":"https:\/\/www.europesays.com\/lt\/wp-json\/wp\/v2\/types\/post"}],"author":[{"embeddable":true,"href":"https:\/\/www.europesays.com\/lt\/wp-json\/wp\/v2\/users\/2"}],"replies":[{"embeddable":true,"href":"https:\/\/www.europesays.com\/lt\/wp-json\/wp\/v2\/comments?post=10012"}],"version-history":[{"count":0,"href":"https:\/\/www.europesays.com\/lt\/wp-json\/wp\/v2\/posts\/10012\/revisions"}],"wp:featuredmedia":[{"embeddable":true,"href":"https:\/\/www.europesays.com\/lt\/wp-json\/wp\/v2\/media\/10013"}],"wp:attachment":[{"href":"https:\/\/www.europesays.com\/lt\/wp-json\/wp\/v2\/media?parent=10012"}],"wp:term":[{"taxonomy":"category","embeddable":true,"href":"https:\/\/www.europesays.com\/lt\/wp-json\/wp\/v2\/categories?post=10012"},{"taxonomy":"post_tag","embeddable":true,"href":"https:\/\/www.europesays.com\/lt\/wp-json\/wp\/v2\/tags?post=10012"}],"curies":[{"name":"wp","href":"https:\/\/api.w.org\/{rel}","templated":true}]}}