{"id":100349,"date":"2026-02-06T13:19:01","date_gmt":"2026-02-06T13:19:01","guid":{"rendered":"https:\/\/www.europesays.com\/lt\/100349\/"},"modified":"2026-02-06T13:19:01","modified_gmt":"2026-02-06T13:19:01","slug":"plauciu-vezio-patikros-programai-vis-nerandama-pinigu","status":"publish","type":"post","link":"https:\/\/www.europesays.com\/lt\/100349\/","title":{"rendered":"Plau\u010di\u0173 v\u0117\u017eio patikros programai vis nerandama pinig\u0173"},"content":{"rendered":"<p>Plau\u010di\u0173 patikros programos rezultatai nustebino<\/p>\n<p>Jau kur\u012f laik\u0105 kalbama apie nauj\u0105 prevencijos program\u0105 Lietuvoje \u2013 patikr\u0105 d\u0117l <a rel=\"noopener nofollow\" target=\"_blank\" href=\"https:\/\/www.delfi.lt\/temos\/plauciu-vezys\" tag-id=\"61892583\">plau\u010di\u0173 v\u0117\u017eio<\/a>, kuris vis da\u017eniau nustatomas ir niekada ner\u016bkiusiems \u017emon\u0117ms. Kasmet Lietuvoje nuo \u0161ios ligos mir\u0161ta 1 200 \u017emoni\u0173, ta\u010diau pasi\u016blyta nauja profilaktin\u0117s patikros programa kol kas neper\u017eengia ministerijos barjero ir n\u0117ra patvirtinama.<\/p>\n<p>Nuo pirmos iki ketvirtos stadijos plau\u010di\u0173 v\u0117\u017eys da\u017eniausiai i\u0161sivysto per 4\u20135 metus, o per 22 metus pasteb\u0117ta net 33 proc. pada\u017en\u0117jusi plau\u010di\u0173 v\u0117\u017eio diagnoz\u0117 moterims. Neretai nustatomi jau pa\u017eeng\u0119 plau\u010di\u0173 v\u0117\u017eio atvejai, kai gydymas padeda ma\u017eiau nei gal\u0117t\u0173. Pa\u017eengusi\u0173 atvej\u0173 \u0161io v\u0117\u017eio nustatoma net 60\u201370 proc., o tai na\u0161ta ne tik aplinkai, \u0161eimai, bet ir valstybei, nes gydymas sud\u0117tingas, ilgalaikis, padedantis gyventi kiek \u012fmanoma kokybi\u0161kesn\u012f gyvenim\u0105, ta\u010diau itin brangus. Vieno paciento gydymo i\u0161laidos per metus gali siekti ir 100 t\u016bkstan\u010di\u0173 eur\u0173.<\/p>\n<p>       <img decoding=\"async\" src=\"https:\/\/www.europesays.com\/lt\/wp-content\/uploads\/2026\/02\/eee4a489-4314-4868-b049-cce235533861.jpg\" loading=\"lazy\" alt=\"Ligonin\u0117, asociatyvi nuotrauka\"\/>      <\/p>\n<p>D\u0117l \u0161i\u0173 prie\u017eas\u010di\u0173 Lietuvoje medikai ir sveikatos specialistai sud\u0117liojo ir i\u0161band\u0117 pilotin\u012f ankstyvosios plau\u010di\u0173 patikros programos projekt\u0105. \u012e toki\u0105 program\u0105 atlikti ma\u017e\u0173 dozi\u0173 kr\u016btin\u0117s l\u0105stos kompiuterin\u0117s tomografijos atvyko 1 014 \u017emoni\u0173.<\/p>\n<p>Rezultatai nustebino ir parod\u0117, kad tokia programa i\u0161 ties\u0173 b\u016bt\u0173 labai svarbi lietuviams.<\/p>\n<p>\u201eAptikome vien\u0105 plau\u010di\u0173 v\u0117\u017eio atvej\u012f, buvo rasta net 14 \u012ftartin\u0173 \u017eidini\u0173, tai yra ankstyvas ry\u0161ys su v\u0117\u017eiu, i\u0161 j\u0173 8 \u017emon\u0117s ner\u016bk\u0117. Vadinasi, d\u0117l plau\u010di\u0173 v\u0117\u017eio b\u016btina tikrinti ir ner\u016bkan\u010dius \u017emones. <\/p>\n<p>18 tiriam\u0173j\u0173 buvo nustatyta kita klini\u0161kai reik\u0161minga liga, apie kuri\u0105 pacientai ne\u012ftar\u0117, nes atliekant kr\u016btin\u0117s l\u0105stos kompiuterin\u0119 tomografij\u0105, galima matyti ir \u0161ird\u012f, ir kepenis, antinks\u010dius, kas\u0105, inkstus. Padar\u0119 tam tikrus poky\u010dius, \u0161ie \u017emon\u0117s arba pasveiks, arba i\u0161vengs ligos progresavimo ir ankstyvos mirties\u201c, \u2013 spaudos konferencijoje tre\u010diadien\u012f kalb\u0117jo gydytojas pulmonologas, profesorius <a rel=\"noopener nofollow\" target=\"_blank\" href=\"https:\/\/www.delfi.lt\/temos\/edvardas-danila\" tag-id=\"69598302\">Edvardas Danila<\/a>.<\/p>\n<p>       <img decoding=\"async\" src=\"https:\/\/www.europesays.com\/lt\/wp-content\/uploads\/2026\/02\/86041f66-3e3f-4271-bf4a-1c1574704daa.jpg\" loading=\"lazy\" alt=\"Edvardas Danila\"\/>      <\/p>\n<p>Pasak profesoriaus, \u0161iuos duomenis i\u0161analizavo 5 tarptautiniai ekspertai, 2 akademiniai redaktoriai, ta\u010diau nebuvo n\u0117 vieno nebuvo priekai\u0161to ar klausimo, kod\u0117l pasirinktas toks patikros modelis ir kod\u0117l buvo tirti ir ner\u016bkantys \u017emon\u0117s, mokslinis straipsnis buvo greitai priimtas ir atspausdintas.<\/p>\n<p>\u201ePristat\u0117me tuos duomenis Seime, viskas buvo maloniai priimta, bet pasakyta, kad \u0161aliai gali kainuoti labai brangiai\u201c, \u2013 pasakojo prof. E. Danila.<\/p>\n<p>D\u0117l \u0161ios prie\u017easties komanda surado tarptautin\u0119 organizacij\u0105 \u2013 Nyderland\u0173 Groningeno universiteto mokslininkai, kurie specializuojasi atlikti ekonominius modelius, pagal lietuvi\u0173 pateiktus duomenis apskai\u010diavo, kad, \u012fdiegusi plau\u010di\u0173 v\u0117\u017eio ankstyv\u0105 patikr\u0105, vien per pirmus per penkerius metus Lietuva sutaupyt\u0173 25 mln. eur\u0173.<\/p>\n<p>Kaip tai \u012fmanoma? Plau\u010di\u0173 v\u0117\u017eio gydymas ir \u017emogaus nedarbingumas valstybei kainuoja brangiau nei pinigai, i\u0161leisti patikros programai, kuri u\u017ekerta keli\u0105 pa\u017eengusiai ligai. Negana to, kitos aptikto ligos atliekant \u0161i\u0105 program\u0105 nustatomos net kas penktam \u017emogui, o tai irgi padeda i\u0161vengti nedarbingumo ar dideli\u0173 gydymo i\u0161laid\u0173.<\/p>\n<p>    <img decoding=\"async\" src=\"https:\/\/www.europesays.com\/lt\/wp-content\/uploads\/2026\/02\/fcd6c30d-6beb-4055-a3c9-3980b954fa1c.jpg\" loading=\"lazy\" alt=\"Ligonin\u0117, asociatyvi nuotrauka\"\/>      <\/p>\n<p>\u201eIr b\u016bt\u0173 i\u0161saugota 310 gyvybi\u0173. Li\u016bdna, kad sveikatos apsaugos vadovai neturi ry\u017eto skirti l\u0117\u0161\u0173 prad\u0117ti projekt\u0105. Ta\u010diau at\u0117jo laikas priimti sprendim\u0105, kuris priklauso ne nuo m\u016bs\u0173, o nuo sveikatos politikos\u201c, \u2013 tvirtina prof. E. Danila.<\/p>\n<p>Pagalbos onkologiniams ligoniams asociacijos (POLA) direktor\u0117 Neringa \u010ciakien\u0117 sako, kad programos \u012fdiegim\u0105 stabdo diskusijos, ar tikrai reikia tirti ir ner\u016bkan\u010dius \u017emones, nes daugelyje \u0161ali\u0173 tiriami tik tie, kurie ilgai r\u016bko. Taip pat abejojama, ar d\u0117l to nenukent\u0117s kitos sritys, nes \u0161i patikra pareikalaus didelio gydytoj\u0173 radiolog\u0173 \u012fsitraukimo. Visgi, pasak prof. E. Danilos, artimiausioje ateityje did\u017eioji dauguma sergan\u010di\u0173j\u0173 bus ner\u016bkantys.<\/p>\n<p>\u201eNer\u016bkan\u010di\u0173 sergan\u010di\u0173 asmen\u0173 dalis did\u0117ja ir did\u0117s, per artimiausius 10\u201320 met\u0173 jie sudarys daugum\u0105\u201c, \u2013 argumentavo profesorius.<\/p>\n<p>Valstyb\u0117 pinig\u0173 neranda<\/p>\n<p>Nors plau\u010di\u0173 patikros programa rodo visokeriop\u0105 naud\u0105, ar ji artimiausiu metu i\u0161vys dienos \u0161vies\u0105, lieka neai\u0161ku.<\/p>\n<p>\u201eNepasakysiu tikslaus termino, kada gali b\u016bti programa. Klausimas turi b\u016bti svarstomas Privalomojo sveikatos biud\u017eeto taryboje, ta\u010diau toks klausimas \u0161iuo metu dar nesvarstomas. Pa\u010dioje ministerijoje, kas susij\u0119 su plau\u010di\u0173 patikros programa, jos \u012fdiegimu ir realizavimu, tema tikrai neu\u017edaryta. Ta\u010diau vertinami \u012fvair\u016bs scenarijai, kaip b\u016bt\u0173 galima prad\u0117ti toki\u0105 program\u0105, neatmetant galimyb\u0117s sujungti su \u0161irdies ir kraujagysli\u0173 lig\u0173 programa\u201c, \u2013 spaudos konferencijoje kalb\u0117jo Sveikatos apsaugos ministerijos Asmens sveikatos departamento vyresnioji patar\u0117ja Agn\u0117 Liubeckien\u0117.<\/p>\n<p>Pasak SAM atstov\u0117s, resursai riboti, o programai reikia finansini\u0173 i\u0161tekli\u0173.<\/p>\n<p>\u201eGali b\u016bti, kad priimant sprendim\u0105 finansuoti \u0161i\u0105 program\u0105, tekt\u0173 ka\u017ekam kitam nutraukti ar suma\u017einti finansavim\u0105, tai labai jautr\u016bs sprendimai. Riboti ir \u017emogi\u0161kieji resursai, nes jei pla\u010diai grupei b\u016bt\u0173 atliekamas brangus tyrimas, suma\u017e\u0117t\u0173 galimyb\u0117 gauti t\u0105 tyrim\u0105 kitiems pacientams\u201c, \u2013 teig\u0117 A. Liubeckien\u0117.<\/p>\n<p>    <img decoding=\"async\" src=\"https:\/\/www.europesays.com\/lt\/wp-content\/uploads\/2026\/02\/77262e2c-38d4-461d-b9fd-89e9cd03bdca.jpg\" loading=\"lazy\" alt=\"Agn\u0117 Liubeckien\u0117\"\/>      <\/p>\n<p>Mirtingumas nuo v\u0117\u017eio aplenks \u0161irdies ligas<\/p>\n<p>Nors prevencin\u0117s programos Lietuvos gyventojams, apdraustiems privalomu sveikatos draudimu, yra visi\u0161kai nemokamos, daugelio tautie\u010di\u0173 jos nesuvilioja i\u0161vengti sunki\u0173 lig\u0173. Aktyviausiai pasitikrinti ateinama \u012f kr\u016bties v\u0117\u017eio prevencin\u0119 program\u0105, ta\u010diau ir \u010dia skai\u010diai ned\u017eiugina, nes apsilankiusi\u0173 moter\u0173 skai\u010dius nepasiekia net 50 proc. Be to, kr\u016bties v\u0117\u017eys didelei daliai moter\u0173 nustatomas jau 3\u20134 stadijos, o pa\u010dios moterys sako, kad n\u0117 karto gyvenime n\u0117ra gavusios kvietimo pasitikrinti. Tai rodo, kad kvietimus \u012f program\u0105 reikia pergalvoti.<\/p>\n<p>Sud\u0117tinga situacija ir su storosios \u017earnos v\u0117\u017eio patikros programa. Buvo manoma, kad pacientams bus patogiau testus gauti namo pa\u0161tu ir patiems i\u0161si\u0173sti tyrimo med\u017eiag\u0105. Deja, tokios prielaidos nepasiteisino \u2013 atsiliep\u0117 tik 26,6 proc. turin\u010di\u0173 pasitikrinti \u017emoni\u0173, tod\u0117l tolesn\u0117 tokio modelio veikla buvo sustabdyta.<\/p>\n<p>Sveikatos apsaugos ministerija \u0161iais metais yra suplanavusi vis\u0173 pirma u\u017etikrinti kvietim\u0173 automatizavim\u0105. Prie IT \u012frankio tur\u0117s prisijungti visos \u012fstaigos, priklausomai nuo to bus prad\u0117ta centralizuotai si\u0173sti kvietimus pacientams. Tada paai\u0161k\u0117s maksimalus bandomosios programos efektyvumas.<\/p>\n<p>Nacionalinio v\u0117\u017eio centro Chirurgin\u0117s onkologijos centro vadovas prof. <a rel=\"noopener nofollow\" target=\"_blank\" href=\"https:\/\/www.delfi.lt\/temos\/audrius-dulskas\" tag-id=\"73026142\">Audrius Dulskas<\/a> \u012fsitikin\u0119s: kad pakeistume situacij\u0105, turime keisti \u0161vietimo sistem\u0105 ir jau mokyklose vaikams diegti mintis apie sveik\u0105 gyvenimo b\u016bd\u0105 bei b\u016btinyb\u0119 profilakti\u0161kai tikrintis.<\/p>\n<p>       <img decoding=\"async\" src=\"https:\/\/www.europesays.com\/lt\/wp-content\/uploads\/2026\/02\/7d933714-9edb-4fd1-849f-9f4acd60a8f9.jpg\" loading=\"lazy\" alt=\"Audrius Dulskas\"\/>      <\/p>\n<p>\u201eKad storosios \u017earnos v\u0117\u017eio profilaktin\u0117s patikros programa veikt\u0173 efektyviai ir ma\u017e\u0117t\u0173 mirtingumas, turi pasitikrinti daugiau kaip 70 proc. tikslin\u0117s grup\u0117s \u017emoni\u0173. Pas mus pasitikrina tik apie 50 proc. Dar daugiau: net ir jeigu pirminis tyrimas teigiamas ir tai rodo, kad gali b\u016bti liga, kolonoskopij\u0105 atlieka tik pus\u0117 \u017emoni\u0173\u201c, \u2013 kalb\u0117jo prof. A. Dulskas.<\/p>\n<p>Anot profesoriaus, galb\u016bt daugelis bijo, kad jiems nustatys v\u0117\u017e\u012f, arba niekuo nesiskund\u017eia. Svarbu ir tai, kad \u0161i liga n\u0117ra esteti\u0161ka, patikra menkai reklamuojama.<\/p>\n<p>Anksti nustatyti storosios \u017earnos v\u0117\u017e\u012f ypa\u010d svarbu \u2013 esant 1 stadijai 10 met\u0173 i\u0161gyvena per 90 proc. pacient\u0173, 4 \u2013 tik 10\u201312 proc.<\/p>\n<p>Tai, kad labai tr\u016bksta reklamos, pastebi ir Klaip\u0117dos universiteto ligonin\u0117s Onkologijos ir hematologijos klinikos vadovas <a rel=\"noopener nofollow\" target=\"_blank\" href=\"https:\/\/www.delfi.lt\/temos\/alvydas-cesas\" tag-id=\"73661540\">Alvydas \u010cesas<\/a>. Kr\u016bties v\u0117\u017eiu serga vis daugiau jaunesni\u0173 ir vyresni\u0173 moter\u0173.<\/p>\n<p>       <img decoding=\"async\" src=\"https:\/\/www.europesays.com\/lt\/wp-content\/uploads\/2026\/02\/2f55762a-a49f-4ef7-9f96-02f241797333.jpg\" loading=\"lazy\" alt=\"Alvydas \u010cesas\"\/>      <\/p>\n<p>Pernai nemokamai pasitikrinti pagal Kr\u016bties v\u0117\u017eio ankstyvosios diagnostikos program\u0105 tur\u0117jo galimyb\u0119 5-eriais metais jaunesn\u0117s ir 5-eriais vyresn\u0117s nei anks\u010diau \u2013 45\u201374 met\u0173. Nepaisant medik\u0173 ir visuomeninink\u0173 pastang\u0173, tiek moter\u0173, kiek buvo tik\u0117tasi, pernai pasitikrinti neat\u0117jo.<\/p>\n<p>\u201e2030 m. Europoje pirmoje vietoje bus mirtys nuo onkologini\u0173 lig\u0173, o ne nuo \u0161irdies ir kraujagysli\u0173 lig\u0173. Tai rei\u0161kia, kad turime ma\u017eai laiko pasiruo\u0161ti tokiam perversmui, o mir\u010di\u0173 skai\u010dius nuo onkologijos spar\u010diai did\u0117ja. V\u0117\u017eio prevencin\u0117 patikra turi tapti \u0161alies prioritetu\u201c, \u2013 sak\u0117 gydytojas A. \u010cesas.<\/p>\n","protected":false},"excerpt":{"rendered":"Plau\u010di\u0173 patikros programos rezultatai nustebino Jau kur\u012f laik\u0105 kalbama apie nauj\u0105 prevencijos program\u0105 Lietuvoje \u2013 patikr\u0105 d\u0117l plau\u010di\u0173&hellip;\n","protected":false},"author":2,"featured_media":100350,"comment_status":"","ping_status":"","sticky":false,"template":"","format":"standard","meta":{"footnotes":"","_share_on_mastodon":"0"},"categories":[13],"tags":[3816,25,19557,30,31,10615,34,35,24,32,33,37,39,36,38,40,23,22,4415,28,29,26,27],"class_list":["post-100349","post","type-post","status-publish","format-standard","has-post-thumbnail","category-lietuva","tag-alvydas-cesas","tag-antrastes","tag-audrius-dulskas","tag-breaking-news","tag-breakingnews","tag-edvardas-danila","tag-featured-news","tag-featurednews","tag-headlines","tag-latest-news","tag-latestnews","tag-lietuva","tag-lietuviu","tag-lithuania","tag-lithuanian","tag-lt","tag-naujienos","tag-news","tag-plauciu-vezys","tag-populiariausios-naujienos","tag-populiariausiosnaujienos","tag-top-stories","tag-topstories"],"share_on_mastodon":{"url":"https:\/\/pubeurope.com\/@lt\/116023889998613903","error":""},"_links":{"self":[{"href":"https:\/\/www.europesays.com\/lt\/wp-json\/wp\/v2\/posts\/100349","targetHints":{"allow":["GET"]}}],"collection":[{"href":"https:\/\/www.europesays.com\/lt\/wp-json\/wp\/v2\/posts"}],"about":[{"href":"https:\/\/www.europesays.com\/lt\/wp-json\/wp\/v2\/types\/post"}],"author":[{"embeddable":true,"href":"https:\/\/www.europesays.com\/lt\/wp-json\/wp\/v2\/users\/2"}],"replies":[{"embeddable":true,"href":"https:\/\/www.europesays.com\/lt\/wp-json\/wp\/v2\/comments?post=100349"}],"version-history":[{"count":0,"href":"https:\/\/www.europesays.com\/lt\/wp-json\/wp\/v2\/posts\/100349\/revisions"}],"wp:featuredmedia":[{"embeddable":true,"href":"https:\/\/www.europesays.com\/lt\/wp-json\/wp\/v2\/media\/100350"}],"wp:attachment":[{"href":"https:\/\/www.europesays.com\/lt\/wp-json\/wp\/v2\/media?parent=100349"}],"wp:term":[{"taxonomy":"category","embeddable":true,"href":"https:\/\/www.europesays.com\/lt\/wp-json\/wp\/v2\/categories?post=100349"},{"taxonomy":"post_tag","embeddable":true,"href":"https:\/\/www.europesays.com\/lt\/wp-json\/wp\/v2\/tags?post=100349"}],"curies":[{"name":"wp","href":"https:\/\/api.w.org\/{rel}","templated":true}]}}