{"id":100621,"date":"2026-02-06T20:24:06","date_gmt":"2026-02-06T20:24:06","guid":{"rendered":"https:\/\/www.europesays.com\/lt\/100621\/"},"modified":"2026-02-06T20:24:06","modified_gmt":"2026-02-06T20:24:06","slug":"lavrovas-uz-pasikesinima-nuzudyti-generola-aleksejeva-atsakinga-ukraina-respublika-lt","status":"publish","type":"post","link":"https:\/\/www.europesays.com\/lt\/100621\/","title":{"rendered":"Lavrovas: u\u017e pasik\u0117sinim\u0105 nu\u017eudyti generol\u0105 Aleksejev\u0105 atsakinga Ukraina &#8211; Respublika.lt"},"content":{"rendered":"<p><img loading=\"lazy\" decoding=\"async\" src=\"https:\/\/www.respublika.lt\/lt\/naujienos\/pasaulis\/pasaulio_politika\/lavrovas-uz-pasikesinima-nuzudyti-generola-aleksejeva-atsakinga-ukraina\/images\/ico_camera_white.gif\" class=\"camera\" width=\"22\" height=\"15\" alt=\"nuotr.\" style=\"position:relative; top:-2px; right:2px;\"\/> 1 nuotr.<\/p>\n<p>Sergejus Lavrovas. EPA-Eltos nuotr.<\/p>\n<p style=\"text-align: justify;\" class=\"desktop_banner\">\u00a0<\/p>\n<p style=\"text-align: left;\">\u00a0<\/p>\n<p style=\"text-align: left;\">Ukrainai kalt\u0119 d\u0117l \u0161io \u201eteroristinio i\u0161puolio\u201c suvert\u0119s S. Lavrovas komentaruose televizijai apkaltino Kijev\u0105 bandymu su\u017elugdyti derybas d\u0117l Rusijos prad\u0117to karo pabaigos.<\/p>\n<p style=\"text-align: left;\">Kaip skelbta, Rusijos kariuomen\u0117s generolas V. Aleksejevas buvo pa\u0161autas penktadien\u012f ryte Maskvos daugiabu\u010diame name.<\/p>\n<p style=\"text-align: left;\">Vyras buvo skubiai nugabentas \u012f ligonin\u0119.<\/p>\n<p style=\"text-align: left;\">Sunkius nusikaltimus tiriantis Rusijos tyrim\u0173 komitetas prane\u0161\u0117, kad \u201enenustatytas asmuo kelet\u0105 kart\u0173 \u0161ov\u0117\u201c \u012f generol\u0105 V. Aleksejev\u0105, einant\u012f auk\u0161tas pareigas Rusijos generaliniame \u0161tabe.\u00a0<\/p>\n<p style=\"text-align: left;\">\u012etariamasis i\u0161 \u012fvykio vietos pab\u0117go, o generolui suteikiama pagalba ligonin\u0117je, savo prane\u0161ime prid\u016br\u0117 komitetas.<\/p>\n<p style=\"text-align: left;\">Prane\u0161ime jokios informacijos apie \u012ftariam\u0105j\u012f nepateikiama.<\/p>\n<p style=\"text-align: left;\">Kaip nurodyta V. Aleksejevo biografijoje internete, jis eina Rusijos generalinio \u0161tabo pirmojo pavaduotojo pareigas.\u00a0<\/p>\n<p style=\"text-align: left;\">Jis vadovavo \u017evalgybos operacijoms per Rusijos intervencij\u0105 Sirijoje.<\/p>\n<p style=\"text-align: left;\">Jis taip pat buvo i\u0161si\u0173stas der\u0117tis su samdini\u0173 grupuot\u0117s \u201eWagner\u201c vadovu Jevgenijumi Prigo\u017einu, kai \u0161is 2023 m. m\u0117gino sukilti prie\u0161 Rusijos karin\u0119 vadovyb\u0119.<\/p>\n<p style=\"text-align: left;\">Nuo 2022 m. vasario m\u0117n., kai Maskva prad\u0117jo plataus masto invazij\u0105 \u012f Ukrain\u0105, buvo nu\u017eudyta keletas Rusijos auk\u0161to rango karinink\u0173.<\/p>\n<p style=\"text-align: left;\">U\u017e kai kuriuos nu\u017eudymus atsakomyb\u0119 prisi\u0117m\u0117 Kijevas.<\/p>\n","protected":false},"excerpt":{"rendered":"1 nuotr. Sergejus Lavrovas. EPA-Eltos nuotr. \u00a0 \u00a0 Ukrainai kalt\u0119 d\u0117l \u0161io \u201eteroristinio i\u0161puolio\u201c suvert\u0119s S. Lavrovas komentaruose&hellip;\n","protected":false},"author":2,"featured_media":100622,"comment_status":"","ping_status":"","sticky":false,"template":"","format":"standard","meta":{"footnotes":"","_share_on_mastodon":"0"},"categories":[6],"tags":[20025,25,30,31,34,35,8014,24,32,33,20024,37,39,36,38,40,23,22,28,29,119,26,27,360],"class_list":["post-100621","post","type-post","status-publish","format-standard","has-post-thumbnail","category-antrastes","tag-aleksejevas","tag-antrastes","tag-breaking-news","tag-breakingnews","tag-featured-news","tag-featurednews","tag-generolas","tag-headlines","tag-latest-news","tag-latestnews","tag-lavorvas","tag-lietuva","tag-lietuviu","tag-lithuania","tag-lithuanian","tag-lt","tag-naujienos","tag-news","tag-populiariausios-naujienos","tag-populiariausiosnaujienos","tag-rusija","tag-top-stories","tag-topstories","tag-ukraina"],"share_on_mastodon":{"url":"https:\/\/pubeurope.com\/@lt\/116025561143574348","error":""},"_links":{"self":[{"href":"https:\/\/www.europesays.com\/lt\/wp-json\/wp\/v2\/posts\/100621","targetHints":{"allow":["GET"]}}],"collection":[{"href":"https:\/\/www.europesays.com\/lt\/wp-json\/wp\/v2\/posts"}],"about":[{"href":"https:\/\/www.europesays.com\/lt\/wp-json\/wp\/v2\/types\/post"}],"author":[{"embeddable":true,"href":"https:\/\/www.europesays.com\/lt\/wp-json\/wp\/v2\/users\/2"}],"replies":[{"embeddable":true,"href":"https:\/\/www.europesays.com\/lt\/wp-json\/wp\/v2\/comments?post=100621"}],"version-history":[{"count":0,"href":"https:\/\/www.europesays.com\/lt\/wp-json\/wp\/v2\/posts\/100621\/revisions"}],"wp:featuredmedia":[{"embeddable":true,"href":"https:\/\/www.europesays.com\/lt\/wp-json\/wp\/v2\/media\/100622"}],"wp:attachment":[{"href":"https:\/\/www.europesays.com\/lt\/wp-json\/wp\/v2\/media?parent=100621"}],"wp:term":[{"taxonomy":"category","embeddable":true,"href":"https:\/\/www.europesays.com\/lt\/wp-json\/wp\/v2\/categories?post=100621"},{"taxonomy":"post_tag","embeddable":true,"href":"https:\/\/www.europesays.com\/lt\/wp-json\/wp\/v2\/tags?post=100621"}],"curies":[{"name":"wp","href":"https:\/\/api.w.org\/{rel}","templated":true}]}}