{"id":10072,"date":"2025-10-04T08:03:14","date_gmt":"2025-10-04T08:03:14","guid":{"rendered":"https:\/\/www.europesays.com\/lt\/10072\/"},"modified":"2025-10-04T08:03:14","modified_gmt":"2025-10-04T08:03:14","slug":"vilius-gaubas-per-zingsni-nuo-dar-vieno-finalo","status":"publish","type":"post","link":"https:\/\/www.europesays.com\/lt\/10072\/","title":{"rendered":"Vilius Gaubas \u2013 per \u017eingsn\u012f nuo dar vieno finalo"},"content":{"rendered":"<p>Dvikova truko 2:51 val. 20-me\u010diui tenisininkui \u0161i pergal\u0117 u\u017etikrino 22 ATP reitingo ta\u0161kus ir 4550 eurus. <\/p>\n<p>Pusfinalyje lietuvio laukia 28-eri\u0173 \u010dekas Zdenekas Kolaras (ATP-236). Kova d\u0117l vietos <a rel=\"noopener nofollow\" target=\"_blank\" href=\"https:\/\/www.delfi.lt\/temos\/finalas\" tag-id=\"39879031\">finale<\/a> numatyta \u0161e\u0161tadien\u012f 14:30 val.<\/p>\n<p>Turnyro \u010dempionui atiteks 75 ATP ta\u0161kai ir 12,98 t\u016bkst. \u20ac premija. <\/p>\n<p>Primename, jog pra\u0117jus\u012f savaitgal\u012f V. Gaubas triumfavo Lisabonoje vykusiame \u201eChallenger\u201c serijos turnyre. <\/p>\n<p>Ma\u017ea to, Portugalijoje nuo rugs\u0117jo 22-osios sportuojantis lietuvis laim\u0117jo jau 8 susitikimus i\u0161 eil\u0117s.<\/p>\n","protected":false},"excerpt":{"rendered":"Dvikova truko 2:51 val. 20-me\u010diui tenisininkui \u0161i pergal\u0117 u\u017etikrino 22 ATP reitingo ta\u0161kus ir 4550 eurus. Pusfinalyje lietuvio&hellip;\n","protected":false},"author":2,"featured_media":10073,"comment_status":"","ping_status":"","sticky":false,"template":"","format":"standard","meta":{"footnotes":"","_share_on_mastodon":"0"},"categories":[19],"tags":[349,37,39,36,38,40,3834,47,104,2422,2424],"class_list":["post-10072","post","type-post","status-publish","format-standard","has-post-thumbnail","category-sportas","tag-finalas","tag-lietuva","tag-lietuviu","tag-lithuania","tag-lithuanian","tag-lt","tag-portugalija","tag-sportas","tag-sports","tag-tenisas","tag-vilius-gaubas"],"share_on_mastodon":{"url":"","error":""},"_links":{"self":[{"href":"https:\/\/www.europesays.com\/lt\/wp-json\/wp\/v2\/posts\/10072","targetHints":{"allow":["GET"]}}],"collection":[{"href":"https:\/\/www.europesays.com\/lt\/wp-json\/wp\/v2\/posts"}],"about":[{"href":"https:\/\/www.europesays.com\/lt\/wp-json\/wp\/v2\/types\/post"}],"author":[{"embeddable":true,"href":"https:\/\/www.europesays.com\/lt\/wp-json\/wp\/v2\/users\/2"}],"replies":[{"embeddable":true,"href":"https:\/\/www.europesays.com\/lt\/wp-json\/wp\/v2\/comments?post=10072"}],"version-history":[{"count":0,"href":"https:\/\/www.europesays.com\/lt\/wp-json\/wp\/v2\/posts\/10072\/revisions"}],"wp:featuredmedia":[{"embeddable":true,"href":"https:\/\/www.europesays.com\/lt\/wp-json\/wp\/v2\/media\/10073"}],"wp:attachment":[{"href":"https:\/\/www.europesays.com\/lt\/wp-json\/wp\/v2\/media?parent=10072"}],"wp:term":[{"taxonomy":"category","embeddable":true,"href":"https:\/\/www.europesays.com\/lt\/wp-json\/wp\/v2\/categories?post=10072"},{"taxonomy":"post_tag","embeddable":true,"href":"https:\/\/www.europesays.com\/lt\/wp-json\/wp\/v2\/tags?post=10072"}],"curies":[{"name":"wp","href":"https:\/\/api.w.org\/{rel}","templated":true}]}}