{"id":10082,"date":"2025-10-04T08:11:07","date_gmt":"2025-10-04T08:11:07","guid":{"rendered":"https:\/\/www.europesays.com\/lt\/10082\/"},"modified":"2025-10-04T08:11:07","modified_gmt":"2025-10-04T08:11:07","slug":"japonijos-premjere-pirma-karta-gali-tapti-moteris","status":"publish","type":"post","link":"https:\/\/www.europesays.com\/lt\/10082\/","title":{"rendered":"Japonijos premjere pirm\u0105 kart\u0105 gali tapti moteris"},"content":{"rendered":"<p>64-eri\u0173 met\u0173 politik\u0117 \u017eavisi buvusia Jungtin\u0117s Karalyst\u0117s ministre pirmininke Margaret Thatcher, o dabar jai teks gaivinti su i\u0161\u0161\u016bkiais susidurian\u010di\u0105 Liberal\u0173 demokrat\u0173 partij\u0105 (LDP), kuriai ant kuln\u0173 mina naujos prie\u0161 imigracij\u0105 nusista\u010diusios j\u0117gos.<\/p>\n<p>Beveik neabejojama, kad parlamentas patvirtins S. Takaichi Japonijos ministre pirmininke, o tai \u012fvykti gali jau spalio 13 d. Per penkerius metus Japonijoje pasikeit\u0117 jau penki vyriausyb\u0117s vadovai.<\/p>\n<p>Antrajame LDP pirmininko rinkim\u0173 ture S. Takaichi nugal\u0117jo Shinjiro Koizum\u012f, fotogeni\u0161k\u0105 bet nepatyrus\u012f buvusio premjero s\u016bn\u0173.<\/p>\n<p>S. Koizumis, kuriam 44-eri, gal\u0117jo tapti jauniausiu Japonijos ministru pirmininku pastaraisiais laikais, o LDP b\u016bt\u0173 \u012fvykusi kart\u0173 kaita.\u00a0<\/p>\n<p>Dabar S. Takaichi tur\u0117s spr\u0119sti aib\u0119 problem\u0173, \u012fskaitant senstan\u010dios visuomen\u0117s, geopolitini\u0173 neramum\u0173, silpn\u0117jan\u010dios ekonomikos ir augant\u012f nerim\u0105 d\u0117l imigracijos.<\/p>\n<p>Ta\u010diau i\u0161 prad\u017ei\u0173 jai reik\u0117s \u012fsitikinti, kad LDP, kuri valdo beveik be pertraukos nuo 1955 m., vis dar gali pritraukti rink\u0117jus.<\/p>\n<p>Japonijoje did\u0117ja \u201eSanseito\u201c partijos populiarumas, kuri, kaip ir kiti populist\u0173 jud\u0117jimai, imigracij\u0105 vadina \u201etylia invazija\u201c ir d\u0117l daugyb\u0117s problem\u0173 kaltina migrantus.<\/p>\n<p>Tiek S. Takaichi, tiek S Koizumis rinkim\u0173 kampanijos metu steng\u0117si pritraukti rink\u0117jus, kuriems patinka \u201eSanseito\u201c partijos \u017einut\u0117 nukreipta prie\u0161 u\u017esienie\u010dius, ar tai b\u016bt\u0173 imigrantai, ar turist\u0173 minios.<\/p>\n<p>S. Takaichi teigia, kad Japonijai reikia per\u017ei\u016br\u0117ti savo politik\u0105, nes dabar ten gali atvykti \u017emon\u0117s i\u0161 \u0161ali\u0173 su visi\u0161kai prie\u0161inga kult\u016bra.<\/p>\n","protected":false},"excerpt":{"rendered":"64-eri\u0173 met\u0173 politik\u0117 \u017eavisi buvusia Jungtin\u0117s Karalyst\u0117s ministre pirmininke Margaret Thatcher, o dabar jai teks gaivinti su i\u0161\u0161\u016bkiais&hellip;\n","protected":false},"author":2,"featured_media":10083,"comment_status":"","ping_status":"","sticky":false,"template":"","format":"standard","meta":{"footnotes":""},"categories":[15],"tags":[25,30,31,3346,34,35,24,1770,479,32,33,37,39,36,38,40,23,22,44,28,29,26,27,74,75,76],"class_list":{"0":"post-10082","1":"post","2":"type-post","3":"status-publish","4":"format-standard","5":"has-post-thumbnail","7":"category-pasaulis","8":"tag-antrastes","9":"tag-breaking-news","10":"tag-breakingnews","11":"tag-elta-uzsienio-naujiena","12":"tag-featured-news","13":"tag-featurednews","14":"tag-headlines","15":"tag-japonija","16":"tag-kinija","17":"tag-latest-news","18":"tag-latestnews","19":"tag-lietuva","20":"tag-lietuviu","21":"tag-lithuania","22":"tag-lithuanian","23":"tag-lt","24":"tag-naujienos","25":"tag-news","26":"tag-pasaulis","27":"tag-populiariausios-naujienos","28":"tag-populiariausiosnaujienos","29":"tag-top-stories","30":"tag-topstories","31":"tag-world","32":"tag-world-news","33":"tag-worldnews"},"share_on_mastodon":{"url":"","error":""},"_links":{"self":[{"href":"https:\/\/www.europesays.com\/lt\/wp-json\/wp\/v2\/posts\/10082","targetHints":{"allow":["GET"]}}],"collection":[{"href":"https:\/\/www.europesays.com\/lt\/wp-json\/wp\/v2\/posts"}],"about":[{"href":"https:\/\/www.europesays.com\/lt\/wp-json\/wp\/v2\/types\/post"}],"author":[{"embeddable":true,"href":"https:\/\/www.europesays.com\/lt\/wp-json\/wp\/v2\/users\/2"}],"replies":[{"embeddable":true,"href":"https:\/\/www.europesays.com\/lt\/wp-json\/wp\/v2\/comments?post=10082"}],"version-history":[{"count":0,"href":"https:\/\/www.europesays.com\/lt\/wp-json\/wp\/v2\/posts\/10082\/revisions"}],"wp:featuredmedia":[{"embeddable":true,"href":"https:\/\/www.europesays.com\/lt\/wp-json\/wp\/v2\/media\/10083"}],"wp:attachment":[{"href":"https:\/\/www.europesays.com\/lt\/wp-json\/wp\/v2\/media?parent=10082"}],"wp:term":[{"taxonomy":"category","embeddable":true,"href":"https:\/\/www.europesays.com\/lt\/wp-json\/wp\/v2\/categories?post=10082"},{"taxonomy":"post_tag","embeddable":true,"href":"https:\/\/www.europesays.com\/lt\/wp-json\/wp\/v2\/tags?post=10082"}],"curies":[{"name":"wp","href":"https:\/\/api.w.org\/{rel}","templated":true}]}}