{"id":100868,"date":"2026-02-07T09:20:10","date_gmt":"2026-02-07T09:20:10","guid":{"rendered":"https:\/\/www.europesays.com\/lt\/100868\/"},"modified":"2026-02-07T09:20:10","modified_gmt":"2026-02-07T09:20:10","slug":"vitalijus-digrevicius-anuitetas-klauso-respublika-lt","status":"publish","type":"post","link":"https:\/\/www.europesays.com\/lt\/100868\/","title":{"rendered":"Vitalijus DIGREVI\u010cIUS: \u201eAnuitetas&#8221; klauso &#8211; Respublika.lt"},"content":{"rendered":"<p><img loading=\"lazy\" decoding=\"async\" src=\"https:\/\/www.respublika.lt\/lt\/naujienos\/nuomones_ir_komentarai\/isklausyk-respublika\/vitalijus-digrevicius-anuitetas-klauso\/images\/ico_camera_white.gif\" class=\"camera\" width=\"22\" height=\"15\" alt=\"nuotr.\" style=\"position:relative; top:-2px; right:2px;\"\/> 1 nuotr.<\/p>\n<p>Asociatyvi YouTube nuotr.<\/p>\n<p>&#8211; Aliuo. \u010cianais Antanas?<\/p>\n<p>&#8211; Antanas.<\/p>\n<p>&#8211; Antaniuk, \u010dianais i\u0161 antra pensij\u0173 fonda skambinam.<\/p>\n<p>&#8211; O i\u0161 kur mano numer\u012f turite?<br \/>&#8211; Mes visk\u0105 turim, tava dukters gimima metus galim pasakyt.<\/p>\n<p>&#8211; O kaip \u010dia j\u016bs lietuvi\u0161kai neai\u0161kiai?<\/p>\n<p>&#8211; Mes, tipa, ukrainie\u010diai. Migrantai. Nisinai dar dirbam. Nuo Nauj\u0173 nibigalim rusi\u0161kai.<\/p>\n<p>&#8211; Klausau j\u016bs\u0173.<\/p>\n<p>&#8211; Tai va, si\u016blam antra pensij\u0173 fond\u0105 abnulitet\u0105.<\/p>\n<p>&#8211; K\u0105 rei\u0161kia?<\/p>\n<p>&#8211; Visi\u0161k\u0105 fonda nunulinim\u0105. Padar\u0117 \u012fstatym\u0105, kad daba galima. I tau gerai, i m\u016bs\u0173 arganizacijai nebereiks vargt.<\/p>\n<p>&#8211; O kokios \u010dia organizacijos?<\/p>\n<p>&#8211; \u201eApdraudimas nuo draudimo&#8221;. Tilifon\u0105 matai?<\/p>\n<p>&#8211; Nematau. Ra\u0161o, kad neatpa\u017eintas.<\/p>\n<p>&#8211; Tai \u010dia linija u\u017esikirta. Labai daug kas skambina. Populiarnije.<\/p>\n<p>&#8211; O j\u016bs\u0173 adresas?<\/p>\n<p>&#8211; Daba m\u016bs\u0173 nauja b\u016bstine. Kai\u0161iadori\u0173 rajone. Tai va, si\u016blam perkelt pensijas fond\u0105 \u012f sauguma s\u0105skait\u0105 arba \u012f Etherum pakeist.<\/p>\n<p>&#8211; Kas \u010dia per velnias?<\/p>\n<p>&#8211; A\u0161 gerai neperskaitau, bet tu ir nesuprasi, tai geriau niai\u0161kinsiu. Man tik reikia pri tava bank\u0105 prisijungt, i visk\u0105 sutvarkysiu. B\u016bsi patenkintas iki am\u017eiaus gala. Do konca, kaip saka. I nieka pasira\u0161yt nereik. Kaip Dokobit.<\/p>\n<p>&#8211; Bet a\u0161 ruo\u0161iausi dar po daugiau kaupti. Valstyb\u0117 padeda.<\/p>\n<p>&#8211; Tai tu gali pasididint kaupim\u0105, tik nada \u012f kit\u0105 s\u0105skait\u0105, sauguma s\u0105skait\u0105. A\u0161 numer\u012f tuoj atsi\u0173siu. A kad bez truda, tai atsi\u0173sk kodus, a\u0161 pats sutvarkysiu visk\u0105.<\/p>\n<p>&#8211; O tuos  jau sukauptus?<\/p>\n<p>&#8211; Tai irgi \u012f t\u0105 sauguma s\u0105skait\u0105. \u010cia \u0161veicar\u0173 banke jinai. Nieks nei\u0161ims, nasmert.<\/p>\n<p>&#8211; Bet jeigu man koks svarbus reikalas? Jei b\u0117da? Jei liga?<\/p>\n<p>&#8211; Tada mes pasir\u016bpinsim. I transportu, i duobe nemokamai. Turim patirt\u012f. Mes jau tau kaip radnyje b\u016bsim&#8230;<\/p>\n<p>&#8211; O kur susitinkam?<\/p>\n<p>&#8211; A mes? A reik? Daba kosmosa am\u017eius. Visk\u0105 galim internetais, zaprasta.<\/p>\n<p>&#8211; Gerai, gal sutiksiu, bet kaip darboviet\u0117j pa\u017ei\u016br\u0117s. Visi dar kaupia, o a\u0161&#8230;<\/p>\n<p>&#8211; A mes da ni\u017eynom, kur tu dirbi?<\/p>\n<p>&#8211; Kriminaliniam. Operatyvininkas a\u0161.<\/p>\n<p>&#8211; Nu ni sibe&#8230; Alo, alo, nieka nebesigirdi&#8230; alo, ja perezvoniu v\u0117liau&#8230;<\/p>\n","protected":false},"excerpt":{"rendered":"1 nuotr. Asociatyvi YouTube nuotr. &#8211; Aliuo. \u010cianais Antanas? &#8211; Antanas. &#8211; Antaniuk, \u010dianais i\u0161 antra pensij\u0173 fonda&hellip;\n","protected":false},"author":2,"featured_media":100869,"comment_status":"","ping_status":"","sticky":false,"template":"","format":"standard","meta":{"footnotes":"","_share_on_mastodon":"0"},"categories":[13],"tags":[25,20050,30,31,374,34,35,4085,6067,24,496,32,33,37,39,36,38,40,23,22,1506,28,29,2682,26,27],"class_list":["post-100868","post","type-post","status-publish","format-standard","has-post-thumbnail","category-lietuva","tag-antrastes","tag-anuitetas","tag-breaking-news","tag-breakingnews","tag-digrevicius","tag-featured-news","tag-featurednews","tag-feljetonas","tag-fondas","tag-headlines","tag-kaupimas","tag-latest-news","tag-latestnews","tag-lietuva","tag-lietuviu","tag-lithuania","tag-lithuanian","tag-lt","tag-naujienos","tag-news","tag-pensija","tag-populiariausios-naujienos","tag-populiariausiosnaujienos","tag-sukciai","tag-top-stories","tag-topstories"],"share_on_mastodon":{"url":"https:\/\/pubeurope.com\/@lt\/116028612452971584","error":""},"_links":{"self":[{"href":"https:\/\/www.europesays.com\/lt\/wp-json\/wp\/v2\/posts\/100868","targetHints":{"allow":["GET"]}}],"collection":[{"href":"https:\/\/www.europesays.com\/lt\/wp-json\/wp\/v2\/posts"}],"about":[{"href":"https:\/\/www.europesays.com\/lt\/wp-json\/wp\/v2\/types\/post"}],"author":[{"embeddable":true,"href":"https:\/\/www.europesays.com\/lt\/wp-json\/wp\/v2\/users\/2"}],"replies":[{"embeddable":true,"href":"https:\/\/www.europesays.com\/lt\/wp-json\/wp\/v2\/comments?post=100868"}],"version-history":[{"count":0,"href":"https:\/\/www.europesays.com\/lt\/wp-json\/wp\/v2\/posts\/100868\/revisions"}],"wp:featuredmedia":[{"embeddable":true,"href":"https:\/\/www.europesays.com\/lt\/wp-json\/wp\/v2\/media\/100869"}],"wp:attachment":[{"href":"https:\/\/www.europesays.com\/lt\/wp-json\/wp\/v2\/media?parent=100868"}],"wp:term":[{"taxonomy":"category","embeddable":true,"href":"https:\/\/www.europesays.com\/lt\/wp-json\/wp\/v2\/categories?post=100868"},{"taxonomy":"post_tag","embeddable":true,"href":"https:\/\/www.europesays.com\/lt\/wp-json\/wp\/v2\/tags?post=100868"}],"curies":[{"name":"wp","href":"https:\/\/api.w.org\/{rel}","templated":true}]}}