{"id":100962,"date":"2026-02-07T11:10:49","date_gmt":"2026-02-07T11:10:49","guid":{"rendered":"https:\/\/www.europesays.com\/lt\/100962\/"},"modified":"2026-02-07T11:10:49","modified_gmt":"2026-02-07T11:10:49","slug":"po-dziugui-prastos-zinios-klubo-vadovo-paaiskinimas","status":"publish","type":"post","link":"https:\/\/www.europesays.com\/lt\/100962\/","title":{"rendered":"Po \u201eD\u017eiugui\u201c prastos \u017einios \u2013 klubo vadovo paai\u0161kinimas"},"content":{"rendered":"<p>Po vasario 5 d. vykusio LFF licencijavimo komiteto Tel\u0161i\u0173 klubas liko be TOP lygos licencijos. <\/p>\n<p>\u201eD\u017eiugas\u201c turi teis\u0119 teikti apeliacij\u0105 d\u0117l LFF licencijavimo komiteto sprendimo. <\/p>\n<p>\u201eAtvirai \u2013 tai yra blogiausias scenarijus, kok\u012f gal\u0117jau \u012fsivaizduoti. Nuo gruod\u017eio m\u0117nesio band\u017eiau visiems priminti terminus, raginti suskubti, bet, matyt, per daug pasitik\u0117jome savo j\u0117gomis, kad visk\u0105 sp\u0117sime. Galb\u016bt tai ir yra m\u016bs\u0173, \u017eemai\u010di\u0173, bruo\u017eas \u2013 kartais esame pernelyg ram\u016bs\u201c, \u2013 kalb\u0117jo M. Armalis. <\/p>\n<p>FC \u201eD\u017eiugo\u201c vadovas neveng\u0117 atsakomyb\u0117s ir savikritikos d\u0117l formalum\u0173 nesilaikymo. <\/p>\n<p>\u201eMes pav\u0117lavome pateikti kai kuriuos finansinius dokumentus. Tiksliau \u2013 pav\u0117lavome pateikti finansin\u0119 atskaitomyb\u0119 auditoriui \u012fvertinti. V\u0117liau dokumentus \u012f LFF sistem\u0105 \u012fk\u0117l\u0117me jau po nustatyto termino, likus vos dviem dienoms iki licencijavimo pos\u0117d\u017eio.<\/p>\n<p>Visus kitus kriterijus buvome i\u0161pild\u0119, ta\u010diau finansinis kriterijus mus \u201epaki\u0161o\u201c. \u010cia tenka prisiimti atsakomyb\u0119 ir man, kadangi pasitik\u0117jome, kad viskas bus sutvarkyta laiku, ta\u010diau praktikoje procesas u\u017esit\u0119s\u0117\u201c, \u2013 teig\u0117 M. Armalis. <\/p>\n<p>LFF apeliacinio licencijavimo komiteto pos\u0117dis vyks vasario 12 d. Galutin\u012f 2026 m. TOP lygos dalyvi\u0173 s\u0105ra\u0161\u0105 tvirtins LFF vykdomasis komitetas. Lyga tur\u0117t\u0173 startuoti vasario 21 d. <\/p>\n<p>\u201e\u017dinoma, jog teiksime apeliacij\u0105. Tikim\u0117s, kad visk\u0105 susp\u0117sime sutvarkyti ir situacija bus i\u0161spr\u0119sta m\u016bs\u0173 naudai\u201c, \u2013 tikino vadovas, nutrauk\u0119s klausim\u0105 apie Pirm\u0105 lyg\u0105, jei ir po apeliacijos \u201eD\u017eiugui\u201c b\u016bt\u0173 u\u017edegta raudona \u0161viesa. <\/p>\n<p>    <img decoding=\"async\" src=\"https:\/\/www.europesays.com\/lt\/wp-content\/uploads\/2026\/02\/ac5e80e6-1905-490c-b9ba-2efeed80ba22.jpg\" loading=\"lazy\" alt=\"Martynas Armalis\"\/>      <\/p>\n<p>\u201eNe. Toki\u0173 kalb\u0173 net n\u0117ra. Pagal sportinius principus mes esame A lygos komanda, niekas nesiruo\u0161ia trauktis ar leistis \u017eemiau. Klubas \u0161iuo metu gyvena normaliame pasirengime. <\/p>\n<p>Tik noriu pasakyti, jog man labai apmaudu prie\u0161 m\u016bs\u0173 gerb\u0117jus, r\u0117m\u0117jus ir partnerius. Pernai licencij\u0105 gavome be problem\u0173, buvau net pamir\u0161\u0119s t\u0105 jausm\u0105. Dabar v\u0117l sulaukiame skambu\u010di\u0173, klausim\u0173, tikrai yra nepatogum\u0173.<\/p>\n<p>Taip pat turime tam tikr\u0173 administracini\u0173 niuans\u0173 su centralizuota buhalterija, kadangi viskas vyksta l\u0117\u010diau, nes vienas \u017emogus tvark\u0117 dokumentus pirm\u0105 kart\u0105 ir pasitik\u0117jo, kad su auditoriumi viskas bus laiku. Deja, neatsi\u017evelgta \u012f tai, kad LFF taip pat turi savo terminus ir vertinimo proces\u0105\u201c, \u2013 ai\u0161kino Tel\u0161i\u0173 klubo vadovas. <\/p>\n<p>Ar komanda dar stiprinsis prie\u0161 sezono start\u0105?<\/p>\n<p>\u201eTaip. Planuojame pristatyti dar 2\u20133 naujokus. Jie jau kur\u012f laik\u0105 treniruojasi su komanda, ta\u010diau vyksta formal\u016bs derinimai\u201c, \u2013 kalb\u0117jo M. Armalis.<\/p>\n<p>Jis pasid\u017eiaug\u0117, jog klubo biud\u017eetas ne\u017eymiai \u016bgtel\u0117jo.  <\/p>\n<p>\u201eSituacija stabili. Dirbame su tais pa\u010diais partneriais, turime savivaldyb\u0117s palaikym\u0105. Biud\u017eetas i\u0161 esm\u0117s pana\u0161us kaip pernai, ta\u010diau dideli\u0173 poky\u010di\u0173 n\u0117ra. Grei\u010diausiai b\u016bsime viena i\u0161 ma\u017eiausi\u0173 biud\u017eet\u0173 turin\u010di\u0173 komand\u0173 lygoje, ta\u010diau tikrai b\u016bsime viena kovingiausi\u0173 visoje lygoje\u201c, \u2013 pokalb\u012f u\u017ebaig\u0117 vadovas.<\/p>\n<p>Komandos sud\u0117tis: Marius Pauk\u0161t\u0117, Mykyta Ryb\u010dynskis, D\u017eiugas Aleksa (Vilniaus \u201e\u017dalgiris\u201c), Jakubas Waw\u0161\u010dykas, Bacary Sane, Ibrahimas Cisse, Valentino Vermeulenas, Joshua Okpolokpo (Seinejokio SJK), Lukas Ankudinovas, Denysas Bun\u010dukovas, Deitonas Vinckus, Denis \u017dev\u017eikovas (Alytaus DFK \u201eDainava\u201c), Vilius Piliukaitis, Pedro Bahia (Plung\u0117s \u201eBabrungas\u201c), Nidas Vosylius (\u201eKauno \u017dalgiris\u201c), Tomas Stelmokas (\u201eKauno \u017dalgiris\u201c), Ronaldas Sobowale, vyr. treneris Andrius Lipskis.<\/p>\n<p>I\u0161vyko: Danylo Riabenka, Dejanas Trajkovskis (Pri\u0161tinos \u201ePrishtina e Re\u201c), Miroslavas Pu\u0161karovas, Karolis \u0160ilkaitis, Martynas Vasiliauskas (Ma\u017eeiki\u0173 \u201eAtmosfera\u201c), Hirotaka Yamada, Simonas Urbys (Klaip\u0117dos \u201eNept\u016bnas\u201c), Davidas Martinas Anane, Oleksandras Kurcevas (\u201ePanev\u0117\u017eys\u201c), Aramas Baghdasaryanas.<\/p>\n<p>TOP lygos licencijas turi:<\/p>\n<ul>\n<li>\n<p>FK \u201eKauno \u017dalgiris\u201c<\/p>\n<\/li>\n<li>\n<p>FC \u201eHegelmann\u201c (Kauno r.)<\/p>\n<\/li>\n<li>\n<p>FK \u201e\u017dalgiris\u201c (Vilnius)<\/p>\n<\/li>\n<li>\n<p>FK \u201eS\u016bduva\u201c (Marijampol\u0117)<\/p>\n<\/li>\n<li>\n<p>FA \u201e\u0160iauliai\u201c<\/p>\n<\/li>\n<li>\n<p>FK \u201ePanev\u0117\u017eys\u201c<\/p>\n<\/li>\n<li>\n<p>FK \u201eBanga\u201c (Garg\u017edai)<\/p>\n<\/li>\n<li>\n<p>FK \u201eRiteriai\u201c (Vilnius)<\/p>\n<\/li>\n<li>\n<p>FK \u201eTransINVEST\u201c (Vilniaus r.)<\/p>\n<\/li>\n<li>\n<p>FK \u201eTauras\u201c (Taurag\u0117)<\/p>\n<\/li>\n<li>\n<p>FK \u201eNept\u016bnas\u201c (Klaip\u0117da)<\/p>\n<\/li>\n<\/ul>\n<p>    <img decoding=\"async\" src=\"https:\/\/www.europesays.com\/lt\/wp-content\/uploads\/2026\/02\/f9aea799-7f36-4c38-bbc1-b75338588ffc.jpg\" loading=\"lazy\" alt=\"\u201eTopsport A lyga\u201c: FK \u201e\u017dalgiris\u201c - Tel\u0161i\u0173 \u201eD\u017eiugas\u201c\"\/>           <\/p>\n","protected":false},"excerpt":{"rendered":"Po vasario 5 d. vykusio LFF licencijavimo komiteto Tel\u0161i\u0173 klubas liko be TOP lygos licencijos. \u201eD\u017eiugas\u201c turi teis\u0119&hellip;\n","protected":false},"author":2,"featured_media":100963,"comment_status":"","ping_status":"","sticky":false,"template":"","format":"standard","meta":{"footnotes":"","_share_on_mastodon":"0"},"categories":[19],"tags":[1700,5034,37,39,36,38,40,20069,47,104,4240],"class_list":["post-100962","post","type-post","status-publish","format-standard","has-post-thumbnail","category-sportas","tag-a-lyga","tag-lff","tag-lietuva","tag-lietuviu","tag-lithuania","tag-lithuanian","tag-lt","tag-martynas-armalis","tag-sportas","tag-sports","tag-telsiu-dziugas"],"share_on_mastodon":{"url":"https:\/\/pubeurope.com\/@lt\/116029048931974696","error":""},"_links":{"self":[{"href":"https:\/\/www.europesays.com\/lt\/wp-json\/wp\/v2\/posts\/100962","targetHints":{"allow":["GET"]}}],"collection":[{"href":"https:\/\/www.europesays.com\/lt\/wp-json\/wp\/v2\/posts"}],"about":[{"href":"https:\/\/www.europesays.com\/lt\/wp-json\/wp\/v2\/types\/post"}],"author":[{"embeddable":true,"href":"https:\/\/www.europesays.com\/lt\/wp-json\/wp\/v2\/users\/2"}],"replies":[{"embeddable":true,"href":"https:\/\/www.europesays.com\/lt\/wp-json\/wp\/v2\/comments?post=100962"}],"version-history":[{"count":0,"href":"https:\/\/www.europesays.com\/lt\/wp-json\/wp\/v2\/posts\/100962\/revisions"}],"wp:featuredmedia":[{"embeddable":true,"href":"https:\/\/www.europesays.com\/lt\/wp-json\/wp\/v2\/media\/100963"}],"wp:attachment":[{"href":"https:\/\/www.europesays.com\/lt\/wp-json\/wp\/v2\/media?parent=100962"}],"wp:term":[{"taxonomy":"category","embeddable":true,"href":"https:\/\/www.europesays.com\/lt\/wp-json\/wp\/v2\/categories?post=100962"},{"taxonomy":"post_tag","embeddable":true,"href":"https:\/\/www.europesays.com\/lt\/wp-json\/wp\/v2\/tags?post=100962"}],"curies":[{"name":"wp","href":"https:\/\/api.w.org\/{rel}","templated":true}]}}