{"id":101810,"date":"2026-02-08T15:57:11","date_gmt":"2026-02-08T15:57:11","guid":{"rendered":"https:\/\/www.europesays.com\/lt\/101810\/"},"modified":"2026-02-08T15:57:11","modified_gmt":"2026-02-08T15:57:11","slug":"i-svedija-gabriele-isvyko-ne-uzsidirbti","status":"publish","type":"post","link":"https:\/\/www.europesays.com\/lt\/101810\/","title":{"rendered":"\u012e \u0160vedij\u0105 Gabriel\u0117 i\u0161vyko ne u\u017esidirbti"},"content":{"rendered":"<p class=\"western\">Gabriel\u0117 su vyru ir dukra \u010dia gyvena jau penkerius metus. Pasiteiravus, kod\u0117l i\u0161vyko i\u0161 Lietuvos, moteris \u0161ypteli \u2013 sako niekada ne\u017einanti, kaip atsakyti \u012f \u0161\u012f klausim\u0105. Bet kad ne d\u0117l didesnio u\u017edarbio \u2013 tai tikrai. Viliojo galimyb\u0117 ka\u017eko pasiekti, prapl\u0117sti akirat\u012f, pakeliauti.<\/p>\n<p class=\"western\">\u201eStudijavau Kaune medicin\u0105, v\u0117liau tapau psichiatrijos gydytoja-rezident\u0117, o \u0160vedijoje atsid\u016briau ie\u0161kodama vietos tolesnei rezident\u016brai, kuri \u010dia vertinama kaip darbas, nes n\u0117ra priri\u0161ta prie universitet\u0173. Rezident\u016bros kokyb\u0119 privalo u\u017etikrinti regionas, programa sudaroma \u0160vietimo ministerijos. Rezident\u016bros kokyb\u0117 \u010dia tikrai fantasti\u0161ka, esu labai patenkinta. I\u0161 prad\u017ei\u0173 apsigyvenome vidurio \u0160vedijoje, Dalarnos regione, bet v\u0117liau visai nety\u010dia ir specialiai neplanuojant atsid\u016br\u0117me \u0161iaur\u0117je\u201c, \u2013 pasakojim\u0105 pradeda pa\u0161nekov\u0117.<\/p>\n<p class=\"western\">Kitur, net Europos piet\u0173 \u0161alyse, n\u0117ra tokios gamtos ir tokios tylos, koki\u0105 galima rasti \u0160vedijoje, sako emigrant\u0117. Be to, Skandinavija \u2013 vedan\u010dios \u0161alys pasaulyje, tad viliojo galimyb\u0117 gyventi ten, kur auk\u0161ta gyvenimo kokyb\u0117 ir i\u0161sivys\u010diusi \u0161vietimo sistema. Gabriel\u0117 susi\u017eav\u0117jo ir \u0161ved\u0173 gyvenimo b\u016bdu, kur\u012f netruko perimti ir pati.<\/p>\n<p class=\"western\">\u201eMes Lietuvoje bi\u010diuliui tiesiog pasi\u016blome nueiti kavos, o \u0161vedai sako \u2013 fika. Tai rei\u0161kia, kad susitinki i\u0161gerti kavos, bendrauji, pasidarai pertrauk\u0105, pauz\u0119. \u0160itas \u017eodis da\u017enai skamba ir darbe. Teis\u0117 \u012f poils\u012f \u0160vedijoje labai svarbi, d\u0117l to niekam nieko \u012frodin\u0117ti nereikia, \u2013 \u0161ypteli ji. \u2013 Tiesa ir tai, kad daugelis \u0161ved\u0173 nepersidirba \u2013 \u0161tai penktadieniais darb\u0105 baigia anks\u010diau, o savaitgalius praleid\u017eia sodybose, kur atitr\u016bksta, pab\u016bna gamtoje, jie tai labai m\u0117gsta. Laikas su \u0161eima, draugais \u2013 labai vertinamas.\u201c<\/p>\n<p>       <img decoding=\"async\" src=\"https:\/\/www.europesays.com\/lt\/wp-content\/uploads\/2026\/02\/dcbc7b4e-8564-49e4-9803-6e611788d513.jpg\" loading=\"lazy\" alt=\"\u0160vedija\"\/>      <\/p>\n<p class=\"western\">Bet kad atitoltume nuo svajoni\u0173 apie tobulum\u0105, Gabriel\u0117 primena \u2013 skamba gra\u017eiai, gyvena \u0161vedai jaukiai, bet, kaip ir visur, pasitaiko visko. Nuo vir\u0161valand\u017ei\u0173 iki mobingo, taisykli\u0173 pa\u017eeidimo, atlyginim\u0173 v\u0117lavimo.<\/p>\n<p class=\"western\">\u201eNugar\u0105 lenkia ir medikai \u2013 darbuojasi po oficiali\u0173 darbo valand\u0173, kai kuriuose regionuose u\u017e tai net nieko nemoka. Kitur u\u017e ilgesn\u012f darbo laik\u0105 \u201eatsiskaito\u201c laisvu laiku kit\u0105 dien\u0105\u201c, \u2013 pasakoja ji.<\/p>\n<p class=\"western\">Gabriel\u0117 puikiai supranta ir kalba \u0161vedi\u0161kai \u2013 antraip, \u0161ypteli medik\u0117, net neb\u016b\u010diau gavusi darbo \u0161ioje \u0161alyje.<\/p>\n<p class=\"western\">\u201eB\u016bti mediku ir kalb\u0117ti angl\u0173 kalba \u010dia yra tiesiog ne\u012fmanoma \u2013 be \u0161ved\u0173 kalbos egzamino niekas nei\u0161duoda medicinos gydytojo licencijos. Kol gyvenome Dalarnoje, dirbau gydytoja asistente, \u2013 sako G. Smilgin\u0117. \u2013 Bet tuo metu vert\u0117si visa rezident\u016bros sistema, tuometin\u0117je darboviet\u0117je buvo labai daug chaoso, taigi teko ie\u0161koti kitos rezident\u016bros vietos. I\u0161vykome \u012f labai at\u0161iauri\u0105 viet\u0105 Norboteno regione, esan\u010di\u0105 u\u017e poliarinio rato. Ten prad\u0117jau dirbti kaip \u0161eimos gydytoja rezident\u0117, buvau orientuota \u012f atoki\u0173 region\u0173 medicin\u0105. Labai d\u017eiaugiausi darbo s\u0105lygomis, daug pramokau, apkeliavau vis\u0105 \u0160vedij\u0105 besitobulindama kursuose. Ta\u010diau laikui b\u0117gant supratau, kad neb\u016bsiu \u0161eimos gydytoja, net ir kelerius metus pradirbusi  gr\u012f\u017eau \u012f psichiatrij\u0105. D\u0117l atliktos psichiatrijos rezident\u016bros Lietuvoje bei darbo \u0161eimos medicinoje \u0160vedijoje, dabartin\u0117 rezident\u016bros trukm\u0117 yra sutrumpinta, kadangi mokslas atliktas Europos S\u0105jungoje. Tod\u0117l prie\u0161 dvejus metus su \u0161eima persikraust\u0117me dar kart\u0105, \u0161\u012fkart \u012f Lulea, esant\u012f Botnijos \u012flankoje, prie pat Baltijos j\u016bros \u2013 nes psichiatrijos centrai yra tik did\u017eiuosiuose miestuose. Man \u010dia gyventi patinka labiausiai \u2013 vienareik\u0161mi\u0161kai.\u201c<\/p>\n<p>       <img decoding=\"async\" src=\"https:\/\/www.europesays.com\/lt\/wp-content\/uploads\/2026\/02\/5919351d-4b09-468b-a890-a91621aac0e9.jpg\" loading=\"lazy\" alt=\"\u0160vedija\"\/>      <\/p>\n<p class=\"western\">Nors ten, kur gyvena Gabriel\u0117 su \u0161eima, \u0161iuo metu \u0161alta \u2013 vis d\u0117lto, \u0161ypteli ji, dabar Lietuvoje dar \u0161al\u010diau. Bet oro s\u0105lygos j\u0105 jaudina ma\u017eiausiai \u2013 visk\u0105 atsveria gamta, \u0161ilti \u017emon\u0117s, kolegos.<\/p>\n<p>Medicinos sistema \u0160vedijoje \u2013 kitokia nei Lietuvoje<\/p>\n<p class=\"western\">Lietuvoje pa\u0161nekov\u0117 taip pat dirbo medike \u2013 Kauno klinikose, \u0160vedijoje irgi darbuojasi valstybiniame sektoriuje. Vis d\u0117lto palyginti \u0161i\u0173 \u0161ali\u0173 medicin\u0105 ir po\u017ei\u016br\u012f \u012f sveikat\u0105 \u2013 labai sud\u0117tinga, teigia ji.<\/p>\n<p class=\"western\">\u201ePirmiausia reikia tur\u0117ti galvoje, kad \u0160vedijos biud\u017eetas \u2013 kelis kartus didesnis, tad resursai skiriasi stipriai. Bet Lietuva turi vien\u0105 did\u017eiul\u012f plius\u0105 \u2013 privat\u0173 medicinos sektori\u0173. Tai suteikia didesn\u012f pasirinkim\u0105 pa\u010diam pacientui. \u0160vedijoje priva\u010di\u0173 medicinos paslaug\u0173 yra gerokai ma\u017eiau ir jos labai brangios, tod\u0117l viskas eina per valstybines \u012fstaigas, regiono ligonines, \u2013 pasakoja Gabriel\u0117. \u2013 Jeigu pacientas turi sveikatai pavojing\u0105 b\u016bkl\u0119, pagalba ar gydymas suteikiamas labai greitai, yra metami mil\u017eini\u0161ki resursai. Bet jei \u017emogus neserga, o turi \u0161ioki\u0173 toki\u0173 nusiskundim\u0173 \u2013 vyksta l\u0117\u010diau. Eil\u0117s nepalyginamai ilgesn\u0117s nei Lietuvoje. Lietuvoje daugelis tokiu atveju kreipiasi priva\u010diai, susimoka, pasidaro tyrimus ir gauna atsakym\u0105\u201c.<\/p>\n<p class=\"western\">\u0160vedijoje kiekviena liga turi savo kriterijus, kurie nulemia ir laukimo pas gydytojus terminus. Jei pacientas skund\u017eiasi simptomais, kuri\u0173 negydant net ir po pusme\u010dio nieko nenutiks, tai jis tiek laiko ir laukia eil\u0117je \u2013 o kartais ir keliais m\u0117nesiais ilgiau.<\/p>\n<p class=\"western\">\u201eKod\u0117l taip yra? Nes tr\u016bksta specialist\u0173. Tai sunkus darbas, palyginus gan\u0117tinai menkai apmokamas, \u2013 teigia Gabriel\u0117. \u2013 Kalbant apie pinigus, mediku b\u016bti Lietuvoje daug labiau apsimoka \u2013 \u0161vedi\u0161k\u0105 atlyginim\u0105 gauna net regiono gydytojai, \u017einoma, priva\u010diame sektoriuje. O \u0160vedijoje juk skiriasi ir pragyvenimo lygis, paslaugos \u010dia tikrai labai brangios. Pavyzd\u017eiui, slaugytoj\u0173 atlyginimas siekia 3000 eur\u0173 \u012f rankas. Bet jis labai priklauso nuo darbo kiekio, kad u\u017esidirbtum tokius pinigus, turi labai daug dirbti. Tiesa, \u012fdomu ir tai, kad \u0160vedijoje visi moka skirtingus mokes\u010dius, priklausomai nuo regiono, kuriame gyveni, \u0161eimos pad\u0117ties, netgi religijos.\u201c<\/p>\n<p>Savo ruo\u017etu gydytojai gali u\u017edirbti 7000\u201310 000 eur\u0173 (neatskai\u010dius dideli\u0173 mokes\u010di\u0173), priklausomai nuo to, kaip ir kiek jie dirba. Pa\u0161nekov\u0117 tikina, kad \u010dia, kaip ir Lietuvoje, yra toki\u0173, kurie dirba be i\u0161eigini\u0173, be savaitgali\u0173, tad ir u\u017edirba dvigubai daugiau.<\/p>\n<p>\u201e\u012esivaizdavimui \u2013 jeigu \u0161vedas gauna apie 5000 eur\u0173 atlyginim\u0105 \u012f rankas ir \u0161eimoje dirba jis vienas, tai reikia taupyti, nes kitaip nepragyvensi. Vien namo nuoma pietiniuose regionuose kainuoja 2000\u20133000 eur\u0173. O kur dar vaik\u0173 i\u0161laikymas, kiti mokes\u010diai \u2013 i\u0161laid\u0173 labai daug\u201c, \u2013 pastebi emigrant\u0117.<\/p>\n<p>    <img decoding=\"async\" src=\"https:\/\/www.europesays.com\/lt\/wp-content\/uploads\/2026\/02\/552ebb7a-7c7b-4a0a-b9ac-25b3cb9c8606.jpg\" loading=\"lazy\" alt=\"\u0160vedija\"\/>      <\/p>\n<p>\u0160ved\u0173 ilgaam\u017ei\u0161kumo paslaptys<\/p>\n<p class=\"western\">G. Smilgin\u0117 Delfi sako atkreipusi d\u0117mes\u012f ir \u012f tai, kad \u0161alyje, kurioje ji \u0161iuo metu gyvena su \u0161eima, yra daug ilgaam\u017ei\u0173. Ilgaam\u017ei\u0161kumo esm\u0117 \u2013 sveikas gyvenimo b\u016bdas, tad kad b\u016bt\u0173 ai\u0161ku, tereikia prisiminti tai, kaip \u0161vedai gyveno prie\u0161 penkis de\u0161imtme\u010dius.<\/p>\n<p class=\"western\">\u201ePalyginti t\u0173 met\u0173 \u0160vedij\u0105 su sovietme\u010dio Lietuva tiesiog ne\u012fmanoma \u2013 skirtumas ne\u017emoni\u0161kas. Nors \u0161vedai tur\u0117jo did\u017eiul\u0119 alkoholizmo problem\u0105, bet prie\u0161 kelis de\u0161imtme\u010dius \u0117m\u0117 j\u0105 spr\u0119sti \u2013 \u012fsteig\u0117 specialias parduotuves. O Lietuvoje tuo metu \u017emones dar \u012f Sibir\u0105 tr\u0117m\u0117 \u2013 toks \u0161tai skirtumas \u012fstatym\u0173, gyvenimo kokyb\u0117s, s\u0105moningumo, medicinos prieinamumo ir prevencijos lygmeny, \u2013 sako pa\u0161nekov\u0117. \u2013 Prie ilgaam\u017ei\u0161kumo prisideda ir i\u0161vystyta infrastrukt\u016bra, dvira\u010di\u0173 takai \u2013 regis, viskas \u010dia padaryta taip, kad b\u016bt\u0173 patogu jud\u0117ti. Kita vertus, jei pa\u017evelgtume, k\u0105 Lietuva pasiek\u0117 po 1990-\u0173j\u0173 iki dabar \u2013 pa\u017eanga mil\u017eini\u0161ka.\u201c<\/p>\n<p class=\"western\">\u017diem\u0105 \u010dia labai populiarios lygum\u0173 slid\u0117s, tikina Gabriel\u0117. Daug \u0161ved\u0173 b\u0117gioja, laipioja, va\u017ein\u0117ja dvira\u010diais.<\/p>\n<p class=\"western\">\u201eO k\u0105 savaitgaliais veikiame mes? Darom cepelinus, \u2013 juokiasi medik\u0117. \u2013 \u010cia, kur gyvename, yra gan\u0117tinai g\u0117las vanduo, j\u016bra \u0161ioje vietoje pilnai u\u017e\u0161\u0105la. Yra padarytos ledo trasos, galima pasivaik\u0161\u010dioti, pa\u010diau\u017eyti pa\u010di\u016b\u017eomis.\u201c<\/p>\n<p>    <img decoding=\"async\" src=\"https:\/\/www.europesays.com\/lt\/wp-content\/uploads\/2026\/02\/92d1505a-3d15-4c97-871f-d39153679807.jpg\" loading=\"lazy\" alt=\"\u0160vedija\"\/>      <\/p>\n<p>Mokymuisi \u0160vedijoje \u2013 pa\u010dios geriausios s\u0105lygos<\/p>\n<p class=\"western\">\u0160iandien Gabriel\u0117s dukrai \u2013 de\u0161imt met\u0173. Ji mokosi vietos mokykloje, pamokos vyksta \u0161ved\u0173 kalba. Pa\u0161nekov\u0117 \u017evelgia atgal ir prisimena laikus, kai mergait\u0117 lank\u0117 dar\u017eel\u012f Lietuvoje.<\/p>\n<p class=\"western\">\u201eDabar galvoju, koks puikus buvo dar\u017eelis \u201eVaikyst\u0117s sodas\u201c, \u012fsteigtas Aust\u0117jos Landsbergien\u0117s. Pamenu, ji pati ka\u017ekada komunikavo, jog k\u016br\u0117 ugdymo \u012fstaigas susirinkusi informacij\u0105 i\u0161 kit\u0173 \u0161ali\u0173 \u2013 kai atvykome \u012f \u0160vedij\u0105, \u012fsitikinome, kad tai tiesa. Ties\u0105 sakant, kai kuriais aspektais ten net geriau viskas vyko, \u2013 sako medik\u0117. \u2013 Ma\u017eesniuose \u0160vedijos miesteliuose yra didel\u0117 problema \u2013 tr\u016bksta mokytoj\u0173, tas labai jau\u010diasi. \u012e atokius regionus sunkiau pritraukti specialistus. .\u201c<\/p>\n<p class=\"western\">Per tai, kaip vyksta pats \u0161vietimo procesas, galima pamatyti, kiek \u0161alis \u012f \u0161i\u0105 srit\u012f investuoja, teigia Gabriel\u0117. D\u0117l socializmo viskas \u0160vedijos mokyklose yra nemokama \u2013 nuo mitybos iki priemoni\u0173. Net jeigu vaikas turi elgesio valdymo sutrikim\u0173 ar yra ned\u0117mesingas, jis turi asistent\u0105 \u2013 taip pat nemokamai.<\/p>\n<p class=\"western\">\u201eO jeigu nori vaik\u0105 lavinti tam tikrose srityse, mokytojos dirba su juo papildomai. Man patinka ir tai, kad bent ta ugdymo \u012fstaiga, kuri\u0105 lanko mano dukra, turi skirtingus vadov\u0117lius tai pa\u010diai klasei ir \u012f kiekvien\u0105 moksleiv\u012f \u017evelgia kaip \u012f atskir\u0105, individual\u0173 asmen\u012f. Visi daro u\u017eduotis pagal savo lyg\u012f. Per metus du kartus vyksta apibendrinamieji pokalbiai, kuri\u0173 metu yra \u017ei\u016brima, kiek vaikas paaugo nuo savo pradinio lygio, kokios yra silpnos, kokios stipriosios jo pus\u0117s, \u2013 pasakoja emigrant\u0117. \u2013 Lietuvoje \u0161vietimo sistema orientuota \u012f egzaminus, balus. \u010cia viskas kitaip \u2013 nors tu mokaisi balui, svarb\u016bs ir kiti dalykai. Gimnazijos klas\u0117s da\u017enai profiliuojamos \u2013 jeigu vaikas orientuotas, pavyzd\u017eiui, \u012f gimnastik\u0105, jis turi taip sud\u0117liotas pamokas, kad gal\u0117t\u0173 va\u017ein\u0117ti \u012f var\u017eybas. Jeigu baigus mokykla tr\u016bksta ta\u0161k\u0173 \u012fstoti \u012f norim\u0105 auk\u0161t\u0105j\u0105 mokykl\u0105, jis turi teis\u0119 mokytis tarpin\u0117je ugdymo \u012fstaigoje tarp mokyklos ir universiteto, kad gal\u0117t\u0173 surinkti reikiamus balus.\u201c<\/p>\n<p>\u0160vedai karo nebijo \u2013 jie ruo\u0161iasi<\/p>\n<p class=\"western\">Gabriel\u0117 juokiasi \u2013 kartais net susig\u0117sta, kai dukrai pasako ka\u017ek\u0105 grie\u017e\u010diau, mat patys \u0161vedai bendrauja ramiai net ir su ma\u017eame\u010diais.<\/p>\n<p class=\"western\">\u201eJ\u0173 net sakiniai sud\u0117lioti visai kitaip. Jei vaikas elgiasi ka\u017ekaip ne taip, jie ramiu tonu sako \u2013 ne, taip nedaryk. Tas ramesnis bendravimas, \u017ei\u016br\u0117jimas kito rib\u0173 \u2013 jiems tai tarsi \u012fgimta. Ai\u0161ku, b\u016bna visko, bet labai retu atveju\u201c, \u2013 sako medik\u0117. <\/p>\n<p>    <img decoding=\"async\" src=\"https:\/\/www.europesays.com\/lt\/wp-content\/uploads\/2026\/02\/f1c3c6bb-c140-433c-a770-8cc68209a814.jpg\" loading=\"lazy\" alt=\"\u0160vedija\"\/>      <\/p>\n<p class=\"western\">Paskutiniu metu \u0161vedai nema\u017eai komunikuoja ir karo tema. Platinamos specialios knygut\u0117s, apstu naudingos informacijos, per televizij\u0105 transliuojama, k\u0105 reik\u0117t\u0173 tur\u0117ti kuprin\u0117je.<\/p>\n<p class=\"western\">\u201e\u0160vedijoje yra \u0161eim\u0173, kuri\u0173 vaikai puikiai \u017eino, kaip reik\u0117t\u0173 elgtis karo atveju, jei dingt\u0173 elektra, kur sud\u0117ti \u012fvair\u016bs pro\u017eektoriai. Manau, kad kuo viduje \u017emon\u0117s turi ma\u017eiau traum\u0173 ir labiau i\u0161lavint\u0105 emocin\u012f intelekt\u0105, tuo protas veikia a\u0161triau. Jie \u012f kar\u0105 \u017ei\u016bri adekva\u010diai \u2013 \u017eino, kad jis gali ateiti ir tam ruo\u0161iasi. Mes, gydytojai, irgi gauname priminimus \u2013 \u017einau, kad karo atveju medicina tur\u0117t\u0173 b\u016bti prieinama ir netur\u0117tume teis\u0117s i\u0161eiti i\u0161 darbo, \u2013 kalba Gabriel\u0117. \u2013 Lietuvoje kai kurie bando paneigti karo galimyb\u0119, tod\u0117l kyla did\u017eiulis konfliktas. Visi konfliktuoja apie konflikt\u0105, o ne skiria brang\u0173 laik\u0105 pasiruo\u0161imui. Manau, reik\u0117t\u0173 laiku priimti adekva\u010dius sprendimus. \u0160vedai d\u0117l to ir ram\u016bs \u2013 nes jau\u010diasi pasiruo\u0161\u0119.\u201c<\/p>\n","protected":false},"excerpt":{"rendered":"Gabriel\u0117 su vyru ir dukra \u010dia gyvena jau penkerius metus. Pasiteiravus, kod\u0117l i\u0161vyko i\u0161 Lietuvos, moteris \u0161ypteli \u2013&hellip;\n","protected":false},"author":2,"featured_media":101811,"comment_status":"","ping_status":"","sticky":false,"template":"","format":"standard","meta":{"footnotes":"","_share_on_mastodon":"0"},"categories":[13],"tags":[25,30,31,34,35,9761,24,32,33,37,39,36,38,40,23,22,28,29,7681,1033,26,27],"class_list":["post-101810","post","type-post","status-publish","format-standard","has-post-thumbnail","category-lietuva","tag-antrastes","tag-breaking-news","tag-breakingnews","tag-featured-news","tag-featurednews","tag-gydytoja","tag-headlines","tag-latest-news","tag-latestnews","tag-lietuva","tag-lietuviu","tag-lithuania","tag-lithuanian","tag-lt","tag-naujienos","tag-news","tag-populiariausios-naujienos","tag-populiariausiosnaujienos","tag-stokholmas","tag-svedija","tag-top-stories","tag-topstories"],"share_on_mastodon":{"url":"https:\/\/pubeurope.com\/@lt\/116035835870224919","error":""},"_links":{"self":[{"href":"https:\/\/www.europesays.com\/lt\/wp-json\/wp\/v2\/posts\/101810","targetHints":{"allow":["GET"]}}],"collection":[{"href":"https:\/\/www.europesays.com\/lt\/wp-json\/wp\/v2\/posts"}],"about":[{"href":"https:\/\/www.europesays.com\/lt\/wp-json\/wp\/v2\/types\/post"}],"author":[{"embeddable":true,"href":"https:\/\/www.europesays.com\/lt\/wp-json\/wp\/v2\/users\/2"}],"replies":[{"embeddable":true,"href":"https:\/\/www.europesays.com\/lt\/wp-json\/wp\/v2\/comments?post=101810"}],"version-history":[{"count":0,"href":"https:\/\/www.europesays.com\/lt\/wp-json\/wp\/v2\/posts\/101810\/revisions"}],"wp:featuredmedia":[{"embeddable":true,"href":"https:\/\/www.europesays.com\/lt\/wp-json\/wp\/v2\/media\/101811"}],"wp:attachment":[{"href":"https:\/\/www.europesays.com\/lt\/wp-json\/wp\/v2\/media?parent=101810"}],"wp:term":[{"taxonomy":"category","embeddable":true,"href":"https:\/\/www.europesays.com\/lt\/wp-json\/wp\/v2\/categories?post=101810"},{"taxonomy":"post_tag","embeddable":true,"href":"https:\/\/www.europesays.com\/lt\/wp-json\/wp\/v2\/tags?post=101810"}],"curies":[{"name":"wp","href":"https:\/\/api.w.org\/{rel}","templated":true}]}}