{"id":101862,"date":"2026-02-08T18:51:04","date_gmt":"2026-02-08T18:51:04","guid":{"rendered":"https:\/\/www.europesays.com\/lt\/101862\/"},"modified":"2026-02-08T18:51:04","modified_gmt":"2026-02-08T18:51:04","slug":"deepstate-rusu-pajegos-daro-pazanga-donbase","status":"publish","type":"post","link":"https:\/\/www.europesays.com\/lt\/101862\/","title":{"rendered":"\u201eDeepState\u201c: rus\u0173 paj\u0117gos daro pa\u017eang\u0105 Donbase"},"content":{"rendered":"<p>Ukrainos analitin\u0117s steb\u0117senos projektas \u201eDeepState\u201c prane\u0161\u0117 apie pasikeitusi\u0105 pad\u0117t\u012f m\u016b\u0161io lauke, ra\u0161o UNIAN.<\/p>\n<p>\u201ePrie\u0161as pasist\u016bm\u0117jo prie Jampol\u0117s, Bondarnoje ir Stepanovkos\u201c, \u2013 sakoma projekto analitik\u0173 prane\u0161ime.<\/p>\n<p>Vienas i\u0161 \u201eDeepState\u201c \u012fk\u016br\u0117j\u0173 Ruslanas Mikula jau anks\u010diau pa\u017eym\u0117jo, kad Rusijos kariuomen\u0117 palaipsniui daro pa\u017eang\u0105 fronte, ta\u010diau tempas toks l\u0117tas, kad jiems prireiks daugiau nei dvej\u0173 met\u0173, jog perimt\u0173 viso Donecko regiono kontrol\u0119.<\/p>\n<p>Ukrainos ginkluot\u0173j\u0173 paj\u0117g\u0173 vyriausiasis vadas Oleksandras Syrskis parei\u0161k\u0117, kad daugelyje bepilo\u010di\u0173 sistem\u0173 sri\u010di\u0173 Rusija \u201ebent jau neatsilieka nuo Ukrainos\u201c. Jis taip pat pa\u017eym\u0117jo, jog Rusija planuoja iki 2026 met\u0173 padidinti savo bepilo\u010di\u0173 paj\u0117g\u0173 skai\u010di\u0173 79 t\u016bkst.<\/p>\n<p>Tuo pat metu, Karo tyrim\u0173 instituto (ISW) duomenimis, pad\u0117tis fronte Ukrainoje rodo, kad Rusija rengiasi naujam puolimui keliais frontais. Taigi Kremlius imasi karinio scenarijaus, kuriuo siekiama u\u017ebaigti kar\u0105. Analitikai mano, jog Rusija \u0161i\u0105 vasar\u0105 ketina prad\u0117ti plataus masto puolam\u0105sias operacijas Piet\u0173 Ukrainoje ir Donbase.<\/p>\n","protected":false},"excerpt":{"rendered":"Ukrainos analitin\u0117s steb\u0117senos projektas \u201eDeepState\u201c prane\u0161\u0117 apie pasikeitusi\u0105 pad\u0117t\u012f m\u016b\u0161io lauke, ra\u0161o UNIAN. \u201ePrie\u0161as pasist\u016bm\u0117jo prie Jampol\u0117s, Bondarnoje&hellip;\n","protected":false},"author":2,"featured_media":101863,"comment_status":"","ping_status":"","sticky":false,"template":"","format":"standard","meta":{"footnotes":"","_share_on_mastodon":"0"},"categories":[15],"tags":[25,30,31,9603,34,35,24,121,32,33,37,39,36,38,40,23,22,44,28,29,119,26,27,74,75,76],"class_list":["post-101862","post","type-post","status-publish","format-standard","has-post-thumbnail","category-pasaulis","tag-antrastes","tag-breaking-news","tag-breakingnews","tag-doneckas","tag-featured-news","tag-featurednews","tag-headlines","tag-karas-ukrainoje","tag-latest-news","tag-latestnews","tag-lietuva","tag-lietuviu","tag-lithuania","tag-lithuanian","tag-lt","tag-naujienos","tag-news","tag-pasaulis","tag-populiariausios-naujienos","tag-populiariausiosnaujienos","tag-rusija","tag-top-stories","tag-topstories","tag-world","tag-world-news","tag-worldnews"],"share_on_mastodon":{"url":"https:\/\/pubeurope.com\/@lt\/116036520103628643","error":""},"_links":{"self":[{"href":"https:\/\/www.europesays.com\/lt\/wp-json\/wp\/v2\/posts\/101862","targetHints":{"allow":["GET"]}}],"collection":[{"href":"https:\/\/www.europesays.com\/lt\/wp-json\/wp\/v2\/posts"}],"about":[{"href":"https:\/\/www.europesays.com\/lt\/wp-json\/wp\/v2\/types\/post"}],"author":[{"embeddable":true,"href":"https:\/\/www.europesays.com\/lt\/wp-json\/wp\/v2\/users\/2"}],"replies":[{"embeddable":true,"href":"https:\/\/www.europesays.com\/lt\/wp-json\/wp\/v2\/comments?post=101862"}],"version-history":[{"count":0,"href":"https:\/\/www.europesays.com\/lt\/wp-json\/wp\/v2\/posts\/101862\/revisions"}],"wp:featuredmedia":[{"embeddable":true,"href":"https:\/\/www.europesays.com\/lt\/wp-json\/wp\/v2\/media\/101863"}],"wp:attachment":[{"href":"https:\/\/www.europesays.com\/lt\/wp-json\/wp\/v2\/media?parent=101862"}],"wp:term":[{"taxonomy":"category","embeddable":true,"href":"https:\/\/www.europesays.com\/lt\/wp-json\/wp\/v2\/categories?post=101862"},{"taxonomy":"post_tag","embeddable":true,"href":"https:\/\/www.europesays.com\/lt\/wp-json\/wp\/v2\/tags?post=101862"}],"curies":[{"name":"wp","href":"https:\/\/api.w.org\/{rel}","templated":true}]}}