{"id":102103,"date":"2026-02-09T11:39:38","date_gmt":"2026-02-09T11:39:38","guid":{"rendered":"https:\/\/www.europesays.com\/lt\/102103\/"},"modified":"2026-02-09T11:39:38","modified_gmt":"2026-02-09T11:39:38","slug":"kada-ecb-galetu-didinti-arba-mazinti-palukanu-normas-neaisku","status":"publish","type":"post","link":"https:\/\/www.europesays.com\/lt\/102103\/","title":{"rendered":"kada ECB gal\u0117t\u0173 didinti arba ma\u017einti pal\u016bkan\u0173 normas \u2013 neai\u0161ku"},"content":{"rendered":"<p class=\"details-block__title\">Vidutinis skaitymo laikas:<\/p>\n<p>                                    <img decoding=\"async\" class=\"fit\" src=\"https:\/\/www.europesays.com\/lt\/wp-content\/uploads\/2026\/02\/photo_5251841-scaled.webp.webp\" alt=\"Gediminas \u0160imkus\" fetchpriority=\"high\" loading=\"eager\"\/><br \/>\n                  Lietuvos banko valdybos pirmininkas Gediminas \u0160imkus. Dainiaus Labu\u010dio \/ ELTA nuotrauka<\/p>\n<p>Europos Centriniam Bankui (ECB) darkart nepakeitus bazini\u0173 pal\u016bkan\u0173 norm\u0173, ECB valdan\u010diosios tarybos narys, Lietuvos banko vadovas Gediminas \u0160imkus negali pasakyti, kada ECB nuspr\u0119s pal\u016bkanas koreguoti.<\/p>\n<p>\u201eKada tas sprendimas bus \u2013 niekas ne\u017eino\u201c, \u2013 \u017eurnalistams pirmadien\u012f sak\u0117 G. \u0160imkus.<\/p>\n<p>Pasak jo, esant \u012ftemptai euro zonos ekonominei pad\u0117\u010diai, prognozuoti b\u016bsimus ECB judesius nuo neutralios 2 proc. pal\u016bkan\u0173 norm\u0173 ribos sunku.<\/p>\n<p>\u201eGyvename pakankamai audringais laikais. Nuo pat 2020 met\u0173 buvo bent penki tokio dyd\u017eio \u0161okai, kurie \u012fprastai b\u016bdavo tokio lygio ma\u017edaug kart\u0105 per de\u0161imtmet\u012f. O mes \u010dia per penkis metus penkis fakti\u0161kai juos patyr\u0117me\u201c, \u2013 sak\u0117 Lietuvos banko vadovas.<\/p>\n<p>\u201eEsant tokiai neapibr\u0117\u017etai tarptautinei, geopolitinei aplinkai, i\u0161augusioms rizikoms, turime b\u016bti pasireng\u0119 \u012fvairiems scenarijams\u201c, \u2013 kalb\u0117jo jis.<\/p>\n<p>G. \u0160imkus pakartojo, jog ECB ateityje gali tiek ma\u017einti, tiek didinti bazines pal\u016bkan\u0173 normas \u2013 tokie \u0161ansai yra lyg\u016bs.<\/p>\n<p>Jo teigimu, nors euro zonos ekonomika parod\u0117 atsparum\u0105 ir didesn\u012f aktyvum\u0105, ji toliau bus veikiama geopolitini\u0173 i\u0161\u0161\u016bki\u0173 ir ekonomini\u0173 neapibr\u0117\u017etum\u0173.<\/p>\n<p>\u201eEkonomika yra labai delika\u010dioje pusiausvyroje, labai subtilioje pusiausvyroje\u201c, \u2013 sak\u0117 G. \u0160imkus.<\/p>\n<p>\u201eNegal\u0117\u010diau atmesti nei didinimo, nei ma\u017einimo. Taip formuluoju, nes buvo toki\u0173 galb\u016bt netiesiogiai i\u0161reik\u0161t\u0173 (signal\u0173 \u2013 BNS), kad kitas \u017eingsnis tur\u0117t\u0173 b\u016bti \u012f vien\u0105 arba kit\u0105 pus\u0119. Nematau taip ekonomin\u0117s situacijos, kad man b\u016bt\u0173 vienareik\u0161mi\u0161kai ai\u0161ku, kad reik\u0117t\u0173, pavyzd\u017eiui, ma\u017einti arba didinti (pal\u016bkan\u0173 norm\u0173 \u2013 BNS)\u201c, \u2013 teig\u0117 jis.<\/p>\n<p>ECB per pirm\u0105j\u012f \u0161iais metais pinig\u0173 politikos svarstymo pos\u0117d\u012f pra\u0117jus\u012f ketvirtadien\u012f pagrindin\u0119 i\u0161 trij\u0173 bazini\u0173 pal\u016bkan\u0173 norm\u0173 \u2013 naudojimosi ind\u0117li\u0173 galimybe pal\u016bkan\u0173 norm\u0105 \u2013 paliko 2 proc., vadinamajame neutraliame lygyje, kai pinig\u0173 politika nei riboja, nei skatina ekonomin\u0119 veikl\u0105.<\/p>\n<p> Atsid\u0117kokite u\u017e m\u016bs\u0173 dirbam\u0105 darb\u0105 Jums paremdami Bernardinai.lt! <\/p>\n<p> Perskait\u0117te \u0161\u012f straipsn\u012f iki pabaigos? Sveikiname! Nes gal\u0117jote pasim\u0117gauti prabanga, kurios kiti \u0161altiniai internete Jums nenori suteikti ir reikalauja susimok\u0117ti perskai\u010dius vos pirm\u0105sias eilutes. Ta\u010diau parengti ir publikuoti tai, k\u0105 perskait\u0117te, kainuoja. Tod\u0117l kvie\u010diame Jus savanori\u0161kai prisid\u0117ti prie m\u016bs\u0173 darbo ir prie savo skaitymo malonumo. Skirkite kad ir nedidel\u0119 sum\u0105 \u0161iam darbui t\u0119sti paremdami. I\u0161 anksto d\u0117kojame! <\/p>\n<p>\n            Naujien\u0173 agent\u016bros BNS informacij\u0105 atgaminti visuomen\u0117s informavimo priemon\u0117se bei interneto tinklalapiuose be ra\u0161ti\u0161ko UAB \u201eBNS\u201c sutikimo draud\u017eiama.\n        <\/p>\n","protected":false},"excerpt":{"rendered":"Vidutinis skaitymo laikas: Lietuvos banko valdybos pirmininkas Gediminas \u0160imkus. Dainiaus Labu\u010dio \/ ELTA nuotrauka Europos Centriniam Bankui (ECB)&hellip;\n","protected":false},"author":2,"featured_media":102104,"comment_status":"","ping_status":"","sticky":false,"template":"","format":"standard","meta":{"footnotes":"","_share_on_mastodon":"0"},"categories":[17],"tags":[81,12864,6820,8993,37,39,36,38,40,8298,46],"class_list":["post-102103","post","type-post","status-publish","format-standard","has-post-thumbnail","category-verslas","tag-business","tag-euro-zona","tag-europos-centrinis-bankas","tag-gediminas-simkus","tag-lietuva","tag-lietuviu","tag-lithuania","tag-lithuanian","tag-lt","tag-palukanu-norma","tag-verslas"],"share_on_mastodon":{"url":"https:\/\/pubeurope.com\/@lt\/116040483677092737","error":""},"_links":{"self":[{"href":"https:\/\/www.europesays.com\/lt\/wp-json\/wp\/v2\/posts\/102103","targetHints":{"allow":["GET"]}}],"collection":[{"href":"https:\/\/www.europesays.com\/lt\/wp-json\/wp\/v2\/posts"}],"about":[{"href":"https:\/\/www.europesays.com\/lt\/wp-json\/wp\/v2\/types\/post"}],"author":[{"embeddable":true,"href":"https:\/\/www.europesays.com\/lt\/wp-json\/wp\/v2\/users\/2"}],"replies":[{"embeddable":true,"href":"https:\/\/www.europesays.com\/lt\/wp-json\/wp\/v2\/comments?post=102103"}],"version-history":[{"count":0,"href":"https:\/\/www.europesays.com\/lt\/wp-json\/wp\/v2\/posts\/102103\/revisions"}],"wp:featuredmedia":[{"embeddable":true,"href":"https:\/\/www.europesays.com\/lt\/wp-json\/wp\/v2\/media\/102104"}],"wp:attachment":[{"href":"https:\/\/www.europesays.com\/lt\/wp-json\/wp\/v2\/media?parent=102103"}],"wp:term":[{"taxonomy":"category","embeddable":true,"href":"https:\/\/www.europesays.com\/lt\/wp-json\/wp\/v2\/categories?post=102103"},{"taxonomy":"post_tag","embeddable":true,"href":"https:\/\/www.europesays.com\/lt\/wp-json\/wp\/v2\/tags?post=102103"}],"curies":[{"name":"wp","href":"https:\/\/api.w.org\/{rel}","templated":true}]}}