{"id":102763,"date":"2026-02-10T08:18:09","date_gmt":"2026-02-10T08:18:09","guid":{"rendered":"https:\/\/www.europesays.com\/lt\/102763\/"},"modified":"2026-02-10T08:18:09","modified_gmt":"2026-02-10T08:18:09","slug":"rusai-smoge-i-energetikos-infrastruktura-odesos-srityje","status":"publish","type":"post","link":"https:\/\/www.europesays.com\/lt\/102763\/","title":{"rendered":"Rusai smog\u0117 \u012f energetikos infrastrukt\u016br\u0105 Odesos srityje"},"content":{"rendered":"<p>\u201ePer nakt\u012f prie\u0161as sureng\u0117 dar vien\u0105 cini\u0161k\u0105 sm\u016bg\u012f Odesos srities energetikos infrastrukt\u016brai. Pietin\u0117je regiono dalyje padaryta \u017eala energetikos objektui, kilo gaisras. Taip pat buvo apgadintas administracinis pastatas. Kol kas informacijos apie aukas n\u0117ra\u201c, \u2013 sak\u0117 jis.\u00a0<\/p>\n<p>O. Kiperis prid\u016br\u0117, kad d\u0117l sm\u016bgio trij\u0173 regiono teritorini\u0173 bendruomeni\u0173 gyvenviet\u0117s i\u0161 dalies liko be elektros. Svarbiausi infrastrukt\u016bros objektai buvo perjungti \u012f atsargin\u012f generatori\u0173 energijos tiekim\u0105. Vyksta elektros energijos tiekimo atk\u016brimo darbai.\u00a0<\/p>\n","protected":false},"excerpt":{"rendered":"\u201ePer nakt\u012f prie\u0161as sureng\u0117 dar vien\u0105 cini\u0161k\u0105 sm\u016bg\u012f Odesos srities energetikos infrastrukt\u016brai. Pietin\u0117je regiono dalyje padaryta \u017eala energetikos&hellip;\n","protected":false},"author":2,"featured_media":102764,"comment_status":"","ping_status":"","sticky":false,"template":"","format":"standard","meta":{"footnotes":"","_share_on_mastodon":"0"},"categories":[15],"tags":[25,30,31,3346,34,35,24,121,32,33,37,39,36,38,40,23,22,3215,44,28,29,26,27,74,75,76],"class_list":["post-102763","post","type-post","status-publish","format-standard","has-post-thumbnail","category-pasaulis","tag-antrastes","tag-breaking-news","tag-breakingnews","tag-elta-uzsienio-naujiena","tag-featured-news","tag-featurednews","tag-headlines","tag-karas-ukrainoje","tag-latest-news","tag-latestnews","tag-lietuva","tag-lietuviu","tag-lithuania","tag-lithuanian","tag-lt","tag-naujienos","tag-news","tag-odesa","tag-pasaulis","tag-populiariausios-naujienos","tag-populiariausiosnaujienos","tag-top-stories","tag-topstories","tag-world","tag-world-news","tag-worldnews"],"share_on_mastodon":{"url":"https:\/\/pubeurope.com\/@lt\/116045355636095290","error":""},"_links":{"self":[{"href":"https:\/\/www.europesays.com\/lt\/wp-json\/wp\/v2\/posts\/102763","targetHints":{"allow":["GET"]}}],"collection":[{"href":"https:\/\/www.europesays.com\/lt\/wp-json\/wp\/v2\/posts"}],"about":[{"href":"https:\/\/www.europesays.com\/lt\/wp-json\/wp\/v2\/types\/post"}],"author":[{"embeddable":true,"href":"https:\/\/www.europesays.com\/lt\/wp-json\/wp\/v2\/users\/2"}],"replies":[{"embeddable":true,"href":"https:\/\/www.europesays.com\/lt\/wp-json\/wp\/v2\/comments?post=102763"}],"version-history":[{"count":0,"href":"https:\/\/www.europesays.com\/lt\/wp-json\/wp\/v2\/posts\/102763\/revisions"}],"wp:featuredmedia":[{"embeddable":true,"href":"https:\/\/www.europesays.com\/lt\/wp-json\/wp\/v2\/media\/102764"}],"wp:attachment":[{"href":"https:\/\/www.europesays.com\/lt\/wp-json\/wp\/v2\/media?parent=102763"}],"wp:term":[{"taxonomy":"category","embeddable":true,"href":"https:\/\/www.europesays.com\/lt\/wp-json\/wp\/v2\/categories?post=102763"},{"taxonomy":"post_tag","embeddable":true,"href":"https:\/\/www.europesays.com\/lt\/wp-json\/wp\/v2\/tags?post=102763"}],"curies":[{"name":"wp","href":"https:\/\/api.w.org\/{rel}","templated":true}]}}