{"id":103167,"date":"2026-02-10T18:02:13","date_gmt":"2026-02-10T18:02:13","guid":{"rendered":"https:\/\/www.europesays.com\/lt\/103167\/"},"modified":"2026-02-10T18:02:13","modified_gmt":"2026-02-10T18:02:13","slug":"po-masiniu-protestu-irane-dar-didesnes-represijos-respublika-lt","status":"publish","type":"post","link":"https:\/\/www.europesays.com\/lt\/103167\/","title":{"rendered":"Po masini\u0173 protest\u0173 Irane &#8211; dar didesn\u0117s represijos &#8211; Respublika.lt"},"content":{"rendered":"<p><img loading=\"lazy\" decoding=\"async\" src=\"https:\/\/www.respublika.lt\/lt\/naujienos\/pasaulis\/pasaulio_politika\/po-masiniu-protestu-irane---dar-didesnes-represijos\/images\/ico_camera_white.gif\" class=\"camera\" width=\"22\" height=\"15\" alt=\"nuotr.\" style=\"position:relative; top:-2px; right:2px;\"\/> 1 nuotr.<\/p>\n<p>Nors protestai Irane jau nurimo, jie vis dar kelia nema\u017eai klausim\u0173. EPA-Eltos nuotr.<\/p>\n<p style=\"text-align: justify;\" class=\"desktop_banner\">\u00a0<\/p>\n<p>Pagrindinei reformist\u0173 koalicijai atstovaujantis D\u017eavadas Imamas (Javad Emam) buvo are\u0161tuotas pra\u0117jus kelioms dienoms po to, kai Irano ir JAV pareig\u016bnai sureng\u0117 derybas Omane, kurias abi pus\u0117s \u012fvertino teigiamai.<\/p>\n<p>\u0160iemet visame Irane \u012fsisi\u016bbavus protestams, kuriems numal\u0161inti vald\u017eios institucijos \u0117m\u0117si \u017eiauri\u0173 represij\u0173, JAV pagrasino prie\u0161 Iran\u0105 imtis karini\u0173 veiksm\u0173.<\/p>\n<p>Prezidentas Donaldas Trampas (Donald Trump) parei\u0161k\u0117, kad, jo nuomone, Iranas bus pasiruo\u0161\u0119s sudaryti susitarim\u0105, ta\u010diau kol kas nebuvo joki\u0173 tiesiogini\u0173 po\u017eymi\u0173, kad abi \u0161alys penktadien\u012f Omanui tarpininkaujant surengtose derybose aptar\u0117 protest\u0173 klausim\u0105.<\/p>\n<p>D\u017e.Imamas buvo ketvirtas Reformist\u0173 fronto veik\u0117jas, kuris buvo suimtas, o jo are\u0161tas \u012fvyko tuo metu, kai keletas aktyvist\u0173 ir film\u0173 k\u016br\u0117j\u0173 buvo sulaikyta u\u017e tai, kad pasira\u0161\u0117 parei\u0161kim\u0105, kuriame kritikuojamos vald\u017eios institucijos.<\/p>\n<p>Iranas \u0161iuos protestus pavadino riau\u0161\u0117mis, kurias kursto jo did\u017eiausi prie\u0161ai &#8211; Izraelis ir Jungtin\u0117s Valstijos, o pirmadien\u012f auk\u0161\u010diausiasis lyderis ajatola Ali Chamen\u0117jus (Ali Khamenei) paragino taut\u0105 parodyti ry\u017et\u0105 prie\u0161 u\u017esienio spaudim\u0105.<\/p>\n<p>Per derybas Omane JAV ir Iranas susitar\u0117 aptarti Teherano branduolin\u0119 program\u0105, nors Va\u0161ingtonas ir Izraelis \u012f darbotvark\u0119 nori \u012ftraukti ir islamo respublikos balistini\u0173 raket\u0173 klausim\u0105 ir jos param\u0105 regiono karin\u0117ms grupuot\u0117ms.<\/p>\n<p>Iranas tvirtina, kad jo branduolin\u0117 programa skirta civiliniams tikslams, ta\u010diau Vakar\u0173 valstyb\u0117s ir Izraelis mano, kad jis siekia sukurti branduolin\u012f ginkl\u0105.<\/p>\n<p>Sekmadien\u012f u\u017esienio reikal\u0173 ministras Abasas Arag\u010di (Abbas Araghchi) parei\u0161k\u0117, kad Iranas mainais \u012f JAV \u012fvest\u0173 sankcij\u0173 panaikinim\u0105 gal\u0117t\u0173 numatyti kelet\u0105 su branduoline programa susijusi\u0173 priemoni\u0173, skirt\u0173 pasitik\u0117jimui stiprinti.<\/p>\n<p>Irano auk\u0161\u010diausiosios saugumo institucijos sekretorius Ali Larijani parei\u0161k\u0117, kad antradien\u012f vyks \u012f Oman\u0105, kur susitiks su Omano vald\u017eios atstovais.<\/p>\n<p>Propaganda<\/p>\n<p>JAV nerodant joki\u0173 \u017eenkl\u0173, kad derybose vis dar gali b\u016bti kalbama apie represijas prie\u0161 protestuotojus, Irano vald\u017eios institucijos, atrodo, imasi grie\u017etesni\u0173 veiksm\u0173.<\/p>\n<p>\u0160e\u0161tadien\u012f u\u017e tai, kad suk\u0117l\u0117 gr\u0117sm\u0119 nacionaliniam saugumui ir dar pusantr\u0173 met\u0173 kal\u0117jimo &#8211; u\u017e propagand\u0105 prie\u0161 Irano islamo sistem\u0105, \u0161e\u0161eriems metams kal\u0117jimo buvo nuteista Irano Nobelio taikos premijos laureat\u0117 Nrgiz Mohamadi (Narges Mohammadi), prane\u0161\u0117 jos fondas.<\/p>\n<p>N.Mohamadi buvo suimta gruod\u012f, dar iki visoje \u0161alyje prasidedant protestams.<\/p>\n<p>Did\u017ei\u0105j\u0105 dal\u012f pastarojo de\u0161imtme\u010dio ji jau praleido kal\u0117jime d\u0117l savo kampanijos prie\u0161 Irano taikomas mirties bausmes ir moterims privalom\u0105 aprangos kod\u0105, o d\u0117l \u0161i\u0173 nauj\u0173 kaltinim\u0173 jai gresia dar 17 m. kal\u0117jimo. Be to, pagal pirmiau priimt\u0105 nuosprend\u012f jai gresia 154 kir\u010di\u0173 lazda.<\/p>\n<p>Ji dirbo buvusio prezidento reformisto Muhamedo Katamio (Mohammad Khatami) patar\u0117ja, o po to, kai gruod\u012f prasid\u0117jo protestai, kuriuos i\u0161 prad\u017ei\u0173 suk\u0117l\u0117 ekonomin\u0117 stagnacija, ji rei\u0161k\u0117 param\u0105 demonstrantams.<\/p>\n<p>Vald\u017eios institucijos taip pat are\u0161tavo buvus\u012f parlamento nar\u012f Ibrahim\u0105 A\u0161garzadeh\u0105 (Ebrahim Asgharzadeh) ir buvus\u012f u\u017esienio reikal\u0173 pareig\u016bn\u0105 Mo\u0161en\u0105 Aminzadeh\u0105 (Mohsen Aminzadeh).<\/p>\n<p>T\u016bkstan\u010diai \u017euvusi\u0173j\u0173<\/p>\n<p>Reformist\u0173 stovykla 2024 m. prezidento rinkimuose daugiausia r\u0117m\u0117 dabartin\u012f prezident\u0105 Masud\u0105 Peze\u0161kian\u0105 (Massoud Pezeshkian).<\/p>\n<p>Be to, pastarosiomis dienomis buvo suimta dar keletas \u017einom\u0173 aktyvist\u0173, po sausio m\u0117nesio represij\u0173 pasira\u0161iusi\u0173 parei\u0161kim\u0105, kuriame kritikuojamos vald\u017eios institucijos.<\/p>\n<p>Vienas i\u0161 j\u0173 &#8211; re\u017eisierius Medi Mamudianas (Mehdi Mahmoudian), kuris buvo vienu i\u0161 filmo \u201eTai buvo tik nelaimingas atsitikimas&#8221;, 2025 m. Kan\u0173 kino festivalyje pelniusio \u201eAuksin\u0119 palm\u0117s \u0161akel\u0119&#8221;, scenarijaus autori\u0173.<\/p>\n<p>Irano vald\u017eios institucijos pripa\u017eino, kad per protestus \u017euvo 3117 \u017emoni\u0173, o sekmadien\u012f paskelb\u0117 2986 asmen\u0173 s\u0105ra\u0161\u0105. Vald\u017eios institucij\u0173 teigimu, dauguma \u017euvusi\u0173j\u0173 buvo saugumo paj\u0117g\u0173 nariai ir nekalti praeiviai.<\/p>\n<p>Tarptautini\u0173 organizacij\u0173 manymu, tikrasis auk\u0173 skai\u010dius buvo gerokai didesnis.<\/p>\n<p>JAV \u012fsik\u016brusi \u017dmogaus teisi\u0173 aktyvist\u0173 naujien\u0173 agent\u016bra teigia patvirtinusi 6961 asmen\u0173 &#8211; daugiausia protestuotoj\u0173 &#8211; \u017e\u016bt\u012f ir tirianti dar 11 630 atvej\u0173.<\/p>\n<p>Be to, jos skai\u010diavimu, daugiau nei 51 t\u016bkst. asmen\u0173 buvo are\u0161tuota.<\/p>\n","protected":false},"excerpt":{"rendered":"1 nuotr. Nors protestai Irane jau nurimo, jie vis dar kelia nema\u017eai klausim\u0173. EPA-Eltos nuotr. \u00a0 Pagrindinei reformist\u0173&hellip;\n","protected":false},"author":2,"featured_media":103168,"comment_status":"","ping_status":"","sticky":false,"template":"","format":"standard","meta":{"footnotes":"","_share_on_mastodon":"0"},"categories":[15],"tags":[25,30,31,16990,34,35,24,20336,79,553,223,32,33,37,39,36,38,40,23,22,13181,44,28,29,1719,20335,894,26,27,351,74,75,76],"class_list":["post-103167","post","type-post","status-publish","format-standard","has-post-thumbnail","category-pasaulis","tag-antrastes","tag-breaking-news","tag-breakingnews","tag-chamenejus","tag-featured-news","tag-featurednews","tag-headlines","tag-imamas","tag-iranas","tag-izraelis","tag-jav","tag-latest-news","tag-latestnews","tag-lietuva","tag-lietuviu","tag-lithuania","tag-lithuanian","tag-lt","tag-naujienos","tag-news","tag-omanas","tag-pasaulis","tag-populiariausios-naujienos","tag-populiariausiosnaujienos","tag-protestas","tag-represijos","tag-riauses","tag-top-stories","tag-topstories","tag-trampas","tag-world","tag-world-news","tag-worldnews"],"share_on_mastodon":{"url":"https:\/\/pubeurope.com\/@lt\/116047651948880602","error":""},"_links":{"self":[{"href":"https:\/\/www.europesays.com\/lt\/wp-json\/wp\/v2\/posts\/103167","targetHints":{"allow":["GET"]}}],"collection":[{"href":"https:\/\/www.europesays.com\/lt\/wp-json\/wp\/v2\/posts"}],"about":[{"href":"https:\/\/www.europesays.com\/lt\/wp-json\/wp\/v2\/types\/post"}],"author":[{"embeddable":true,"href":"https:\/\/www.europesays.com\/lt\/wp-json\/wp\/v2\/users\/2"}],"replies":[{"embeddable":true,"href":"https:\/\/www.europesays.com\/lt\/wp-json\/wp\/v2\/comments?post=103167"}],"version-history":[{"count":0,"href":"https:\/\/www.europesays.com\/lt\/wp-json\/wp\/v2\/posts\/103167\/revisions"}],"wp:featuredmedia":[{"embeddable":true,"href":"https:\/\/www.europesays.com\/lt\/wp-json\/wp\/v2\/media\/103168"}],"wp:attachment":[{"href":"https:\/\/www.europesays.com\/lt\/wp-json\/wp\/v2\/media?parent=103167"}],"wp:term":[{"taxonomy":"category","embeddable":true,"href":"https:\/\/www.europesays.com\/lt\/wp-json\/wp\/v2\/categories?post=103167"},{"taxonomy":"post_tag","embeddable":true,"href":"https:\/\/www.europesays.com\/lt\/wp-json\/wp\/v2\/tags?post=103167"}],"curies":[{"name":"wp","href":"https:\/\/api.w.org\/{rel}","templated":true}]}}