{"id":103632,"date":"2026-02-11T10:45:57","date_gmt":"2026-02-11T10:45:57","guid":{"rendered":"https:\/\/www.europesays.com\/lt\/103632\/"},"modified":"2026-02-11T10:45:57","modified_gmt":"2026-02-11T10:45:57","slug":"smarki-avarija-kaune-susidure-troleibusas-ir-lengvoji","status":"publish","type":"post","link":"https:\/\/www.europesays.com\/lt\/103632\/","title":{"rendered":"Smarki avarija Kaune: susid\u016br\u0117 troleibusas ir lengvoji"},"content":{"rendered":"<p>Antradienio vakar\u0105 naujien\u0173 portalo \u201eKas vyksta Kaune\u201c grup\u0117je pasirod\u0117 informacija apie smarki\u0105 avarij\u0105 Raudondvario plente.<\/p>\n<p>Apie tai \u201eKas vyksta Kaune\u201c grup\u0117je prane\u0161ta 18.13 val. Vaizdo med\u017eiagoje matyti \u012f \u012fvykio viet\u0105 sugu\u017e\u0117jusios visos specialiosios tarnybos.<\/p>\n<p>\u201eRaudondvario pl. prie \u201ePromo\u201c <a href=\"https:\/\/kaunas.kasvyksta.lt\/avarija\" title=\"Avarija\" rel=\"nofollow noopener\" target=\"_blank\">avarija<\/a>, <a href=\"https:\/\/kaunas.kasvyksta.lt\/troleibusas\" title=\"Troleibusas\" rel=\"nofollow noopener\" target=\"_blank\">troleibusas<\/a> kal\u0117 \u012f i\u0161sukan\u010di\u0105 auto\u201c, &#8211; avarijos detales papasakojo vaizdo med\u017eiaga pasidalin\u0119s kaunietis.Kaip portalui komentavo Kauno apskrities vyriausiojo policijos komisariato (Kauno apskr. VPK) budintis pareig\u016bnas, <a href=\"https:\/\/kaunas.kasvyksta.lt\/avarija\" title=\"Avarija\" rel=\"nofollow noopener\" target=\"_blank\">avarija<\/a> \u012fvyko 18.00 val.\u201e18.00 val. gautas automatinis prane\u0161imas i\u0161 sm\u016bg\u012f patyrusio automobilio. Eismo \u012fvykyje dalyvavo lengvasis automobilis ir <a href=\"https:\/\/kaunas.kasvyksta.lt\/troleibusas\" title=\"Troleibusas\" rel=\"nofollow noopener\" target=\"_blank\">troleibusas<\/a>\u201c, &#8211; patvirtino pareig\u016bnas.<\/p>\n<p>Pirminiais duomenimis, avarijos kaltinininkas  &#8211; lengvojo automobilio vairuotojas. Laimei, \u012fvykio metu su\u017ealot\u0173 asmen\u0173 nebuvo.<\/p>\n<p>Policija pabr\u0117\u017e\u0117, jog avarijoje dalyvav\u0119 vairuotojai buvo blaiv\u016bs, \u0161iuo metu pildo eismo \u012fvykio deklaracij\u0105.<\/p>\n","protected":false},"excerpt":{"rendered":"Antradienio vakar\u0105 naujien\u0173 portalo \u201eKas vyksta Kaune\u201c grup\u0117je pasirod\u0117 informacija apie smarki\u0105 avarij\u0105 Raudondvario plente. Apie tai \u201eKas&hellip;\n","protected":false},"author":2,"featured_media":103633,"comment_status":"","ping_status":"","sticky":false,"template":"","format":"standard","meta":{"footnotes":"","_share_on_mastodon":"0"},"categories":[13],"tags":[25,155,30,31,563,34,35,24,1061,32,33,37,39,36,38,40,23,22,28,29,20284,26,27,6845],"class_list":["post-103632","post","type-post","status-publish","format-standard","has-post-thumbnail","category-lietuva","tag-antrastes","tag-avarija","tag-breaking-news","tag-breakingnews","tag-eismas","tag-featured-news","tag-featurednews","tag-headlines","tag-kaunas","tag-latest-news","tag-latestnews","tag-lietuva","tag-lietuviu","tag-lithuania","tag-lithuanian","tag-lt","tag-naujienos","tag-news","tag-populiariausios-naujienos","tag-populiariausiosnaujienos","tag-raudondvario-plentas","tag-top-stories","tag-topstories","tag-troleibusas"],"share_on_mastodon":{"url":"https:\/\/pubeurope.com\/@lt\/116051599858340733","error":""},"_links":{"self":[{"href":"https:\/\/www.europesays.com\/lt\/wp-json\/wp\/v2\/posts\/103632","targetHints":{"allow":["GET"]}}],"collection":[{"href":"https:\/\/www.europesays.com\/lt\/wp-json\/wp\/v2\/posts"}],"about":[{"href":"https:\/\/www.europesays.com\/lt\/wp-json\/wp\/v2\/types\/post"}],"author":[{"embeddable":true,"href":"https:\/\/www.europesays.com\/lt\/wp-json\/wp\/v2\/users\/2"}],"replies":[{"embeddable":true,"href":"https:\/\/www.europesays.com\/lt\/wp-json\/wp\/v2\/comments?post=103632"}],"version-history":[{"count":0,"href":"https:\/\/www.europesays.com\/lt\/wp-json\/wp\/v2\/posts\/103632\/revisions"}],"wp:featuredmedia":[{"embeddable":true,"href":"https:\/\/www.europesays.com\/lt\/wp-json\/wp\/v2\/media\/103633"}],"wp:attachment":[{"href":"https:\/\/www.europesays.com\/lt\/wp-json\/wp\/v2\/media?parent=103632"}],"wp:term":[{"taxonomy":"category","embeddable":true,"href":"https:\/\/www.europesays.com\/lt\/wp-json\/wp\/v2\/categories?post=103632"},{"taxonomy":"post_tag","embeddable":true,"href":"https:\/\/www.europesays.com\/lt\/wp-json\/wp\/v2\/tags?post=103632"}],"curies":[{"name":"wp","href":"https:\/\/api.w.org\/{rel}","templated":true}]}}