{"id":103763,"date":"2026-02-11T13:01:31","date_gmt":"2026-02-11T13:01:31","guid":{"rendered":"https:\/\/www.europesays.com\/lt\/103763\/"},"modified":"2026-02-11T13:01:31","modified_gmt":"2026-02-11T13:01:31","slug":"jonas-ivoska-ar-galima-tikra-vertybine-politika-nezinant-vertybiu-turinio-respublika-lt","status":"publish","type":"post","link":"https:\/\/www.europesays.com\/lt\/103763\/","title":{"rendered":"Jonas IVO\u0160KA: Ar galima tikra vertybin\u0117 politika, ne\u017einant vertybi\u0173 turinio? &#8211; Respublika.lt"},"content":{"rendered":"<p><img loading=\"lazy\" decoding=\"async\" src=\"https:\/\/www.respublika.lt\/lt\/naujienos\/nuomones_ir_komentarai\/isklausyk-respublika\/jonas-ivoska-ar-galima-tikra-vertybine-politika-nezinant-vertybiu-turinio\/images\/ico_camera_white.gif\" class=\"camera\" width=\"22\" height=\"15\" alt=\"nuotr.\" style=\"position:relative; top:-2px; right:2px;\"\/> 1 nuotr.<\/p>\n<p>Jonas Ivo\u0161ka. Stasio \u017dumbio nuotr.<\/p>\n<p style=\"text-align: justify;\" class=\"desktop_banner\">\u00a0<\/p>\n<p>Ta\u010diau tai b\u016bt\u0173 sveikintina tik tuo atveju, jeigu vertybin\u0117s politikos \u0161alininkai suprast\u0173 j\u0173 garsinamos id\u0117jos esm\u0119.<\/p>\n<p>Deja, apie vertybin\u0119 politik\u0105 daugiausia suokia svetimpro\u010diai, kurie \u012fsisavin\u0119 tik \u017eodin\u0119 to teiginio i\u0161rai\u0161k\u0105.<\/p>\n<p>Ar galima tikra valstyb\u0117s vertybin\u0117 politika, neturint kiek gilesnio supratimo, kokias  m\u016bs\u0173 tautai ir valstybei svarbias vertybes siekiama apginti?<\/p>\n<p>Pirma.  Tautin\u0117 valstyb\u0117 yra tautos savivaldos forma, besirei\u0161kianti kaip  funkcin\u0117-strukt\u016brin\u0117 sistema, sudaryta i\u0161 privataus ir vie\u0161ojo sektori\u0173.<\/p>\n<p>Tai rei\u0161kia, kad valstyb\u0117s vertybi\u0173 turinys negali b\u016bti atsietas nuo tautos l\u016bkes\u010di\u0173 ir interes\u0173, kuriuos pagal vertybi\u0173 r\u016b\u0161inius po\u017eymius  galima suskirstyti \u012f ekonominius, kult\u016brinius ir demografinius.<\/p>\n<p>Politika yra  t\u0173 vertybini\u0173 santyki\u0173 skatintoja arba slopintoja, bet ne atskira vertyb\u0117, atsieta  nuo tikr\u0173j\u0173 vertybini\u0173 santyki\u0173.<\/p>\n<p>Kai  kalbame apie m\u016bs\u0173 valstyb\u0117s u\u017esienio politik\u0105, turime  galvoti, kaip ji atsilieps  ne svetim\u0173j\u0173, o m\u016bs\u0173 tautos ekonominei b\u016bklei, kult\u016brinei pa\u017eangai ir saugiam demografiniam klest\u0117jimui ar bent stabilumui.<\/p>\n<p>Tik tur\u0117dami  gausius ekonominius i\u0161teklius, geb\u0117jimus kult\u016bringai bendrauti tarpusavyje ir su i\u0161oriniu pasauliu bei reikiam\u0105 demografin\u012f potencial\u0105, mes ne tik patys jausim\u0117s patogiai, bet gal\u0117sime b\u016bti ir veiksminga parama tiems, kuriems to prireikia.<\/p>\n<p>Svai\u010diojimai apie vertybin\u0119 politik\u0105, nesuvokiant, kokios   vertyb\u0117s atitinka m\u016bs\u0173 tautos l\u016bkes\u010dius ir interesus, prilygsta pasakojimui apie keng\u016br\u0105, kuri i\u0161mok\u0117  balt\u0105j\u012f lok\u012f med\u017eioti ruonius.<\/p>\n<p>Antra. Prielaidos, kad ne \u017emogaus \u017eingeidumu gr\u012fsta erudicija ir gyvenimi\u0161ka patirtis o  pareiginis statusas nulemia tikslingesni\u0173 ir teisingesni\u0173 sprendim\u0173 pri\u0117mim\u0105, k\u0105 \u0161iandien demonstruoja m\u016bs\u0173 \u201evald\u017eia&#8221;ir j\u0117gos strukt\u016bros, yra klaidingos, nes j\u0173 nepatvirtina \u017emonijos istorin\u0117 patirtis.<\/p>\n<p>Tod\u0117l si\u016blau atsisakyti tu\u0161\u010dia\u017eod\u017eiavimo apie Lietuvos vertybin\u0119 u\u017esienio politik\u0105, kol nei\u0161siai\u0161kinta, kokie santykiai su i\u0161oriniu pasauliu atitinka m\u016bs\u0173 pilietin\u0117s daugumos l\u016bkes\u010dius ir interesus.<\/p>\n","protected":false},"excerpt":{"rendered":"1 nuotr. Jonas Ivo\u0161ka. Stasio \u017dumbio nuotr. \u00a0 Ta\u010diau tai b\u016bt\u0173 sveikintina tik tuo atveju, jeigu vertybin\u0117s politikos&hellip;\n","protected":false},"author":2,"featured_media":103764,"comment_status":"","ping_status":"","sticky":false,"template":"","format":"standard","meta":{"footnotes":"","_share_on_mastodon":"0"},"categories":[13],"tags":[25,30,31,773,34,35,24,1804,32,33,37,39,36,38,40,23,22,1269,28,29,19286,26,27,20382],"class_list":["post-103763","post","type-post","status-publish","format-standard","has-post-thumbnail","category-lietuva","tag-antrastes","tag-breaking-news","tag-breakingnews","tag-demografija","tag-featured-news","tag-featurednews","tag-headlines","tag-ivoska","tag-latest-news","tag-latestnews","tag-lietuva","tag-lietuviu","tag-lithuania","tag-lithuanian","tag-lt","tag-naujienos","tag-news","tag-politika","tag-populiariausios-naujienos","tag-populiariausiosnaujienos","tag-savivalda","tag-top-stories","tag-topstories","tag-vertybine"],"share_on_mastodon":{"url":"https:\/\/pubeurope.com\/@lt\/116052130814136740","error":""},"_links":{"self":[{"href":"https:\/\/www.europesays.com\/lt\/wp-json\/wp\/v2\/posts\/103763","targetHints":{"allow":["GET"]}}],"collection":[{"href":"https:\/\/www.europesays.com\/lt\/wp-json\/wp\/v2\/posts"}],"about":[{"href":"https:\/\/www.europesays.com\/lt\/wp-json\/wp\/v2\/types\/post"}],"author":[{"embeddable":true,"href":"https:\/\/www.europesays.com\/lt\/wp-json\/wp\/v2\/users\/2"}],"replies":[{"embeddable":true,"href":"https:\/\/www.europesays.com\/lt\/wp-json\/wp\/v2\/comments?post=103763"}],"version-history":[{"count":0,"href":"https:\/\/www.europesays.com\/lt\/wp-json\/wp\/v2\/posts\/103763\/revisions"}],"wp:featuredmedia":[{"embeddable":true,"href":"https:\/\/www.europesays.com\/lt\/wp-json\/wp\/v2\/media\/103764"}],"wp:attachment":[{"href":"https:\/\/www.europesays.com\/lt\/wp-json\/wp\/v2\/media?parent=103763"}],"wp:term":[{"taxonomy":"category","embeddable":true,"href":"https:\/\/www.europesays.com\/lt\/wp-json\/wp\/v2\/categories?post=103763"},{"taxonomy":"post_tag","embeddable":true,"href":"https:\/\/www.europesays.com\/lt\/wp-json\/wp\/v2\/tags?post=103763"}],"curies":[{"name":"wp","href":"https:\/\/api.w.org\/{rel}","templated":true}]}}