{"id":104186,"date":"2026-02-12T06:43:06","date_gmt":"2026-02-12T06:43:06","guid":{"rendered":"https:\/\/www.europesays.com\/lt\/104186\/"},"modified":"2026-02-12T06:43:06","modified_gmt":"2026-02-12T06:43:06","slug":"kazachstanas-atsisako-rusu-kalbos-delfi","status":"publish","type":"post","link":"https:\/\/www.europesays.com\/lt\/104186\/","title":{"rendered":"Kazachstanas atsisako rus\u0173 kalbos &#8211; Delfi"},"content":{"rendered":"<p>Si\u016bloma formuluot\u0119, kurioje nurodoma, kad rus\u0173 kalba vartojama \u201elygiai su\u201c kazach\u0173 kalba, pakeisti \u012f \u201e\u0161alia kazach\u0173 kalbos\u201c. Nors pakeitimai yra formalaus pob\u016bd\u017eio, jie atspindi Kazachstano vald\u017eios politik\u0105 ma\u017einti <a rel=\"noopener nofollow\" target=\"_blank\" href=\"https:\/\/www.delfi.lt\/temos\/rusija\" tag-id=\"40342315\">Rusijos<\/a> \u012ftak\u0105 \u0161alies gyvenime.<\/p>\n<p>\u201eKazach\u0173 kalba de facto pama\u017eu tampa pagrindine \u0161alies kalba. Valstyb\u0117s valdyme, \u0161vietime ir vie\u0161ojoje erdv\u0117je vis da\u017eniau vartojama kazach\u0173, o ne rus\u0173 kalba\u201c, \u2013 teigiama Kovos su dezinformacija centro prane\u0161ime.<\/p>\n<p>Nurodoma, kad po plataus masto invazijos \u012f <a rel=\"noopener nofollow\" target=\"_blank\" href=\"https:\/\/www.delfi.lt\/temos\/ukraina\" tag-id=\"21801988\">Ukrain\u0105<\/a> Kazachstanas atsiriboja nuo Rusijos ne tik humanitariniais klausimais. Pavyzd\u017eiui, gruod\u012f Kazachstanas u\u017ekirto keli\u0105 rusams per vietos bankus plauti pinigus ir apeiti sankcijas.<\/p>\n<p>\u201eKol Kremlius sutelk\u0119s d\u0117mes\u012f \u012f <a rel=\"noopener nofollow\" target=\"_blank\" href=\"https:\/\/www.delfi.lt\/temos\/karas-ukrainoje\" tag-id=\"73240966\">kar\u0105<\/a> prie\u0161 Ukrain\u0105, Rusija ir toliau praranda pozicijas Vidurin\u0117je Azijoje\u201c, \u2013 nurod\u0117 centras.<\/p>\n<p>Primenama, kad Rusija u\u017eimtose Ukrainos teritorijose vykdo plataus masto rusifikacijos politik\u0105. Kremlius tikisi, kad iki 2036 m. 95 proc. \u0161alies gyventoj\u0173 save identifikuos kaip \u201erusus\u201c.<\/p>\n<p>Teigiama, kad Ukrainos Auk\u0161\u010diausioji Rada pritar\u0117 nutarimui, kuriuo kei\u010diami Ukrainos paso pavyzd\u017eiai, \u012ftraukiant ir kelion\u0117ms \u012f u\u017esien\u012f skirtus dokumentus. Nuo \u0161iol Ukrainos pilie\u010dio paso knygel\u0117je \u012fra\u0161ai nebus pateikiami rus\u0173 kalba.<\/p>\n<p>Anks\u010diau buvo ra\u0161oma, kad, pasak valstybin\u0117s kalbos apsaugos \u012fgaliotin\u0117s Olenos Ivanovskos, vadinam\u0173j\u0173 \u201ekalbos patruli\u0173\u201c k\u016brimas Ukrainoje n\u0117ra numatytas \u012fstatyme ir toks modelis laikomas neefektyviu.<\/p>\n","protected":false},"excerpt":{"rendered":"Si\u016bloma formuluot\u0119, kurioje nurodoma, kad rus\u0173 kalba vartojama \u201elygiai su\u201c kazach\u0173 kalba, pakeisti \u012f \u201e\u0161alia kazach\u0173 kalbos\u201c. Nors&hellip;\n","protected":false},"author":2,"featured_media":82613,"comment_status":"","ping_status":"","sticky":false,"template":"","format":"standard","meta":{"footnotes":"","_share_on_mastodon":"0"},"categories":[15],"tags":[25,30,31,34,35,24,121,3455,32,33,37,39,36,38,40,23,22,44,28,29,119,26,27,360,74,75,76],"class_list":["post-104186","post","type-post","status-publish","format-standard","has-post-thumbnail","category-pasaulis","tag-antrastes","tag-breaking-news","tag-breakingnews","tag-featured-news","tag-featurednews","tag-headlines","tag-karas-ukrainoje","tag-kazachstanas","tag-latest-news","tag-latestnews","tag-lietuva","tag-lietuviu","tag-lithuania","tag-lithuanian","tag-lt","tag-naujienos","tag-news","tag-pasaulis","tag-populiariausios-naujienos","tag-populiariausiosnaujienos","tag-rusija","tag-top-stories","tag-topstories","tag-ukraina","tag-world","tag-world-news","tag-worldnews"],"share_on_mastodon":{"url":"https:\/\/pubeurope.com\/@lt\/116056306635143204","error":""},"_links":{"self":[{"href":"https:\/\/www.europesays.com\/lt\/wp-json\/wp\/v2\/posts\/104186","targetHints":{"allow":["GET"]}}],"collection":[{"href":"https:\/\/www.europesays.com\/lt\/wp-json\/wp\/v2\/posts"}],"about":[{"href":"https:\/\/www.europesays.com\/lt\/wp-json\/wp\/v2\/types\/post"}],"author":[{"embeddable":true,"href":"https:\/\/www.europesays.com\/lt\/wp-json\/wp\/v2\/users\/2"}],"replies":[{"embeddable":true,"href":"https:\/\/www.europesays.com\/lt\/wp-json\/wp\/v2\/comments?post=104186"}],"version-history":[{"count":0,"href":"https:\/\/www.europesays.com\/lt\/wp-json\/wp\/v2\/posts\/104186\/revisions"}],"wp:featuredmedia":[{"embeddable":true,"href":"https:\/\/www.europesays.com\/lt\/wp-json\/wp\/v2\/media\/82613"}],"wp:attachment":[{"href":"https:\/\/www.europesays.com\/lt\/wp-json\/wp\/v2\/media?parent=104186"}],"wp:term":[{"taxonomy":"category","embeddable":true,"href":"https:\/\/www.europesays.com\/lt\/wp-json\/wp\/v2\/categories?post=104186"},{"taxonomy":"post_tag","embeddable":true,"href":"https:\/\/www.europesays.com\/lt\/wp-json\/wp\/v2\/tags?post=104186"}],"curies":[{"name":"wp","href":"https:\/\/api.w.org\/{rel}","templated":true}]}}