{"id":104763,"date":"2026-02-12T18:39:10","date_gmt":"2026-02-12T18:39:10","guid":{"rendered":"https:\/\/www.europesays.com\/lt\/104763\/"},"modified":"2026-02-12T18:39:10","modified_gmt":"2026-02-12T18:39:10","slug":"pieno-kainos-smuko-pagrindinese-es-eksportuotoju-salyse-tarp-ju-ir-lietuva-respublika-lt","status":"publish","type":"post","link":"https:\/\/www.europesays.com\/lt\/104763\/","title":{"rendered":"Pieno kainos smuko pagrindin\u0117se ES eksportuotoj\u0173 \u0161alyse &#8211; tarp j\u0173 ir Lietuva &#8211; Respublika.lt"},"content":{"rendered":"<p>    \u00d7<\/p>\n<p>    (1\/1) Europos \u017ealiavinio pieno sektorius susiduria su reik\u0161mingu kain\u0173 nuosmukiu. Eltos nuotr. <a href=\"https:\/\/www.respublika.lt\/uploads\/img\/catalog\/1\/photo_1_36017670.jpg\" class=\"swiper-photo-download\" download=\"\" rel=\"nofollow noopener\" target=\"_blank\">Atsisi\u0173sti<\/a><\/p>\n<p><img loading=\"lazy\" decoding=\"async\" src=\"https:\/\/www.respublika.lt\/lt\/naujienos\/lietuva\/verslas\/pieno-kainos-smuko-pagrindinese-es-eksportuotoju-salyse-tarp-ju-ir-lietuvoje\/images\/ico_camera_white.gif\" class=\"camera\" width=\"22\" height=\"15\" alt=\"nuotr.\" style=\"position:relative; top:-2px; right:2px;\"\/> 1 nuotr.<\/p>\n<p>Europos \u017ealiavinio pieno sektorius susiduria su reik\u0161mingu kain\u0173 nuosmukiu. Eltos nuotr.<\/p>\n<p style=\"text-align: left;\">Europos \u017ealiavinio pieno sektorius susiduria su reik\u0161mingu kain\u0173 nuosmukiu. Didieji pieno supirk\u0117jai, tokie kaip \u201eArla\u201c ir \u201eMuller\u201c, \u016bkininkams \u0161iuo metu moka apie 24 proc. ma\u017eiau nei prie\u0161 metus, skelbia BBC.<\/p>\n<p style=\"text-align: justify;\" class=\"desktop_banner\">\u00a0<\/p>\n<p style=\"text-align: left;\">\u00a0<\/p>\n<p style=\"text-align: left;\">Europos S\u0105jungos (ES) Pieno rinkos steb\u0117jimo centro (MMO) duomenimis, 2025 m. gruod\u012f pieno supirkimo kainos ma\u017e\u0117jo ne visose Bendrijos valstyb\u0117se, ta\u010diau ry\u0161kiausias kritimas fiksuotas pagrindin\u0117se pieno eksportuotojose \u2013 Belgijoje, Danijoje, Airijoje, Lietuvoje ir Nyderlanduose.<\/p>\n<p style=\"text-align: left;\">\u0160iose \u0161alyse per metus supirkimo kainos smuko ma\u017edaug ketvirtadaliu.<\/p>\n<p style=\"text-align: left;\">MMO duomenimis, pra\u0117jusi\u0173 met\u0173 gruod\u012f vidutin\u0117 pieno supirkimo kaina ES siek\u0117 48 centus u\u017e kilogram\u0105 \u2013 12 proc. ma\u017eiau nei prie\u0161 metus. I\u0161ankstiniai duomenys rodo, kad kain\u0173 ma\u017e\u0117jimas t\u0119s\u0117si ir saus\u012f.<\/p>\n<p style=\"text-align: left;\">Analitik\u0173 teigimu, nuo 2025 m. rugs\u0117jo Europos rinkose nuosekliai ma\u017e\u0117jo bir\u017eini\u0173 pieno produkt\u0173 \u2013 pirmiausia sviesto ir lieso pieno milt\u0173 \u2013 kainos.<\/p>\n<p style=\"text-align: left;\">\u201eRabobank\u201c nurodo, kad \u0161i tendencija i\u0161liko vis\u0105 paskutin\u012fj\u012f pra\u0117jusi\u0173 met\u0173 ketvirt\u012f, kai pagrindini\u0173 pieno produkt\u0173 kainos bir\u017eose smarkiai smuko d\u0117l perteklin\u0117s pasi\u016blos ir vangios paklausos pagrindin\u0117se eksporto rinkose.<\/p>\n<p style=\"text-align: left;\">Nuo 2025 m. rugs\u0117jo iki met\u0173 pabaigos \u017ealiavinio pieno kaina labiausiai krito Nyderlanduose (22 proc.), Belgijoje (20 proc.) ir Danijoje (16 proc.).<\/p>\n<p style=\"text-align: left;\">Lietuvoje ir Vokietijoje kainos suma\u017e\u0117jo po 14 proc., Airijoje \u2013 10 proc.<\/p>\n<p style=\"text-align: left;\">D\u0117l susidariusio pasi\u016blos ir paklausos disbalanso ES sand\u0117liuose kaupiasi atsargos, o perdirb\u0117jai priversti ma\u017einti \u017ealiavinio pieno supirkimo kainas.<\/p>\n<p style=\"text-align: left;\">Did\u017eiausi\u0105 spaudim\u0105 patiria \u0161alys eksportuotojos, kuri\u0173 sektoriaus rezultatai tiesiogiai priklauso nuo pasaulini\u0173 rink\u0173 svyravim\u0173.<\/p>\n<p>Patiko straipsnis? Leisk mums apie tai su\u017einoti. Nepamir\u0161k pasidalinti Facebook! <\/p>\n<p><img loading=\"lazy\" decoding=\"async\" class=\"p2_social_circle_icon\" src=\"https:\/\/www.respublika.lt\/images\/thumbs_up.svg\" width=\"21\" height=\"22\" alt=\"L\"\/><\/p>\n<p><img loading=\"lazy\" decoding=\"async\" class=\"p2_social_circle_icon\" src=\"https:\/\/www.respublika.lt\/images\/facebook.svg\" alt=\"F\" width=\"22\" height=\"22\" style=\"filter: invert(37%) sepia(55%) saturate(2351%) hue-rotate(187deg) brightness(102%) contrast(106%);\"\/><\/p>\n<p>&#13;<br \/>\n\tNesutinkate &#8211; diskutuokime!<br \/>&#13;<br \/>\n\tNepykite komentatoriai, bet komentarai su keiksma\u017eod\u017eiais bus \u0161alinami automati\u0161kai, be atsipra\u0161ymo.\n    <\/p>\n<p>&#13;<br \/>\n              Respublika.lt pasilieka teis\u0119 pa\u0161alinti nekult\u016bringus, keiksma\u017eod\u017eiais pagardintus, su tema nesusijusius, kito asmens vardu pasira\u0161ytus, \u012fstatymus pa\u017eeid\u017eian\u010dius, \u0161lam\u0161t\u0105 reklamuojan\u010dius ar nusikalsti kurstan\u010dius komentarus. Jei kurstysite smurt\u0105, rasin\u0119, tautin\u0119, religin\u0119 ar kitokio pob\u016bd\u017eio neapykant\u0105, \u017evirbliu i\u0161skrid\u0119 j\u016bs\u0173 \u017eod\u017eiai gr\u012f\u017edami gali virsti ton\u0105 sverian\u010diu jau\u010diu &#8211; specialiosioms Lietuvos tarnyboms pareikalavus suteiksime j\u016bs\u0173 duomenis.\n            <\/p>\n","protected":false},"excerpt":{"rendered":"\u00d7 (1\/1) Europos \u017ealiavinio pieno sektorius susiduria su reik\u0161mingu kain\u0173 nuosmukiu. Eltos nuotr. Atsisi\u0173sti 1 nuotr. Europos \u017ealiavinio&hellip;\n","protected":false},"author":2,"featured_media":104764,"comment_status":"","ping_status":"","sticky":false,"template":"","format":"standard","meta":{"footnotes":"","_share_on_mastodon":"0"},"categories":[17],"tags":[81,251,672,3672,37,39,36,38,40,20501,2805,17209,46],"class_list":["post-104763","post","type-post","status-publish","format-standard","has-post-thumbnail","category-verslas","tag-business","tag-eksportas","tag-es","tag-kaina","tag-lietuva","tag-lietuviu","tag-lithuania","tag-lithuanian","tag-lt","tag-mmo","tag-pienas","tag-supirkimas","tag-verslas"],"share_on_mastodon":{"url":"https:\/\/pubeurope.com\/@lt\/116059122111444354","error":""},"_links":{"self":[{"href":"https:\/\/www.europesays.com\/lt\/wp-json\/wp\/v2\/posts\/104763","targetHints":{"allow":["GET"]}}],"collection":[{"href":"https:\/\/www.europesays.com\/lt\/wp-json\/wp\/v2\/posts"}],"about":[{"href":"https:\/\/www.europesays.com\/lt\/wp-json\/wp\/v2\/types\/post"}],"author":[{"embeddable":true,"href":"https:\/\/www.europesays.com\/lt\/wp-json\/wp\/v2\/users\/2"}],"replies":[{"embeddable":true,"href":"https:\/\/www.europesays.com\/lt\/wp-json\/wp\/v2\/comments?post=104763"}],"version-history":[{"count":0,"href":"https:\/\/www.europesays.com\/lt\/wp-json\/wp\/v2\/posts\/104763\/revisions"}],"wp:featuredmedia":[{"embeddable":true,"href":"https:\/\/www.europesays.com\/lt\/wp-json\/wp\/v2\/media\/104764"}],"wp:attachment":[{"href":"https:\/\/www.europesays.com\/lt\/wp-json\/wp\/v2\/media?parent=104763"}],"wp:term":[{"taxonomy":"category","embeddable":true,"href":"https:\/\/www.europesays.com\/lt\/wp-json\/wp\/v2\/categories?post=104763"},{"taxonomy":"post_tag","embeddable":true,"href":"https:\/\/www.europesays.com\/lt\/wp-json\/wp\/v2\/tags?post=104763"}],"curies":[{"name":"wp","href":"https:\/\/api.w.org\/{rel}","templated":true}]}}