{"id":104920,"date":"2026-02-13T00:40:18","date_gmt":"2026-02-13T00:40:18","guid":{"rendered":"https:\/\/www.europesays.com\/lt\/104920\/"},"modified":"2026-02-13T00:40:18","modified_gmt":"2026-02-13T00:40:18","slug":"ar-pavyks-priplaukti-iki-m-k-ciurlionio-koncertu-sales-kaip-pavaizduota-vizualizacijose","status":"publish","type":"post","link":"https:\/\/www.europesays.com\/lt\/104920\/","title":{"rendered":"Ar pavyks priplaukti iki M. K. \u010ciurlionio koncert\u0173 sal\u0117s kaip pavaizduota vizualizacijose?"},"content":{"rendered":"<p><a href=\"https:\/\/kaunas.kasvyksta.lt\/statybos\/autokausta-pradejo-m-k-ciurlionio-koncertu-centro-statybas\" target=\"_self\" rel=\"nofollow noopener\">\u201eAutokaustai\u201c prad\u0117jus M. K. \u010ciurlionio koncert\u0173 sal\u0117s statybas<\/a>, architekt\u016brinio konkurso nugal\u0117tojai \u017eada, jog gyventojams bus sudaryta galimyb\u0117 priplaukti prie koncert\u0173 sal\u0117s. Visgi \u201eKas vyksta Kaune\u201c skaitytojas atkreip\u0117 d\u0117mes\u012f, jog n\u0117ra visi\u0161kai ai\u0161ku, kaip bus \u012fgyvendinta \u0161i id\u0117ja.Sausio 30 d. <a href=\"https:\/\/kaunas.kasvyksta.lt\/kauno-miesto-savivaldybe\" title=\"Kauno miesto savivaldyb\u0117\" rel=\"nofollow noopener\" target=\"_blank\">Kauno miesto savivaldyb\u0117<\/a> i\u0161platino prane\u0161im\u0105 spaudai apie planuojamas M. K. \u010ciurlionio koncert\u0173 sal\u0117s statybas. Prane\u0161ime skelbiama, jog M. K. \u010ciurlionio koncert\u0173 centro architekt\u016brinio konkurso nugal\u0117toja \u2013 jungtin\u0117 \u201ePaleko archstudijos\u201c ir \u012fmoni\u0173 grup\u0117s \u201eBE LIVE\u201c bendrov\u0117s \u201eBaltic Engineers\u201c komanda.<\/p>\n<p>Savivaldyb\u0117s vie\u0161\u0173j\u0173 ry\u0161i\u0173 skyriaus pakalbintas \u201eBE LIVE\u201c \u012fmoni\u0173 grup\u0117s vadovas Darius Kvedaras papasakojo apie planuojamo objekto i\u0161skirtinumus. Vienas i\u0161 \u0161i\u0173 i\u0161skirtinum\u0173 \u2013 vizualizacijose matyti, jog sve\u010diai tur\u0117s galimyb\u0119 \u012f M. K. \u010ciurlionio koncert\u0173 centr\u0105 atplaukti net ir savo laiveliais.<\/p>\n<p>\u201ePrieplauka prie M. K. \u010ciurlionio koncert\u0173 centro buvo si\u016bloma nuo pat konkursinio projekto \u2013 tikime, kad galimyb\u0117 pasiekti prie pat vandens esant\u012f statin\u012f laiveliais bus naudinga ne tik koncert\u0173 centro lankytojams, bet ir bendrai skatinant aktyvesn\u012f Kauno gyventoj\u0173 santyk\u012f su miesto up\u0117mis\u201c,\u2013 teigia D. Kvedaras.<\/p>\n<p><img decoding=\"async\" width=\"500\" height=\"280\" loading=\"lazy\" src=\"https:\/\/www.europesays.com\/lt\/wp-content\/uploads\/2026\/02\/vizualizacija3.jpg@webp.webp\" class=\"w-auto h-auto\" alt=\"M. K. \u010ciurlionio koncert\u0173 centro projektas\"\/><\/p>\n<p>M. K. \u010ciurlionio koncert\u0173 centro projektas \/ kaunas.lt nuotr.<\/p>\n<p>Suabejojo pa\u017eadais<\/p>\n<p>Tokiais architekt\u0173 pa\u017eadais suabejojo \u201eKas vyksta Kaune\u201c skaitytojas Arnoldas. Jis atkreip\u0117 d\u0117mes\u012f, jog jau dabar objekto teritorijoje laivais neplaukiojama.<\/p>\n<p>\u201eSituacija tokia, kad tiek vizualizacijose, tiek straipsnyje yra nurodyta, kad koncert\u0173 centras bus apsuptas vandens ir anot ka\u017eko ra\u0161iusio straipsn\u012f ir ka\u017ek\u0105 kalbinusio yra \u201etikima&#8221; , jog prie jo galima priplaukti, ta\u010diau tai nerealu, kadangi tose vietose 90 proc. met\u0173 laiko yra pievos. Net ir atlyd\u017eio laikotarpiais, kai tirpsta sniegas, tai vyksta trumpai ir niekas laivais tuo metu neplaukioja\u201c,\u2013 pastebi Arnoldas.<\/p>\n<p>Skaitytojas taip pat pasidalino Vidaus vandens keli\u0173 direkcijos (VVKD) nubr\u0117\u017etu oficialiu vandens keliu, leid\u017eian\u010diu laivyb\u0105. Matyti, jog \u0161iuo metu laivybos kelio, vedan\u010dio link M. K. \u010ciurlionio koncert\u0173 sal\u0117s, net n\u0117ra, o norint tok\u012f keli\u0105 sudaryti, reik\u0117t\u0173 rimt\u0173 investicij\u0173.<\/p>\n<p>\u201eKol kas straipsnyje yra tuo tiesiog \u201etikima&#8221;, bet ar tai jie darys, kaip jie darys ir kiek tai kainuos, niekur nenurodyta. Nes kol kas, atrodo, jog tam, kad \u0161i\u0105 id\u0117j\u0105 jie realizuot\u0173, reik\u0117s sugeb\u0117ti stipriai pakelti up\u0117s lyg\u012f arba sumok\u0117ti kr\u016bv\u0105 pinig\u0173 d\u0117l funkcijos, kuri neai\u0161ku kaip bus \u012fgyvendinta\u201c,\u2013 teigia skaitytojas.<\/p>\n<p><img decoding=\"async\" width=\"500\" height=\"280\" loading=\"lazy\" src=\"https:\/\/www.europesays.com\/lt\/wp-content\/uploads\/2026\/02\/laivybos-kelias-vvkd-ekrano-nuotr-698c5bdb411a3.png@webp.webp\" class=\"w-auto h-auto\" alt=\"Laivybos kelias (VVKD ekrano nuotr.)\"\/><\/p>\n<p>Up\u0117s negilins<\/p>\n<p>Portalo \u201eKas vyksta Kaune\u201c \u017eurnalistai kreip\u0117si \u012f Kauno miesto savivaldyb\u0119 \u2013 klaus\u0117me, ar reguliari <a href=\"https:\/\/kaunas.kasvyksta.lt\/laivyba\" title=\"Laivyba\" rel=\"nofollow noopener\" target=\"_blank\">laivyba<\/a> tikrai bus \u012fmanoma bei koki\u0173 priemoni\u0173 bus imtasi, kad b\u016bt\u0173 sudaryta galimyb\u0117 priplaukti iki koncert\u0173 sal\u0117s. Taip pat klaus\u0117me, kiek l\u0117\u0161\u0173 gali prireikti, siekiant sudaryti galimyb\u0119 priplaukti iki koncert\u0173 sal\u0117s. Savivaldyb\u0117s atstovai atsak\u0117 ne \u012f visus klausimus, ta\u010diau patikino, jog artimiausiu metu up\u0117s nebus gilinama, o \u0161iame projekto etape apie priplaukim\u0105 iki koncert\u0173 sal\u0117s nesvarstoma.<\/p>\n<p>\u201eM. K. \u010ciurlionio koncert\u0173 centras bus statomas etapais. Pirmiausia d\u0117mesys skiriamas pastato statybai. \u012e \u0161\u012f etap\u0105 prieplaukos \u012frengimas nepatenka, tod\u0117l artimiausiu metu gilinti up\u0117s neplanuojama. Visi prieplaukai reikalingi procesai bus atliekami lygiagre\u010diai art\u0117jant statinio statyb\u0173 pabaigai.<\/p>\n<p>Esmin\u0117 koncert\u0173 centro funkcija \u2013 galimyb\u0117 organizuoti auk\u0161\u010diausio lygio klasikin\u0117s muzikos pasirodymus, taip pat ir kitus renginius, pritraukti pasaulinio lygio atlik\u0117jus, didinti tarptautin\u012f \u017einomum\u0105. M. K. \u010ciurlionio koncert\u0173 centrui prieplauka suteiks i\u0161skirtinumo ir galimyb\u0119 \u017ei\u016brovams \u012f renginius atvykti vandens keliu\u201c,\u2013 portalui nurod\u0117 Kauno miesto savivaldyb\u0117s administracijos Statybos valdymo skyriaus ved\u0117jas Paulius Pachomovas.<\/p>\n<p>Muzikai, kult\u016brai ir renginiams<\/p>\n<p>M. K. \u010ciurlionio koncert\u0173 centro statybos buvo prad\u0117tos \u0161i\u0173 met\u0173 sausio 5 d., kairiajame Nemuno krante, H. ir O. Minkovski\u0173 g. 31 sklype.<\/p>\n<p>Objekt\u0105 prad\u0117ta statyti kone pusme\u010diu v\u0117liau nei planuota, nes <a href=\"https:\/\/kaunas.kasvyksta.lt\/2025\/08\/26\/statybos\/92-mln-euru-vertes-m-k-ciurlionio-koncertu-rumu-kaune-rangovo-konkursas-lieka-sustabdytas\/\" rel=\"nofollow noopener\" target=\"_blank\">teismas buvo sustabd\u0119s M. K. \u010ciurlionio koncert\u0173 centro rangovo konkurs\u0105<\/a>.<a href=\"https:\/\/kaunas.kasvyksta.lt\/2025\/11\/11\/statybos\/teismas-prieme-autokaustai-palanku-sprendima-del-brangiausio-kauno-pastato-statybos\/\" rel=\"nofollow noopener\" target=\"_blank\">Statyboms startas duotas lapkrit\u012f<\/a>, o pra\u0117jusi\u0173 met\u0173 pabaigoje, oficialiai \u012fsigaliojus sudarytai rangos darb\u0173 sutar\u010diai, statybviet\u0117je pasirod\u0117 pirmoji sunkioji technika, i\u0161kilo segmentin\u0117s tvoros.<\/p>\n<p>\u201eArtimiausiu metu darb\u0173 zonoje numatytas grunto u\u017epylimas, statybviet\u0117s \u012frengimas. V\u0117liau lauks kiti procesai. Kiekvienos statybos yra i\u0161\u0161\u016bkis, ta\u010diau \u012f juos \u017evelgiame profesionaliai ir s\u0117kmingai su jais susitvarkome\u201c, \u2013 teigia Kauno savivaldyb\u0117s prane\u0161ime \u017einiasklaidai cituojamas \u201eAutokausta\u201c statyb\u0173 vadovas Romas Stonkus.<\/p>\n<p>Objekt\u0105 prad\u0117ta statyti kone pusme\u010diu v\u0117liau nei planuota, nes teismas buvo sustabd\u0119s M. K. \u010ciurlionio koncert\u0173 centro rangovo konkurs\u0105. Statyboms startas duotas lapkrit\u012f, o pra\u0117jusi\u0173 met\u0173 pabaigoje, oficialiai \u012fsigaliojus sudarytai rangos darb\u0173 sutar\u010diai, statybviet\u0117je pasirod\u0117 pirmoji sunkioji technika, i\u0161kilo segmentin\u0117s tvoros.<\/p>\n<p>\u201eArtimiausiu metu darb\u0173 zonoje numatytas grunto u\u017epylimas, statybviet\u0117s \u012frengimas. V\u0117liau lauks kiti procesai. Kiekvienos statybos yra i\u0161\u0161\u016bkis, ta\u010diau \u012f juos \u017evelgiame profesionaliai ir s\u0117kmingai su jais susitvarkome\u201c, \u2013 teigia Kauno savivaldyb\u0117s prane\u0161ime \u017einiasklaidai cituojamas \u201eAutokausta\u201c statyb\u0173 vadovas Romas Stonkus.<\/p>\n<p>Daugiau kaip 4 hektar\u0173 sklype \u017demojoje Fredoje, H. ir O. Minkovski\u0173 g. 31, i\u0161kils A++ energinio naudingumo klas\u0117s, 25 metr\u0173 auk\u0161\u010dio ir beveik 23 t\u016bkst. kvadratini\u0173 metr\u0173 bendro ploto stiklu gaubtas pastatas. Jame numatyta keli\u0173 \u0161imt\u0173 viet\u0173 po\u017eemin\u0117 automobili\u0173 stov\u0117jimo aik\u0161tel\u0117. Anot Kauno miesto savivaldyb\u0117s, apie pusantro \u0161imto papildom\u0173 viet\u0173 parkavimui suplanuota ir greta statinio.<\/p>\n<p>I\u0161skirtiniame pastate i\u0161siteks dvi modernios sal\u0117s. Pagrindin\u0117 talpins apie pusantro t\u016bkstan\u010dio \u017ei\u016brov\u0173 ir bus pritaikyta klasikin\u0117s muzikos koncertams, operet\u0117ms bei kitiems nat\u016bralios akustikos pasirodymams.<\/p>\n<p>Antroji \u2013 daugiafunkc\u0117 erdv\u0117 su vaizdu \u012f Nemun\u0105 ir bema\u017e 700 viet\u0173. \u010cia bus galimyb\u0117 keisti sal\u0117s akustines savybes, tod\u0117l gal\u0117s vykti koncertai, konferencijos, parodos bei kiti renginiai.<\/p>\n<p>\u201eKas vyksta Kaune\u201c jau ra\u0161\u0117, jog <a href=\"https:\/\/kaunas.kasvyksta.lt\/gamta\/naujos-autokaustos-statybos-kaune-prasidejo-nuo-medziu-pjovimo\" target=\"_self\" rel=\"nofollow noopener\">naujosios statybos buvo prad\u0117tos nuo med\u017ei\u0173 kirtimo<\/a>.<\/p>\n","protected":false},"excerpt":{"rendered":"\u201eAutokaustai\u201c prad\u0117jus M. K. \u010ciurlionio koncert\u0173 sal\u0117s statybas, architekt\u016brinio konkurso nugal\u0117tojai \u017eada, jog gyventojams bus sudaryta galimyb\u0117 priplaukti&hellip;\n","protected":false},"author":2,"featured_media":104921,"comment_status":"","ping_status":"","sticky":false,"template":"","format":"standard","meta":{"footnotes":"","_share_on_mastodon":"0"},"categories":[13],"tags":[25,12747,30,31,34,35,24,1061,4094,727,32,33,37,39,36,38,40,17000,23,5674,22,28,29,19966,2822,26,27],"class_list":["post-104920","post","type-post","status-publish","format-standard","has-post-thumbnail","category-lietuva","tag-antrastes","tag-autokausta","tag-breaking-news","tag-breakingnews","tag-featured-news","tag-featurednews","tag-headlines","tag-kaunas","tag-kauno-miesto-savivaldybe","tag-laivyba","tag-latest-news","tag-latestnews","tag-lietuva","tag-lietuviu","tag-lithuania","tag-lithuanian","tag-lt","tag-m-k-ciurlionio-koncertu-centras","tag-naujienos","tag-nemunas","tag-news","tag-populiariausios-naujienos","tag-populiariausiosnaujienos","tag-rekomenduojame","tag-statybos","tag-top-stories","tag-topstories"],"share_on_mastodon":{"url":"https:\/\/pubeurope.com\/@lt\/116060541571564190","error":""},"_links":{"self":[{"href":"https:\/\/www.europesays.com\/lt\/wp-json\/wp\/v2\/posts\/104920","targetHints":{"allow":["GET"]}}],"collection":[{"href":"https:\/\/www.europesays.com\/lt\/wp-json\/wp\/v2\/posts"}],"about":[{"href":"https:\/\/www.europesays.com\/lt\/wp-json\/wp\/v2\/types\/post"}],"author":[{"embeddable":true,"href":"https:\/\/www.europesays.com\/lt\/wp-json\/wp\/v2\/users\/2"}],"replies":[{"embeddable":true,"href":"https:\/\/www.europesays.com\/lt\/wp-json\/wp\/v2\/comments?post=104920"}],"version-history":[{"count":0,"href":"https:\/\/www.europesays.com\/lt\/wp-json\/wp\/v2\/posts\/104920\/revisions"}],"wp:featuredmedia":[{"embeddable":true,"href":"https:\/\/www.europesays.com\/lt\/wp-json\/wp\/v2\/media\/104921"}],"wp:attachment":[{"href":"https:\/\/www.europesays.com\/lt\/wp-json\/wp\/v2\/media?parent=104920"}],"wp:term":[{"taxonomy":"category","embeddable":true,"href":"https:\/\/www.europesays.com\/lt\/wp-json\/wp\/v2\/categories?post=104920"},{"taxonomy":"post_tag","embeddable":true,"href":"https:\/\/www.europesays.com\/lt\/wp-json\/wp\/v2\/tags?post=104920"}],"curies":[{"name":"wp","href":"https:\/\/api.w.org\/{rel}","templated":true}]}}