{"id":105033,"date":"2026-02-13T06:25:28","date_gmt":"2026-02-13T06:25:28","guid":{"rendered":"https:\/\/www.europesays.com\/lt\/105033\/"},"modified":"2026-02-13T06:25:28","modified_gmt":"2026-02-13T06:25:28","slug":"the-atlantic-ukraina-gali-sutikti-isvesti-kariuomene-is-donbaso","status":"publish","type":"post","link":"https:\/\/www.europesays.com\/lt\/105033\/","title":{"rendered":"\u201eThe Atlantic\u201c: Ukraina gali sutikti i\u0161vesti kariuomen\u0119 i\u0161 Donbaso"},"content":{"rendered":"<p>Kad toks kompromisas \u012fgyt\u0173 teis\u0117t\u0105 status\u0105, Kyjive svarstoma pavasar\u012f surengti referendum\u0105. Jo metu ukrainie\u010diams gal\u0117t\u0173 b\u016bti pasi\u016blyta balsuoti u\u017e arba prie\u0161 taikos plan\u0105, kuriame b\u016bt\u0173 numatytos teritorin\u0117s nuolaidos, skelbia \u201eThe Moscow Times\u201c.<\/p>\n<p>Pasak \u201eThe Atlantic\u201c \u0161altini\u0173, Ukrainos prezidento kanceliarijos vadovas <a rel=\"noopener nofollow\" target=\"_blank\" href=\"https:\/\/www.delfi.lt\/temos\/kyryla-budanovas\" tag-id=\"93711559\">Kyrylo Budanovas<\/a> su patar\u0117jais aptaria galimo kariuomen\u0117s i\u0161vedimo i\u0161 Donbaso teisinius ir praktinius aspektus. Anot vieno \u0161altinio, ie\u0161koma b\u016bd\u0173, kaip u\u017etikrinti, kad Rusijos paj\u0117gos ne\u012f\u017eengt\u0173 \u012f paliekamas teritorijas, taip pat kaip \u012ftikinti visuomen\u0119 pritarti tokiam susitarimui.<\/p>\n<p>V. Zelenskis interviu \u201eThe Atlantic\u201c patvirtino, kad referendumas gal\u0117t\u0173 vykti kartu su prezidento rinkimais. Ta\u010diau jis pabr\u0117\u017e\u0117, jog tai turi b\u016bti palankus ir naudingas susitarimas.<\/p>\n<p>Ukrainos prezidentas taip pat akcentavo, kad svarbiausias \u017eingsnis link taikos \u2013 saugumo garantijos i\u0161 <a rel=\"noopener nofollow\" target=\"_blank\" href=\"https:\/\/www.delfi.lt\/temos\/jav\" tag-id=\"39295467\">JAV<\/a> ir Europos, kurios apsaugot\u0173 Ukrain\u0105 nuo galimos Rusijos agresijos ateityje. Prie\u0161ingu atveju paliaubos daugeliui ukrainie\u010di\u0173 atrodyt\u0173 beprasm\u0117s, nes suteikt\u0173 Rusijai galimyb\u0119 pasirengti naujam \u012fsiver\u017eimui.<\/p>\n<p>Paskutinis Rusijos ir Ukrainos deryb\u0173 etapas Abu Dabyje baig\u0117si be pa\u017eangos teritoriniu klausimu. Maskva taip pat vie\u0161ai nerodo pasirengimo sutikti su Europos kari\u0173 dislokavimu Ukrainos teritorijoje.<\/p>\n<p>Ta\u010diau, kaip ra\u0161o \u201eThe Atlantic\u201c, ukrainie\u010diai jau\u010dia, kad laikas senka. Art\u0117jantis rinkim\u0173 sezonas Jungtin\u0117se Valstijose vis labiau atitraukia JAV prezidento Donaldo Trumpo d\u0117mes\u012f, ir jis gali nuspr\u0119sti, kad derybos jam yra politi\u0161kai nepalankios. D. Trumpas gal\u0117t\u0173 pasitraukti i\u0161 deryb\u0173 proceso, d\u0117l nes\u0117km\u0117s kaltindamas diplomatus, Maskv\u0105, Kyjiv\u0105 ar abi konflikto puses.<\/p>\n","protected":false},"excerpt":{"rendered":"Kad toks kompromisas \u012fgyt\u0173 teis\u0117t\u0105 status\u0105, Kyjive svarstoma pavasar\u012f surengti referendum\u0105. Jo metu ukrainie\u010diams gal\u0117t\u0173 b\u016bti pasi\u016blyta balsuoti&hellip;\n","protected":false},"author":2,"featured_media":105034,"comment_status":"","ping_status":"","sticky":false,"template":"","format":"standard","meta":{"footnotes":"","_share_on_mastodon":"0"},"categories":[15],"tags":[25,30,31,9603,34,35,24,223,7736,32,33,37,39,36,38,40,23,22,44,28,29,119,26,27,360,971,74,75,76],"class_list":["post-105033","post","type-post","status-publish","format-standard","has-post-thumbnail","category-pasaulis","tag-antrastes","tag-breaking-news","tag-breakingnews","tag-doneckas","tag-featured-news","tag-featurednews","tag-headlines","tag-jav","tag-kyryla-budanovas","tag-latest-news","tag-latestnews","tag-lietuva","tag-lietuviu","tag-lithuania","tag-lithuanian","tag-lt","tag-naujienos","tag-news","tag-pasaulis","tag-populiariausios-naujienos","tag-populiariausiosnaujienos","tag-rusija","tag-top-stories","tag-topstories","tag-ukraina","tag-volodymyras-zelenskis","tag-world","tag-world-news","tag-worldnews"],"share_on_mastodon":{"url":"https:\/\/pubeurope.com\/@lt\/116061898217374266","error":""},"_links":{"self":[{"href":"https:\/\/www.europesays.com\/lt\/wp-json\/wp\/v2\/posts\/105033","targetHints":{"allow":["GET"]}}],"collection":[{"href":"https:\/\/www.europesays.com\/lt\/wp-json\/wp\/v2\/posts"}],"about":[{"href":"https:\/\/www.europesays.com\/lt\/wp-json\/wp\/v2\/types\/post"}],"author":[{"embeddable":true,"href":"https:\/\/www.europesays.com\/lt\/wp-json\/wp\/v2\/users\/2"}],"replies":[{"embeddable":true,"href":"https:\/\/www.europesays.com\/lt\/wp-json\/wp\/v2\/comments?post=105033"}],"version-history":[{"count":0,"href":"https:\/\/www.europesays.com\/lt\/wp-json\/wp\/v2\/posts\/105033\/revisions"}],"wp:featuredmedia":[{"embeddable":true,"href":"https:\/\/www.europesays.com\/lt\/wp-json\/wp\/v2\/media\/105034"}],"wp:attachment":[{"href":"https:\/\/www.europesays.com\/lt\/wp-json\/wp\/v2\/media?parent=105033"}],"wp:term":[{"taxonomy":"category","embeddable":true,"href":"https:\/\/www.europesays.com\/lt\/wp-json\/wp\/v2\/categories?post=105033"},{"taxonomy":"post_tag","embeddable":true,"href":"https:\/\/www.europesays.com\/lt\/wp-json\/wp\/v2\/tags?post=105033"}],"curies":[{"name":"wp","href":"https:\/\/api.w.org\/{rel}","templated":true}]}}